{"id":11253,"date":"2020-09-10T22:48:11","date_gmt":"2020-09-11T01:48:11","guid":{"rendered":"https:\/\/obeabadosertao.com.br\/portal\/?p=11253"},"modified":"2020-09-10T22:48:33","modified_gmt":"2020-09-11T01:48:33","slug":"coordenador-da-funai-morre-apos-levar-flechada-de-indio","status":"publish","type":"post","link":"https:\/\/obeabadosertao.com.br\/portal\/2020\/09\/10\/coordenador-da-funai-morre-apos-levar-flechada-de-indio\/","title":{"rendered":"Coordenador da Funai morre ap\u00f3s levar flechada de \u00edndio"},"content":{"rendered":"<div id=\"tt-temp-estim\">Tempo de leitura: 2 minutos<\/div><p><span style=\"color: #000080;\"><strong><em>Coordenador da Funai morre ap\u00f3s levar flechada em Rond\u00f4nia, diz pol\u00edcia.\u00a0Rieli Franciscato era um indigenista refer\u00eancia no \u00f3rg\u00e3o.<\/em><\/strong><\/span><\/p>\n<p>O coordenador da Frente de Prote\u00e7\u00e3o Etnoambiental Uru-Eu-Wau-Wau (FPEUEWW) da Funda\u00e7\u00e3o Nacional do \u00cdndio (Funai), Rieli Franciscato, de 56 anos, considerado como um importante indigenista brasileiro especialista em povos isolados da Amaz\u00f4nia, morreu nesta quarta-feira (09Setembro2020), ap\u00f3s ser atingido por uma flechada no peito, disparada por ind\u00edgenas isolados em Rond\u00f4nia, enquanto se aproximava de um grupo ind\u00edgena que ele pretendia proteger, disseram amigos da v\u00edtima e um policial que testemunhou o incidente, nesta quinta-feira(10Setembro2020).<img fetchpriority=\"high\" decoding=\"async\" class=\"size-full aligncenter\" src=\"https:\/\/obeabadosertao.com.br\/filerun\/wl\/?id=yPUOpb3tn5tVlpc7JjU6Uwpbq2H2YeYD\" width=\"700\" height=\"500\" \/>Rieli Franciscato, trabalhava na Funai buscando a cria\u00e7\u00e3o de reservas para proteger povos ind\u00edgenas isolados do contato com a sociedade. <em>Rieli Franciscato<\/em> foi morto ao tentar impedir um conflito entre ind\u00edgenas e invasores na zona rural nas proximidades da Linha 6, em Seringueiras (RO).<\/p>\n<p>Na quarta-feira (09Setembro2020), ao se locomover para perto de um grupo ind\u00edgena at\u00e9 ent\u00e3o n\u00e3o contactado, ele foi atingido por uma flecha acima do cora\u00e7\u00e3o em uma floresta pr\u00f3xima \u00e0 reserva Uru Eu Wau Wau, no Estado de Rond\u00f4nia, perto da fronteira com a Bol\u00edvia.<img decoding=\"async\" class=\"size-full aligncenter\" src=\"https:\/\/obeabadosertao.com.br\/filerun\/wl\/?id=Pz7BT31OjolpG0ifH0SqiGy3KskrIxS1\" width=\"700\" height=\"500\" \/><\/p>\n<p>\u201c<em>Ele gritou, arrancou a flecha do peito, correu 50 metros e desabou, sem vida<\/em>\u201d, disse um policial que acompanhava a expedi\u00e7\u00e3o em \u00e1udio postado nas redes sociais.<\/p>\n<p>A Associa\u00e7\u00e3o de Defesa Etnoambiental Kanind\u00e9, que ele ajudou a fundar na d\u00e9cada de 1980, disse que o grupo ind\u00edgena n\u00e3o tinha capacidade de distinguir entre um amigo ou um inimigo do mundo exterior.<\/p>\n<p>Rieli era um dos melhores funcion\u00e1rios da Funai. Ele era muito cuidadoso, sempre met\u00f3dico, um homem calmo, de fala mansa. Ele foi pedir ajuda \u00e0 policia porque n\u00e3o tinha funcion\u00e1rios, s\u00f3 tinha um rapaz ind\u00edgena com ele<em>.<\/em><\/p>\n<p>A Pol\u00edcia abriu inqu\u00e9rito para apurar o caso.<img decoding=\"async\" class=\"size-full aligncenter\" src=\"https:\/\/obeabadosertao.com.br\/filerun\/wl\/?id=pN3l9nsEgwOFQWBe9j7vfTRQG6mEMQ2S\" width=\"700\" height=\"500\" \/><\/p>\n<h3><span style=\"color: #000080;\"><strong>Nota de pesar<\/strong><\/span><\/h3>\n<p class=\"texto\">A Funai publicou uma nota de pesar sobre a morte de Rieli. Leia na \u00edntegra:<\/p>\n<p class=\"texto\"><em>&#8220;A Funda\u00e7\u00e3o Nacional do \u00cdndio (Funai) vem a p\u00fablico comunicar, com imenso pesar, o falecimento do servidor Rieli Franciscato, aos 56 anos, nesta quarta-feira (09), em Seringueiras, estado de Rond\u00f4nia. A funda\u00e7\u00e3o tamb\u00e9m informa que acompanha o caso. Rieli era coordenador da Frente de Prote\u00e7\u00e3o Etnoambiental Uru Eu Wau Wau e somava mais de 30 anos de dedica\u00e7\u00e3o \u00e0 prote\u00e7\u00e3o dos \u00edndios isolados no Brasil.<\/em><\/p>\n<p class=\"texto\"><em>&#8220;Rieli dedicou a vida \u00e0 causa ind\u00edgena. Com mais de tr\u00eas d\u00e9cadas de servi\u00e7os prestados na \u00e1rea, deixa um imenso legado para a pol\u00edtica de prote\u00e7\u00e3o desses povos&#8221;, afirma o coordenador-geral de \u00cdndios Isolados e de Recente Contato da Funai, Ricardo Lopes Dias.<\/em><\/p>\n<p class=\"texto\"><em>A funda\u00e7\u00e3o lamenta profundamente a perda e manifesta solidariedade aos familiares e colegas do servidor. As equipes da Coordena\u00e7\u00e3o Geral de \u00cdndios Isolados e de Recente Contato (CGIIRC) e das Frentes de Prote\u00e7\u00e3o Etnoambiental se despedem de Rieli com carinho, respeito e admira\u00e7\u00e3o.&#8221;<\/em><\/p>\n","protected":false},"excerpt":{"rendered":"<p>Tempo de leitura: 2 minutosCoordenador da Funai morre ap\u00f3s levar flechada em Rond\u00f4nia, diz pol\u00edcia.\u00a0Rieli Franciscato era um indigenista refer\u00eancia [&hellip;]<\/p>\n","protected":false},"author":1,"featured_media":11256,"comment_status":"open","ping_status":"open","sticky":false,"template":"","format":"standard","meta":[],"categories":[48,4,6],"tags":[1465,1464,1460,1459,1462,1461,1466,1463],"amp_enabled":true,"_links":{"self":[{"href":"https:\/\/obeabadosertao.com.br\/portal\/wp-json\/wp\/v2\/posts\/11253"}],"collection":[{"href":"https:\/\/obeabadosertao.com.br\/portal\/wp-json\/wp\/v2\/posts"}],"about":[{"href":"https:\/\/obeabadosertao.com.br\/portal\/wp-json\/wp\/v2\/types\/post"}],"author":[{"embeddable":true,"href":"https:\/\/obeabadosertao.com.br\/portal\/wp-json\/wp\/v2\/users\/1"}],"replies":[{"embeddable":true,"href":"https:\/\/obeabadosertao.com.br\/portal\/wp-json\/wp\/v2\/comments?post=11253"}],"version-history":[{"count":1,"href":"https:\/\/obeabadosertao.com.br\/portal\/wp-json\/wp\/v2\/posts\/11253\/revisions"}],"predecessor-version":[{"id":11255,"href":"https:\/\/obeabadosertao.com.br\/portal\/wp-json\/wp\/v2\/posts\/11253\/revisions\/11255"}],"wp:featuredmedia":[{"embeddable":true,"href":"https:\/\/obeabadosertao.com.br\/portal\/wp-json\/wp\/v2\/media\/11256"}],"wp:attachment":[{"href":"https:\/\/obeabadosertao.com.br\/portal\/wp-json\/wp\/v2\/media?parent=11253"}],"wp:term":[{"taxonomy":"category","embeddable":true,"href":"https:\/\/obeabadosertao.com.br\/portal\/wp-json\/wp\/v2\/categories?post=11253"},{"taxonomy":"post_tag","embeddable":true,"href":"https:\/\/obeabadosertao.com.br\/portal\/wp-json\/wp\/v2\/tags?post=11253"}],"curies":[{"name":"wp","href":"https:\/\/api.w.org\/{rel}","templated":true}]}}