{"id":11612,"date":"2020-09-24T15:16:25","date_gmt":"2020-09-24T18:16:25","guid":{"rendered":"https:\/\/obeabadosertao.com.br\/portal\/?p=11612"},"modified":"2020-09-23T23:01:32","modified_gmt":"2020-09-24T02:01:32","slug":"paraibano-feminino-so-vai-acontecer-se-tiver-patrocinio","status":"publish","type":"post","link":"https:\/\/obeabadosertao.com.br\/portal\/2020\/09\/24\/paraibano-feminino-so-vai-acontecer-se-tiver-patrocinio\/","title":{"rendered":"Paraibano Feminino s\u00f3 vai acontecer se tiver patroc\u00ednio"},"content":{"rendered":"<div id=\"tt-temp-estim\">Tempo de leitura: 3 minutos<\/div><p><span style=\"color: #000080;\"><strong><em>FPF diz que \u00e9 prioridade, mas n\u00e3o tem dinheiro para bancar protocolos sanit\u00e1rios e clubes est\u00e3o divididos.<\/em><\/strong><\/span><\/p>\n<p>A Federa\u00e7\u00e3o Paraibana de Futebol (FPF) definiu na semana passada que n\u00e3o realizar\u00e1 o Campeonato Paraibano da Segunda Divis\u00e3o Masculina por conta dos elevados custos para a efetiva\u00e7\u00e3o do protocolo de seguran\u00e7a contra a Covid-19. Diante disso, imediatamente surge a expectativa de que a decis\u00e3o possa servir como um par\u00e2metro para as demais competi\u00e7\u00f5es da entidade nesse ano, especialmente a disputa do Estadual Feminino.<\/p>\n<p>Desde a retomada do futebol, ainda em agosto, a presidente da FPF, Michele Ramalho, deixou claro que as prioridades da entidade seriam a conclus\u00e3o da Primeira Divis\u00e3o Masculina e a realiza\u00e7\u00e3o do Estadual Feminino. O primeiro foi conclu\u00eddo, mesmo com diversas dificuldades e problemas recorrentes no futebol do estado. Contudo, em rela\u00e7\u00e3o ao torneio entre as equipes femininas, a entidade ainda n\u00e3o tomou nenhuma decis\u00e3o, tamb\u00e9m n\u00e3o informou aos clubes qualquer tipo de prazo ou previs\u00e3o para a realiza\u00e7\u00e3o da disputa.<img fetchpriority=\"high\" decoding=\"async\" class=\"size-full aligncenter\" src=\"https:\/\/obeabadosertao.com.br\/filerun\/wl\/?id=pHMfHYrmBbDZL6AJSB7e0LymcX94xEHT\" width=\"700\" height=\"500\" \/>Segundo Gustavo Trindade, diretor de Competi\u00e7\u00f5es da FPF, essa situa\u00e7\u00e3o est\u00e1 ocorrendo, pois a entidade est\u00e1 em busca de um patroc\u00ednio que possa viabilizar os custos para a aplica\u00e7\u00e3o dos protocolos contra a Covid-19. De acordo com o dirigente, a inten\u00e7\u00e3o da entidade \u00e9 realizar a competi\u00e7\u00e3o e que o prazo para essa defini\u00e7\u00e3o ser\u00e1 o m\u00eas de outubro. Sobre outras disputas como o Sub-19 masculino, ele afirmou que \u00e9 improv\u00e1vel a realiza\u00e7\u00e3o desse e de outros torneios.<\/p>\n<p>\u201c<em>Ainda n\u00e3o temos a certeza se iremos realizar a competi\u00e7\u00e3o, mas a nossa inten\u00e7\u00e3o \u00e9 que ela ocorra. Para isso, estamos tentando um patroc\u00ednio para poder bancar todas as despesas do campeonato que \u00e9 uma prioridade da FPF. Ainda n\u00e3o temos nenhuma reuni\u00e3o marcada com os clubes, mas nossa previs\u00e3o para uma defini\u00e7\u00e3o \u00e9 o m\u00eas de outubro<\/em>\u201d, explicou Gustavo Trindade.<\/p>\n<p>Para Gleide Costa e Marconi da Silva, representantes do Botafogo e do Mixto, duas das principais equipes de futebol feminino do estado, a competi\u00e7\u00e3o dever\u00e1 ocorrer. Ambos acreditam que a FPF ir\u00e1 priorizar o torneio e aguardam o chamamento da entidade para que possam definir a retomada de suas atividades e o planejamento para a competi\u00e7\u00e3o.<img decoding=\"async\" class=\"size-full aligncenter\" src=\"https:\/\/obeabadosertao.com.br\/filerun\/wl\/?id=xMh3GePRUuzzLIEfuV9j0ZSh29v3TDLO\" width=\"465\" height=\"311\" \/>&#8220;<em>Eu creio que teremos a competi\u00e7\u00e3o, pois nada mais justo que ocorra o Paraibano Feminino tendo em vista que o masculino aconteceu. Contamos com a sensibilidade da nossa presidente. Entendemos que \u00e9 mais um desafio para a FPF, mas ela j\u00e1 se mostrou competente quando da realiza\u00e7\u00e3o do masculino. N\u00e3o h\u00e1 problema sem solu\u00e7\u00e3o, precisamos nos reunir o quanto antes para tra\u00e7armos juntos as possibilidades<\/em>\u201d, disse Gleide Costa.Atual campe\u00e3o paraibano, o Auto Esporte retoma hoje os seus treinamentos para a disputa do Campeonato Brasileiro da S\u00e9rie A2 que voltar\u00e1 a ser disputado no pr\u00f3ximo m\u00eas depois de ter sido paralisado no dia 15 de mar\u00e7o. Contudo, em rela\u00e7\u00e3o ao estadual, o t\u00e9cnico Guilherme Paiva acredita que a Para\u00edba seguir\u00e1 o mesmo caminho da maior parte dos estados do pa\u00eds onde a disputa foi cancelada ou adiada para janeiro de 2021.<\/p>\n<p>\u201c<em>No Brasil todo n\u00e3o est\u00e1 havendo nenhuma competi\u00e7\u00e3o no feminino. Nesse caso, est\u00e3o cancelando a disputa e repetindo o campe\u00e3o para as vagas nacionais ou est\u00e3o programando para janeiro do pr\u00f3ximo ano, j\u00e1 que o novo calend\u00e1rio da CBF permite por ter sido feita a flexibiliza\u00e7\u00e3o. Diante disso, eu n\u00e3o acho que ir\u00e1 ocorrer a competi\u00e7\u00e3o estadual neste ano<\/em>\u201d, comentou Guilherme Paiva.<\/p>\n","protected":false},"excerpt":{"rendered":"<p>Tempo de leitura: 3 minutosFPF diz que \u00e9 prioridade, mas n\u00e3o tem dinheiro para bancar protocolos sanit\u00e1rios e clubes est\u00e3o [&hellip;]<\/p>\n","protected":false},"author":1,"featured_media":11614,"comment_status":"open","ping_status":"open","sticky":false,"template":"","format":"standard","meta":[],"categories":[4,35,6],"tags":[2268,2267,555,2269,2270],"amp_enabled":true,"_links":{"self":[{"href":"https:\/\/obeabadosertao.com.br\/portal\/wp-json\/wp\/v2\/posts\/11612"}],"collection":[{"href":"https:\/\/obeabadosertao.com.br\/portal\/wp-json\/wp\/v2\/posts"}],"about":[{"href":"https:\/\/obeabadosertao.com.br\/portal\/wp-json\/wp\/v2\/types\/post"}],"author":[{"embeddable":true,"href":"https:\/\/obeabadosertao.com.br\/portal\/wp-json\/wp\/v2\/users\/1"}],"replies":[{"embeddable":true,"href":"https:\/\/obeabadosertao.com.br\/portal\/wp-json\/wp\/v2\/comments?post=11612"}],"version-history":[{"count":1,"href":"https:\/\/obeabadosertao.com.br\/portal\/wp-json\/wp\/v2\/posts\/11612\/revisions"}],"predecessor-version":[{"id":11613,"href":"https:\/\/obeabadosertao.com.br\/portal\/wp-json\/wp\/v2\/posts\/11612\/revisions\/11613"}],"wp:featuredmedia":[{"embeddable":true,"href":"https:\/\/obeabadosertao.com.br\/portal\/wp-json\/wp\/v2\/media\/11614"}],"wp:attachment":[{"href":"https:\/\/obeabadosertao.com.br\/portal\/wp-json\/wp\/v2\/media?parent=11612"}],"wp:term":[{"taxonomy":"category","embeddable":true,"href":"https:\/\/obeabadosertao.com.br\/portal\/wp-json\/wp\/v2\/categories?post=11612"},{"taxonomy":"post_tag","embeddable":true,"href":"https:\/\/obeabadosertao.com.br\/portal\/wp-json\/wp\/v2\/tags?post=11612"}],"curies":[{"name":"wp","href":"https:\/\/api.w.org\/{rel}","templated":true}]}}