{"id":11948,"date":"2020-10-05T08:35:21","date_gmt":"2020-10-05T11:35:21","guid":{"rendered":"https:\/\/obeabadosertao.com.br\/portal\/?p=11948"},"modified":"2020-10-04T21:05:34","modified_gmt":"2020-10-05T00:05:34","slug":"carlo-acutis-tem-corpo-exposto-antes-de-virar-santo-e-conservacao-impressiona","status":"publish","type":"post","link":"https:\/\/obeabadosertao.com.br\/portal\/2020\/10\/05\/carlo-acutis-tem-corpo-exposto-antes-de-virar-santo-e-conservacao-impressiona\/","title":{"rendered":"Carlo Acutis tem corpo exposto antes de virar santo e conserva\u00e7\u00e3o impressiona"},"content":{"rendered":"<div id=\"tt-temp-estim\">Tempo de leitura: 5 minutos<\/div><p>Na \u00faltima quinta-feira (1\u00b0Outubro2020), o t\u00famulo onde est\u00e1 o corpo do jovem italiano Carlo Acutis, que faleceu por conta de uma leucemia aos 15 anos, chegou a ser aberto para visita\u00e7\u00e3o. Carlo veio ao \u00f3bito no ano de 2006 e depois de 14 anos seu corpo n\u00e3o se decomp\u00f4s.<\/p>\n<p>A visita\u00e7\u00e3o para adora\u00e7\u00e3o do jovem ocorre no Santu\u00e1rio de Espolia\u00e7\u00e3o, localizado na cidade de Assis, situada na It\u00e1lia. Segundo as informa\u00e7\u00f5es do \u201c<em>Yahoo<\/em>\u201d, Carlo vai ser beatificado pela igreja cat\u00f3lica no dia 10 deste m\u00eas de outubro. Carlo era cat\u00f3lico fervoroso e chegou a criar um site para registrar a religiosidade das pessoas ao redor do planeta e at\u00e9 certos milagres.<\/p>\n<p>Carlo ficou famoso como \u201c<em>Padroeiro da internet<\/em>\u201d e h\u00e1 hist\u00f3rias de milagres atribu\u00eddos ao jovem, como um caso que ocorreu em Mato Grosso do Sul em 2010.<img fetchpriority=\"high\" decoding=\"async\" class=\"size-full aligncenter\" src=\"https:\/\/obeabadosertao.com.br\/filerun\/wl\/?id=LUJ9noSapsxUi0Hc5VIV9J5wrWoId71g\" width=\"700\" height=\"500\" \/>De acordo com informa\u00e7\u00f5es do Vaticano, uma crian\u00e7a com s\u00e9rios problemas de sa\u00fade chegou a se curar, logo depois que seu av\u00f4 rezou e tocou as roupas de Carlo, que foram expostas em uma igreja na cidade de Campo Grande. O milagre foi comprovado pela igreja.<\/p>\n<p>As fotos do jovem em seu t\u00famulo se tornaram virais nas redes sociais, e quem v\u00ea acredita que ele est\u00e1 em um sono profundo. Seu rosto n\u00e3o demonstra nenhuma deformidade, a pele do rapaz continua rosada e seu corpo em perfeito estado.<\/p>\n<p>Antes de falecer o jovem pediu que seu sofrimento fosse entregue a Deus, ao Papa Bento XVI e tamb\u00e9m a Igreja, o testemunho de Carlo gerou como\u00e7\u00e3o no mundo todo.<img decoding=\"async\" class=\"size-full aligncenter\" src=\"https:\/\/obeabadosertao.com.br\/filerun\/wl\/?id=gsd9MdJhvA8zpNBCQVfZqOJdwpyosgV5\" width=\"700\" height=\"500\" \/><\/p>\n<h3><span style=\"color: #000080;\">Biografia<\/span><\/h3>\n<p>O\u00a0Beato\u00a0<b>Carlo Acutis<\/b> nasceu em Londres (Reino Unido) no dia 3 de maio de 1991 e faleceu na It\u00e1lia \u00e0s 06h45m do dia 12 de outubro de 2006, com apenas 15 anos, v\u00edtima de uma grave doen\u00e7a: a leucemia. Confundida inicialmente com uma inofensiva \u201c<em>caxumba<\/em>\u201d, o mal acabou se alastrando rapidamente, mesmo com os v\u00e1rios tratamentos, causando-lhe a morte em apenas um m\u00eas.<\/p>\n<p>Ele era mais conhecido por documentar milagres eucar\u00edsticos ao redor do mundo e catalog\u00e1-los em um site que ele mesmo criou nos meses anteriores \u00e0 sua morte por leucemia. <sup id=\"cite_ref-AT_3-0\" class=\"reference\"><\/sup>Ele foi conhecido por sua alegria e por suas habilidades com o computador, bem como por sua profunda devo\u00e7\u00e3o \u00e0 Eucaristia, que se tornou um tema central de sua vida.<sup id=\"cite_ref-CN_4-0\" class=\"reference\"><\/sup><img decoding=\"async\" class=\"size-full aligncenter\" src=\"https:\/\/obeabadosertao.com.br\/filerun\/wl\/?id=SA3dWxZomAvBelMbwCw0oUUhZdvnkxrV\" width=\"465\" height=\"311\" \/>Os pedidos para sua\u00a0beatifica\u00e7\u00e3o\u00a0come\u00e7aram n\u00e3o muito tempo depois de sua morte e ganhou impulso significativo em 2013 depois que a causa come\u00e7ou e ele se tornou intitulado como um\u00a0Servo de Deus &#8211; o primeiro est\u00e1gio no caminho para a santidade.\u00a0O\u00a0Papa Francisco\u00a0declarou que ele era\u00a0vener\u00e1vel em 5 de julho de 2018.<\/p>\n<p>Em 21 de fevereiro de 2020, o\u00a0Papa Francisco\u00a0autorizou a Congrega\u00e7\u00e3o para as Causas dos Santos a promulgar os Decretos que aprovam novas beatifica\u00e7\u00f5es e canoniza\u00e7\u00f5es, assim como novos\u00a0Servo de Deus. Entre um deles o jovem italiano Carlo Acutis. A data oficial da sua beatifica\u00e7\u00e3o foi, recentemente, confirmada para o dia 10 de outubro 2020.<img loading=\"lazy\" decoding=\"async\" class=\"size-full aligncenter\" src=\"https:\/\/obeabadosertao.com.br\/filerun\/wl\/?id=oXgpS2Xa1HmbWXzQvsvmiKmJIONH658g\" width=\"700\" height=\"500\" \/><\/p>\n<h3 id=\"toc\" class=\"toc\" role=\"navigation\" aria-labelledby=\"mw-toc-heading\"><span style=\"color: #000080;\"><strong>Vida<\/strong><\/span><\/h3>\n<p><strong>Carlo Acutis<\/strong> nasceu em\u00a0Londres em 1991.\u00a0<sup id=\"cite_ref-CN_4-1\" class=\"reference\"><\/sup>Seus pais trabalharam em Londres, embora tenham se estabelecido em\u00a0Mil\u00e3o\u00a0pouco depois do nascimento do filho, em setembro de 1991.\u00a0<sup id=\"cite_ref-SEB_2-3\" class=\"reference\"><\/sup>Tornou-se devoto quando crian\u00e7a \u00e0\u00a0M\u00e3e de Deus\u00a0e recitou\u00a0ros\u00e1rios\u00a0frequentes como sinal de sua devo\u00e7\u00e3o por ela.\u00a0<sup id=\"cite_ref-AT_3-1\" class=\"reference\"><\/sup>Ele comungava frequentemente a partir da recep\u00e7\u00e3o de sua\u00a0Primeira Comunh\u00e3o\u00a0(com sete anos no\u00a0convento de S. Ambrogio ad Nemus) e fazia o esfor\u00e7o de refletir antes ou depois da Missa diante do\u00a0sacr\u00e1rio.<\/p>\n<p>Acutis tamb\u00e9m se confessava uma vez por semana. Aqueles ao seu redor sabiam que ele tinha uma paix\u00e3o por computadores.\u00a0<sup id=\"cite_ref-CN_4-2\" class=\"reference\"><\/sup>Ele teve sua educa\u00e7\u00e3o escolar em Mil\u00e3o e seus estudos do ensino m\u00e9dio estavam sob os\u00a0jesu\u00edtas\u00a0no Instituto Le\u00e3o XIII. Ele tamb\u00e9m teve v\u00e1rios modelos como seus guias para a vida:<\/p>\n<ul>\n<li>S\u00e3o Francisco de Assis<sup id=\"cite_ref-SEB_2-5\" class=\"reference\"><\/sup><\/li>\n<li>Santos\u00a0Francisco\u00a0e\u00a0Jacinta\u00a0Marto (em seu tempo ainda beatos)<\/li>\n<li>S\u00e3o Domingos S\u00e1vio<\/li>\n<li>S\u00e3o Lu\u00eds Gonzaga<\/li>\n<li>S\u00e3o Tarcisio<\/li>\n<li>Santa Bernadette Soubirous<sup id=\"cite_ref-SEB_2-6\" class=\"reference\"><\/sup><\/li>\n<\/ul>\n<p><img loading=\"lazy\" decoding=\"async\" class=\"alignnone size-full\" src=\"https:\/\/obeabadosertao.com.br\/filerun\/wl\/?id=K5yxaT8IQpvpvqTYbI2oyxhyPX53KsXm\" width=\"700\" height=\"500\" \/><\/p>\n<p>Acutis estava preocupado com aqueles amigos cujos pais estavam se divorciando e ent\u00e3o ele convidaria os amigos para sua casa para apoi\u00e1-los. Ele defendeu os direitos das pessoas com defici\u00eancia e defendeu os colegas deficientes na escola quando zombadores fr\u00edvolos os importunavam. Adorava viajar, visitava\u00a0Assis mais do que outros lugares.<\/p>\n<p>Ele logo desenvolveu\u00a0leucemia\u00a0e ofereceu sua dor tanto pelo\u00a0papa Bento XVI\u00a0quanto pela Igreja Cat\u00f3lica, na qual ele disse que &#8220;<em>eu ofere\u00e7o todo o sofrimento que hei de ter pelo Senhor, pelo Papa e pela Igreja<\/em>&#8220;. Ele pedira a seus pais que o levassem em peregrina\u00e7\u00e3o aos locais de todos os\u00a0milagres eucar\u00edsticos conhecidos no mundo, mas sua piora na sa\u00fade impediu que isso acontecesse.<\/p>\n<p>Ser apaixonado por computadores levou Acutis a criar um site dedicado \u00e0 cataloga\u00e7\u00e3o cuidadosa de cada milagre relatado, e ele fez isso em 2005 (ele catalogou cada caso desde os onze anos). Apreciava as iniciativas do Beato Tiago Alberione de usar a m\u00eddia para evangelizar e proclamar o Evangelho e pretendia fazer isso com o site que ele havia criado.<img loading=\"lazy\" decoding=\"async\" class=\"size-full aligncenter\" src=\"https:\/\/obeabadosertao.com.br\/filerun\/wl\/?id=74oRDFUxDCv9uQmEG5z2Nz7O9zCdx90R\" width=\"700\" height=\"500\" \/>Ele tamb\u00e9m gostava de edi\u00e7\u00e3o de filmes e quadrinhos.\u00a0<sup id=\"cite_ref-AT_3-2\" class=\"reference\"><\/sup>Foi no site que ele disse: &#8220;<em>quanto mais\u00a0Eucaristia\u00a0recebemos, mais nos tornaremos como\u00a0Jesus, para que nesta terra tenhamos uma antecipa\u00e7\u00e3o do c\u00e9u<\/em>&#8220;.<\/p>\n<p>O m\u00e9dico que o tratou perguntou se ele estava sofrendo muita dor e respondeu que &#8220;<em>h\u00e1 pessoas que sofrem muito mais do que eu<\/em>&#8220;.\u00a0Ele morreu em 12 de outubro de 2006 \u00e0s 6h45 da leucemia fulminante M3 e foi enterrado em Assis de acordo com seus desejos. Em 23 de janeiro de 2019, seu corpo foi exumado e, tratado com t\u00e9cnicas de conserva\u00e7\u00e3o<sup id=\"cite_ref-6\" class=\"reference\"><\/sup>, foi transferido para uma igreja em Assis, onde espera a beatifica\u00e7\u00e3o para ser finalmente exposto.<\/p>\n<p>Tanto Raffaello Martinelli como Angelo Comastri ajudaram na organiza\u00e7\u00e3o de uma exposi\u00e7\u00e3o fotogr\u00e1fica itinerante de todos os locais de milagre eucar\u00edsticos em sua homenagem. Desde ent\u00e3o, viajou para dezenas de pa\u00edses diferentes nos cinco continentes.<sup id=\"cite_ref-7\" class=\"reference\"><\/sup><img loading=\"lazy\" decoding=\"async\" class=\"size-full aligncenter\" src=\"https:\/\/obeabadosertao.com.br\/filerun\/wl\/?id=FjGCEgqcxR6Bra2QWm9wHtDTeEOsCaP8\" width=\"700\" height=\"500\" \/><\/p>\n<h3><span id=\"Processo_de_beatifica.C3.A7.C3.A3o\"><\/span><span id=\"Processo_de_beatifica\u00e7\u00e3o\" class=\"mw-headline\" style=\"color: #000080;\">Processo de beatifica\u00e7\u00e3o<\/span><\/h3>\n<p>A Confer\u00eancia Episcopal Lombardiana aprovou a peti\u00e7\u00e3o para que a causa da canoniza\u00e7\u00e3o fosse introduzida em sua reuni\u00e3o em 2013.<sup id=\"cite_ref-CS_5-1\" class=\"reference\"><\/sup>\u00a0A abertura da investiga\u00e7\u00e3o diocesana foi realizada em 15 de fevereiro de 2013, com o cardeal\u00a0Angelo Scola\u00a0inaugurando o processo e concluindo-o em 24 de novembro de 2016. A introdu\u00e7\u00e3o formal \u00e0 causa veio em 13 de maio de 2013 e Acutis tornou-se intitulado como um\u00a0Servo de Deus.<\/p>\n<p>O Papa Francisco\u00a0confirmou sua vida de\u00a0virtude her\u00f3ica\u00a0em 5 de julho de 2018 e nomeou-o como\u00a0Vener\u00e1vel .\u00a0Em 21 de fevereiro de 2020, o\u00a0Papa Francisco\u00a0autorizou a beatifica\u00e7\u00e3o de Carlo. Enfim, em 13 de junho do mesmo ano foi confirmada a data para a cerim\u00f4nia de beatifica\u00e7\u00e3o do jovem: no dia 10 de outubro pr\u00f3ximo.<\/p>\n<p>O postulador atual para essa causa \u00e9 a Dra. Francesca Consolini.<\/p>\n<p><iframe title=\"Viajando com Carlo Acutis\" width=\"500\" height=\"281\" src=\"https:\/\/www.youtube.com\/embed\/HCjVh-Q8CS0?feature=oembed\" frameborder=\"0\" allow=\"accelerometer; autoplay; clipboard-write; encrypted-media; gyroscope; picture-in-picture\" allowfullscreen><\/iframe><\/p>\n","protected":false},"excerpt":{"rendered":"<p>Tempo de leitura: 5 minutosNa \u00faltima quinta-feira (1\u00b0Outubro2020), o t\u00famulo onde est\u00e1 o corpo do jovem italiano Carlo Acutis, que [&hellip;]<\/p>\n","protected":false},"author":1,"featured_media":11951,"comment_status":"open","ping_status":"open","sticky":false,"template":"","format":"standard","meta":[],"categories":[4,40,6],"tags":[2750,2747,2752,2749,2751,2748,293,2753],"amp_enabled":true,"_links":{"self":[{"href":"https:\/\/obeabadosertao.com.br\/portal\/wp-json\/wp\/v2\/posts\/11948"}],"collection":[{"href":"https:\/\/obeabadosertao.com.br\/portal\/wp-json\/wp\/v2\/posts"}],"about":[{"href":"https:\/\/obeabadosertao.com.br\/portal\/wp-json\/wp\/v2\/types\/post"}],"author":[{"embeddable":true,"href":"https:\/\/obeabadosertao.com.br\/portal\/wp-json\/wp\/v2\/users\/1"}],"replies":[{"embeddable":true,"href":"https:\/\/obeabadosertao.com.br\/portal\/wp-json\/wp\/v2\/comments?post=11948"}],"version-history":[{"count":2,"href":"https:\/\/obeabadosertao.com.br\/portal\/wp-json\/wp\/v2\/posts\/11948\/revisions"}],"predecessor-version":[{"id":11950,"href":"https:\/\/obeabadosertao.com.br\/portal\/wp-json\/wp\/v2\/posts\/11948\/revisions\/11950"}],"wp:featuredmedia":[{"embeddable":true,"href":"https:\/\/obeabadosertao.com.br\/portal\/wp-json\/wp\/v2\/media\/11951"}],"wp:attachment":[{"href":"https:\/\/obeabadosertao.com.br\/portal\/wp-json\/wp\/v2\/media?parent=11948"}],"wp:term":[{"taxonomy":"category","embeddable":true,"href":"https:\/\/obeabadosertao.com.br\/portal\/wp-json\/wp\/v2\/categories?post=11948"},{"taxonomy":"post_tag","embeddable":true,"href":"https:\/\/obeabadosertao.com.br\/portal\/wp-json\/wp\/v2\/tags?post=11948"}],"curies":[{"name":"wp","href":"https:\/\/api.w.org\/{rel}","templated":true}]}}