{"id":11961,"date":"2020-10-04T12:13:28","date_gmt":"2020-10-04T15:13:28","guid":{"rendered":"https:\/\/obeabadosertao.com.br\/portal\/?p=11961"},"modified":"2020-10-06T10:35:43","modified_gmt":"2020-10-06T13:35:43","slug":"jogador-fratura-a-perna-em-dividida-com-atacante-durante-o-campeonato-brasileiro","status":"publish","type":"post","link":"https:\/\/obeabadosertao.com.br\/portal\/2020\/10\/04\/jogador-fratura-a-perna-em-dividida-com-atacante-durante-o-campeonato-brasileiro\/","title":{"rendered":"Jogador fratura a perna em dividida com atacante durante o Campeonato Brasileiro"},"content":{"rendered":"<div id=\"tt-temp-estim\">Tempo de leitura: 1 minuto<\/div><p>Uma cena bastante forte aconteceu no final do primeiro tempo entre Am\u00e9rica-MG e Guarani, em partida realizada neste s\u00e1bado (03Outubro2020), na Arena Independ\u00eancia, pela 13\u00aa rodada do Campeonato Brasileiro da S\u00e9rie B.<\/p>\n<p>Aos 46 minutos, L\u00e9o Passos foi travado por Alanzinho na hora da finaliza\u00e7\u00e3o e acabou chutando a perna do meia bugrino, que havia entrado no lugar de Bruno S\u00e1vio.<\/p>\n<blockquote class=\"twitter-tweet\" data-width=\"500\" data-dnt=\"true\">\n<p lang=\"pt\" dir=\"ltr\">Emprestado pelo Palmeiras para jogar a S\u00e9rie B pelo Guarani, o meia Alanzinho sofreu uma grave les\u00e3o na manh\u00e3 deste s\u00e1bado (3), em duelo diante do Am\u00e9rica-MG, no Independ\u00eancia. <\/p>\n<p>Alanzinho deu azar e sofreu um chute de L\u00e9o Passos, outra cria da Academia, que joga no Coelho. <a href=\"https:\/\/t.co\/JhskkE28yd\">pic.twitter.com\/JhskkE28yd<\/a><\/p>\n<p>&mdash; TwitPalmeiras (@twitpalmeiras) <a href=\"https:\/\/twitter.com\/twitpalmeiras\/status\/1312409340310171651?ref_src=twsrc%5Etfw\">October 3, 2020<\/a><\/p><\/blockquote>\n<p><script async src=\"https:\/\/platform.twitter.com\/widgets.js\" charset=\"utf-8\"><\/script><\/p>\n<p>Emprestado recentemente pelo Palmeiras, o meia fazia sua segunda partida com a camisa bugrina. Uma coincid\u00eancia triste \u00e9 que Alanzinho e L\u00e9o Passos atuaram juntos nas categorias de base do Verd\u00e3o.<\/p>\n<p>O atacante do Am\u00e9rica-MG, inclusive, fez quest\u00e3o de conversar com o meia do Guarani enquanto ele estava sendo atendido no gramado.<\/p>\n<p>Cria do futsal alviverde, o garoto tem sido presen\u00e7a constante nas sele\u00e7\u00f5es de base e carrega t\u00edtulos tanto com a amarelinha quanto pelo Verd\u00e3o.<\/p>\n<p>Seu nome j\u00e1 chegou a ser especulado em gigantes europeus como Barcelona e Real Madrid. Alanzinho renovou seu contrato recentemente com o Palmeiras at\u00e9 2023, e possui uma multa rescis\u00f3ria de 50 milh\u00f5es de euros (na cota\u00e7\u00e3o atual, cerca de R$ 300 milh\u00f5es).<img fetchpriority=\"high\" decoding=\"async\" class=\"size-full aligncenter\" src=\"https:\/\/obeabadosertao.com.br\/filerun\/wl\/?id=3C6tsfpb6hBDVqcgTlX0Qe9UUdFmfeZI\" width=\"700\" height=\"500\" \/>Os m\u00e9dicos foram rapidamente chamados, pois o lance acabou ocasionando uma fratura na perna de Alanzinho, que deixou a Arena Independ\u00eancia de ambul\u00e2ncia e foi levado ao Hospital Mater Dei.<\/p>\n<p>O meia passou por um procedimento cir\u00fargico no in\u00edcio da tarde deste s\u00e1bado (03Outubro2020), em Belo Horizonte (MG).<\/p>\n<p>Perto das 14h30m, o Guarani emitiu o comunicado oficial com a seguinte explica\u00e7\u00e3o.<\/p>\n<p>\u201c<em>O atleta Alan Guimar\u00e3es, sofreu uma fratura da T\u00edbia e F\u00edbula esquerdas ap\u00f3s um trauma e est\u00e1 neste momento sendo submetido a um procedimento cir\u00fargico, no Hospital Mater Dei, acompanhado do nosso m\u00e9dico Dr. Ra\u00ed Alves da Cruz<\/em>\u201d.<\/p>\n","protected":false},"excerpt":{"rendered":"<p>Tempo de leitura: 1 minutoUma cena bastante forte aconteceu no final do primeiro tempo entre Am\u00e9rica-MG e Guarani, em partida [&hellip;]<\/p>\n","protected":false},"author":1,"featured_media":11963,"comment_status":"open","ping_status":"open","sticky":false,"template":"","format":"standard","meta":[],"categories":[4,35,6],"tags":[2805,2803,2802,2807,2806,2804],"amp_enabled":true,"_links":{"self":[{"href":"https:\/\/obeabadosertao.com.br\/portal\/wp-json\/wp\/v2\/posts\/11961"}],"collection":[{"href":"https:\/\/obeabadosertao.com.br\/portal\/wp-json\/wp\/v2\/posts"}],"about":[{"href":"https:\/\/obeabadosertao.com.br\/portal\/wp-json\/wp\/v2\/types\/post"}],"author":[{"embeddable":true,"href":"https:\/\/obeabadosertao.com.br\/portal\/wp-json\/wp\/v2\/users\/1"}],"replies":[{"embeddable":true,"href":"https:\/\/obeabadosertao.com.br\/portal\/wp-json\/wp\/v2\/comments?post=11961"}],"version-history":[{"count":3,"href":"https:\/\/obeabadosertao.com.br\/portal\/wp-json\/wp\/v2\/posts\/11961\/revisions"}],"predecessor-version":[{"id":11964,"href":"https:\/\/obeabadosertao.com.br\/portal\/wp-json\/wp\/v2\/posts\/11961\/revisions\/11964"}],"wp:featuredmedia":[{"embeddable":true,"href":"https:\/\/obeabadosertao.com.br\/portal\/wp-json\/wp\/v2\/media\/11963"}],"wp:attachment":[{"href":"https:\/\/obeabadosertao.com.br\/portal\/wp-json\/wp\/v2\/media?parent=11961"}],"wp:term":[{"taxonomy":"category","embeddable":true,"href":"https:\/\/obeabadosertao.com.br\/portal\/wp-json\/wp\/v2\/categories?post=11961"},{"taxonomy":"post_tag","embeddable":true,"href":"https:\/\/obeabadosertao.com.br\/portal\/wp-json\/wp\/v2\/tags?post=11961"}],"curies":[{"name":"wp","href":"https:\/\/api.w.org\/{rel}","templated":true}]}}