{"id":12151,"date":"2020-10-12T13:39:44","date_gmt":"2020-10-12T16:39:44","guid":{"rendered":"https:\/\/obeabadosertao.com.br\/portal\/?p=12151"},"modified":"2020-10-12T13:43:09","modified_gmt":"2020-10-12T16:43:09","slug":"infarto-mata-ex-deputado-federal-armando-abilio-aos-76-anos","status":"publish","type":"post","link":"https:\/\/obeabadosertao.com.br\/portal\/2020\/10\/12\/infarto-mata-ex-deputado-federal-armando-abilio-aos-76-anos\/","title":{"rendered":"Infarto mata ex-deputado federal Armando Ab\u00edlio aos 76 anos"},"content":{"rendered":"<div id=\"tt-temp-estim\">Tempo de leitura: 5 minutos<\/div><p><span style=\"color: #000000;\">V\u00edtima de infarto, enquanto dormia, faleceu nesta segunda-feira (12Outubro2020), na cidade de Esperan\u00e7a (PB), munic\u00edpio localizado na regi\u00e3o do Brejo paraibano, o m\u00e9dico e\u00a0 ex-deputado federal Armando Ab\u00edlio Vieira, aos 75 anos.<\/span><\/p>\n<p><span style=\"color: #000000;\">De acordo com familiares, o pol\u00edtico teria sofrido um infarto enquanto dormia e foi encontrado morto.\u00a0<\/span><\/p>\n<p><span style=\"color: #000000;\">Armando Ab\u00edlio nasceu em Itaporanga (PB), mas residia em Esperan\u00e7a (PB), seu principal reduto pol\u00edtico. Deixou 5 filhos com a sua esposa Rosimere Bronzeado: Jos\u00e9 Bronzeado Sobrinho Neto, Renata Bronzeado, Ana Lu\u00edsa Bronzeado, C\u00edntia Abrantes e Juliana Bronzeado.<\/span><\/p>\n<p><span style=\"color: #000000;\">Seu corpo ser\u00e1 sepultado \u00e1s 16h00 desta ter\u00e7a-feira (13Outubro2020).<\/span><\/p>\n<h3><strong><span style=\"color: #000080;\">Trajet\u00f3ria pol\u00edtica<\/span><\/strong><\/h3>\n<p><span style=\"color: #000000;\">Armando Ab\u00edlio Vieira (Itaporanga, 29 de dezembro de 1944) \u00e9 um ex-pol\u00edtico brasileiro, casado com Rosimere Bronzeado Vieira, vice-prefeita da cidade de Esperan\u00e7a, Para\u00edba.<\/span><\/p>\n<p><span style=\"color: #000000;\">Foi deputado federal pelo Partido Trabalhista Brasileiro da Para\u00edba entre 1995 e 2010. Atualmente, atuava como m\u00e9dico e radialista na cidade de Esperan\u00e7a (Para\u00edba).<\/span><\/p>\n<p><span style=\"color: #000000;\">Ex-presidente do PTB na Para\u00edba, Ab\u00edlio foi prefeito de Esperan\u00e7a, deputado estadual e federal. Atualmente, Ab\u00edlio era filiado ao MDB e atuava como m\u00e9dico e radialista na cidade de Esperan\u00e7a (PB). Foi eleito deputado estadual\u00a0 e assumiu cadeira na Assembleia Legislativa paraibana em janeiro de 1991, onde foi vice-presidente. Na C\u00e2mara Federal exerceu mandato entre os anos de 1995 e 2010. Foi eleito prefeito de Esperan\u00e7a em novembro de 1982, assumindo o cargo em janeiro de 1983.<\/span><\/p>\n<div style=\"width: 330px\" class=\"wp-caption aligncenter\"><img fetchpriority=\"high\" decoding=\"async\" src=\"https:\/\/obeabadosertao.com.br\/galeria\/itaporanga\/cassio_itaporanga28mai05\/thumbs\/cassio_itaporanga28mai05_045.jpg\" alt=\"\" width=\"320\" height=\"240\" \/><p class=\"wp-caption-text\"><strong>Armando Ab\u00edlio<\/strong>, deputado Federal licenciado exercendo o cargo de Secret\u00e1rio do Trabalho e A\u00e7\u00e3o Social do Estado da Para\u00edba, em <a href=\"https:\/\/obeabadosertao.com.br\/galeria\/itaporanga\/index.php?gallery=itaporanga_pb_postais28maio2005\">Itaporanga (PB)<\/a>, junto com o ent\u00e3o Governador da Para\u00edba C\u00e1ssio Cunha Cunha, no dia 28 de Maio de 2005, em companhia de correligion\u00e1rios.<\/p><\/div>\n<p><span style=\"color: #000000;\">Em 1962 ingressou, em Recife, na Faculdade de Ci\u00eancias M\u00e9dicas da Universidade Federal de Pernambuco, pela qual se graduou em 1968. Durante o ano seguinte, frequentou a resid\u00eancia m\u00e9dica no Hospital Osvaldo Cruz, tamb\u00e9m na capital pernambucana.<\/span><\/p>\n<div style=\"width: 330px\" class=\"wp-caption aligncenter\"><img decoding=\"async\" src=\"https:\/\/obeabadosertao.com.br\/galeria\/itaporanga\/cassio_itaporanga28mai05\/thumbs\/cassio_itaporanga28mai05_103.jpg\" alt=\"\" width=\"320\" height=\"240\" \/><p class=\"wp-caption-text\"><strong>Armando Ab\u00edlio<\/strong>, deputado Federal licenciado exercendo o cargo de Secret\u00e1rio Armando Ab\u00edlio, do Trabalho e A\u00e7\u00e3o Social do Estado da Para\u00edba, em <a href=\"https:\/\/obeabadosertao.com.br\/galeria\/itaporanga\/index.php?gallery=itaporanga_pb_postais28maio2005\">Itaporanga (PB)<\/a>, junto com o ent\u00e3o Governador da Para\u00edba C\u00e1ssio Cunha Cunha(centro), o ex-Prefeito Will Rodrigues(primeiro a esquerda), pelo Presidente da C\u00e2mara Municipal de Itaporanga, Casa Legislativa de &#8220;<em>Adauto Ara\u00fajo<\/em>&#8220;, Luis Alberto Tolentino(Lula-segundo a esquerda) e Leonardo Johnson(Genro-primeiro a direita), no dia 28 de Maio de 2005.<\/p><\/div>\n<p><span style=\"color: #000000;\">Filiando-se, em 1982, ao Partido Democr\u00e1tico Social (PDS), foi escolhido para integrar a chapa do partido como candidato a vice-prefeito de Esperan\u00e7a (PB). Ainda em 1982 fora nomeado diretor do Hospital Geral da cidade, fun\u00e7\u00e3o que desempenharia at\u00e9 1991. Elegendo-se no pleito de novembro de 1982, foi empossado no cargo em janeiro de 1983. Desligando-se do PDS em 1988, permaneceu como vice-prefeito at\u00e9 janeiro do ano seguinte. Em 1989, filiou-se ao Partido do Movimento Democr\u00e1tico Brasileiro (PMDB), no qual permaneceu at\u00e9 1990.<\/span><\/p>\n<div style=\"width: 330px\" class=\"wp-caption aligncenter\"><img decoding=\"async\" src=\"https:\/\/obeabadosertao.com.br\/galeria\/itaporanga\/cassio_itaporanga28mai05\/thumbs\/cassio_itaporanga28mai05_171.jpg\" alt=\"\" width=\"320\" height=\"240\" \/><p class=\"wp-caption-text\"><strong>Armando Ab\u00edlio<\/strong>, deputado Federal licenciado exercendo o cargo de Secret\u00e1rio Armando Ab\u00edlio, do Trabalho e A\u00e7\u00e3o Social do Estado da Para\u00edba, em <a href=\"https:\/\/obeabadosertao.com.br\/galeria\/itaporanga\/index.php?gallery=itaporanga_pb_postais28maio2005\">Itaporanga (PB)<\/a>, junto com o ent\u00e3o Governador da Para\u00edba C\u00e1ssio Cunha Cunha, no dia 28 de Maio de 2005, em evento ocorrido no <a href=\"https:\/\/obeabadosertao.com.br\/portal\/0000\/00\/00\/Cassio-visita-Itaporanga-e-Pianco\/\">pr\u00e9dio da Creche Comunit\u00e1ria e Pr\u00e9-escola \u201c<em>Promotora Edilma Leite Cavalcanti Ol\u00edmpio<\/em>\u201d<\/a>, localizado no N\u00facleo de Integra\u00e7\u00e3o Rural do Conjunto \u201c<em>Chagas Soares<\/em>\u201d, onde ao lado das autoridades participou da inaugura\u00e7\u00e3o da amplia\u00e7\u00e3o e moderniza\u00e7\u00e3o da creche que atendia crian\u00e7as de tr\u00eas comunidades.<\/p><\/div>\n<p><span style=\"color: #000000;\">Ingressando, em seguida, no Partido da Frente Liberal (PFL), em outubro deste ano elegeu-se deputado estadual nessa legenda. Assumindo sua cadeira na Assembleia Legislativa paraibana em janeiro de 1991, foi escolhido segundo vice-presidente da mesa da casa, ocupando essa fun\u00e7\u00e3o at\u00e9 1992. Em 1993, retornou ao PMDB, tornando-se ainda neste ano primeiro vice-presidente da mesa, cargo que desempenharia at\u00e9 o final da legislatura.<\/span><\/p>\n<p><span style=\"color: #000000;\">Em 2001, trocou o PMDB pelo PSDB, em raz\u00e3o das disputas regionais envolvendo o grupo liderado por Ronaldo Cunha Lima e Jos\u00e9 Maranh\u00e3o na luta pelo poder na pol\u00edtica paraibana. Com a ida do grupo de Cunha Lima para o PSDB, Armando Ab\u00edlio seguiu para a agremia\u00e7\u00e3o tucana, tendo disputado com sucesso sua reelei\u00e7\u00e3o para a C\u00e2mara Federal em 2002. Todavia, licenciou-se do cargo de deputado federal entre 2003 e 2006 para se tornar secret\u00e1rio de Trabalho e A\u00e7\u00e3o Social do governo de C\u00e1ssio Cunha Lima, eleito para o Executivo paraibano no pleito de outubro de 2002.<\/span><\/p>\n<p><span style=\"color: #000000;\">Entretanto, em 2006, ap\u00f3s ter concorrido com sucesso para mais um mandato na C\u00e2mara Federal, o parlamentar trocou o PSDB pelo Partido Trabalhista Brasileiro (PTB), ingressando na base de apoio ao governo de Lu\u00eds In\u00e1cio da Silva. Isso fez com que os tucanos, tomando como base a lei sobre a fidelidade partid\u00e1ria &#8211; <em>segundo a qual, o mandato pertence ao partido<\/em> -, resolvessem entrar com um processo contra os deputados que haviam deixado a agremia\u00e7\u00e3o ap\u00f3s a elei\u00e7\u00e3o, entre eles o pr\u00f3prio Armando Ab\u00edlio. No entanto, em agosto de 2007, o STF n\u00e3o concedeu a liminar ao PSDB para que conseguisse de volta os mandatos dos infi\u00e9is.<\/span><\/p>\n<p><span style=\"color: #000000;\">Entre mar\u00e7o e maio de 2007, Armando Ab\u00edlio foi vice-l\u00edder do Bloco PMDB, PTB, PSC, PTC e, em entre maio de 2007 e maio de 2008, foi vice-l\u00edder do PTB na C\u00e2mara. Em abril de 2008, o parlamentar tornou-se vice-l\u00edder do governo na C\u00e2mara dos Deputados.<\/span><\/p>\n<p><span style=\"color: #000000;\">Candidato a deputado federal pelo PTB (PB) no pleito eleitoral de 2010, Armando Ab\u00edlio n\u00e3o conseguiu se reeleger. Contudo, assumiu, por poucos meses, como suplente do deputado federal Aguinaldo Ribeiro, do Partido Progressista (PP), nomeado para o cargo de ministro das Cidades.\u00a0<\/span><\/p>\n<p><span style=\"color: #000000;\">Deixou a C\u00e2mara e retornou \u00e0 condi\u00e7\u00e3o de suplente em Novembro de 2012. Desde ent\u00e3o afastado da atividade pol\u00edtica, comanda um programa de r\u00e1dio local.<\/span><\/p>\n<p><span style=\"color: #000000;\">Foi delegado municipal do PMDB de Esperan\u00e7a e membro do seu diret\u00f3rio estadual, al\u00e9m de presidente estadual do PTB na Para\u00edba.<\/span><\/p>\n<h3><span style=\"color: #000080;\"><strong>\u00d3bitos<\/strong><\/span><\/h3>\n<p><span style=\"color: #000000;\">No Estado da Para\u00edba, no ano de 2020, j\u00e1 morreram 10 ex-deputados estaduais e um deputado estadual no exerc\u00edcio do mandato.<\/span><\/p>\n<p><span style=\"color: #000000;\">Foram a \u00f3bito, Armando Ab\u00edlio, Dona Dida, <span style=\"color: #000080;\"><strong><a style=\"color: #000080;\" href=\"https:\/\/obeabadosertao.com.br\/portal\/2020\/05\/24\/Morre-Dinaldo-Medeiros-Wanderley-aos-69-anos\/\">Dinaldo Wanderley<\/a><\/strong><\/span>, L\u00facia Braga, Marcos Odilon,<span style=\"color: #000080;\"> <strong><a style=\"color: #000080;\" href=\"https:\/\/obeabadosertao.com.br\/portal\/2020\/06\/16\/Morre-o-ex-deputado-estadual-Nivaldo-Manoel\/\">Nivaldo Manoel<\/a><\/strong><\/span>, <span style=\"color: #000080;\"><strong><a style=\"color: #000080;\" href=\"https:\/\/obeabadosertao.com.br\/portal\/2020\/05\/18\/Morre-o-ex-governador-Wilson-Braga\/\">Wilson Braga<\/a><\/strong><\/span>, Pedro Adelson, <span style=\"color: #000080;\"><a style=\"color: #000080;\" href=\"https:\/\/obeabadosertao.com.br\/portal\/2020\/10\/12\/morre-a-ex-deputada-estadual-socorro-marques-aos-86-anos\/\"><strong>Socorro Marques<\/strong><\/a> <\/span>e Zen\u00f3bio Toscano. <span style=\"color: #000080;\"><strong><a style=\"color: #000080;\" href=\"https:\/\/obeabadosertao.com.br\/portal\/2020\/07\/19\/Morre-o-deputado-estadual-paraibano-Genival-Matias\/\">Genival Matias morreu no exerc\u00edcio do mandato<\/a><\/strong><\/span>.<\/span><\/p>\n","protected":false},"excerpt":{"rendered":"<p>Tempo de leitura: 5 minutosV\u00edtima de infarto, enquanto dormia, faleceu nesta segunda-feira (12Outubro2020), na cidade de Esperan\u00e7a (PB), munic\u00edpio localizado [&hellip;]<\/p>\n","protected":false},"author":1,"featured_media":12154,"comment_status":"open","ping_status":"open","sticky":false,"template":"","format":"standard","meta":[],"categories":[37,4,6],"tags":[3030,3031,3033,3032],"amp_enabled":true,"_links":{"self":[{"href":"https:\/\/obeabadosertao.com.br\/portal\/wp-json\/wp\/v2\/posts\/12151"}],"collection":[{"href":"https:\/\/obeabadosertao.com.br\/portal\/wp-json\/wp\/v2\/posts"}],"about":[{"href":"https:\/\/obeabadosertao.com.br\/portal\/wp-json\/wp\/v2\/types\/post"}],"author":[{"embeddable":true,"href":"https:\/\/obeabadosertao.com.br\/portal\/wp-json\/wp\/v2\/users\/1"}],"replies":[{"embeddable":true,"href":"https:\/\/obeabadosertao.com.br\/portal\/wp-json\/wp\/v2\/comments?post=12151"}],"version-history":[{"count":4,"href":"https:\/\/obeabadosertao.com.br\/portal\/wp-json\/wp\/v2\/posts\/12151\/revisions"}],"predecessor-version":[{"id":12156,"href":"https:\/\/obeabadosertao.com.br\/portal\/wp-json\/wp\/v2\/posts\/12151\/revisions\/12156"}],"wp:featuredmedia":[{"embeddable":true,"href":"https:\/\/obeabadosertao.com.br\/portal\/wp-json\/wp\/v2\/media\/12154"}],"wp:attachment":[{"href":"https:\/\/obeabadosertao.com.br\/portal\/wp-json\/wp\/v2\/media?parent=12151"}],"wp:term":[{"taxonomy":"category","embeddable":true,"href":"https:\/\/obeabadosertao.com.br\/portal\/wp-json\/wp\/v2\/categories?post=12151"},{"taxonomy":"post_tag","embeddable":true,"href":"https:\/\/obeabadosertao.com.br\/portal\/wp-json\/wp\/v2\/tags?post=12151"}],"curies":[{"name":"wp","href":"https:\/\/api.w.org\/{rel}","templated":true}]}}