{"id":14702,"date":"2023-01-04T16:40:49","date_gmt":"2023-01-04T19:40:49","guid":{"rendered":"https:\/\/obeabadosertao.com.br\/portal\/?p=14702"},"modified":"2023-01-03T22:31:00","modified_gmt":"2023-01-04T01:31:00","slug":"ministro-das-cidades-anuncia-retorno-do-minha-casa-minha-vida","status":"publish","type":"post","link":"https:\/\/obeabadosertao.com.br\/portal\/2023\/01\/04\/ministro-das-cidades-anuncia-retorno-do-minha-casa-minha-vida\/","title":{"rendered":"Ministro das Cidades anuncia retorno do Minha Casa, Minha Vida"},"content":{"rendered":"<div id=\"tt-temp-estim\">Tempo de leitura: 1 minuto<\/div><h3 class=\"col-10 offset-1 animated fadeInDown dealy-900 display-8 display-md-8 alt-font font-italic my-1 text-center\"><span style=\"color: #000080;\"><em>Jader Filho quer dar aten\u00e7\u00e3o tamb\u00e9m ao saneamento b\u00e1sico.<\/em><\/span><\/h3>\n<p>O ministro das Cidades, Jader Filho, assumiu hoje (03Dezembro2022) o cargo, em Bras\u00edlia. Ao discursar, disse que o governo vai retomar o programa habitacional Minha Casa, Minha Vida. <img decoding=\"async\" src=\"https:\/\/agenciabrasil.ebc.com.br\/ebc.png?id=1501743&amp;o=node\" \/><img decoding=\"async\" src=\"https:\/\/agenciabrasil.ebc.com.br\/ebc.gif?id=1501743&amp;o=node\" \/><\/p>\n<p>Destacou que a gest\u00e3o da pasta ter\u00e1 destaque para reconquistas sociais. Segundo o ministro, durante a pandemia de covid-19 mais de um milh\u00e3o de pessoas foram despejadas ou amea\u00e7adas de despejo.<\/p>\n<p><img fetchpriority=\"high\" decoding=\"async\" class=\"size-full aligncenter\" src=\"https:\/\/obeabadosertao.com.br\/filerun\/wl\/?id=hYy2HbFDfYC5e52IJ0D567dwtAxCQYX4\" width=\"700\" height=\"500\" \/><\/p>\n<p>Al\u00e9m disso, ele citou n\u00fameros da Pesquisa Nacional por Amostra de Domic\u00edlios (Pnad Cont\u00ednua) de 2019 que apontam d\u00e9ficit habitacional de 5,9 milh\u00f5es de moradias no pa\u00eds.<\/p>\n<p>\u201c<em>Precisamos reconstruir quase tudo nesta pasta, incluindo o Minha Casa, Minha Vida. Um programa t\u00e3o importante neste pa\u00eds, reconhecido pela popula\u00e7\u00e3o, mas que havia sido descontinuado<\/em>\u201d, afirmou.<\/p>\n<h3><span style=\"color: #000080;\">Saneamento b\u00e1sico<\/span><\/h3>\n<p>Ele garantiu que pretende dar aten\u00e7\u00e3o aos programas de saneamento b\u00e1sico. \u201c<em>Em 2020, foi aprovado o Marco do Saneamento. N\u00e3o vamos limitar o investimento privado em saneamento. Ao contr\u00e1rio, vamos incentivar, mas\u00a0sabemos que, em muitas \u00e1reas do pa\u00eds, especialmente nas mais pobres, justamente onde h\u00e1 pouco ou nenhum tipo de saneamento, n\u00e3o h\u00e1 interesse da iniciativa privada em investir. Nessas \u00e1reas, o poder p\u00fablico precisa agir<\/em>\u201d, pontuou.<\/p>\n<p><img decoding=\"async\" class=\"size-full aligncenter\" src=\"https:\/\/obeabadosertao.com.br\/filerun\/wl\/?id=sNGIG1biqsm33hWDykNPsf98tQmFSczO\" width=\"700\" height=\"500\" \/><\/p>\n<p>Jader Filho tamb\u00e9m defendeu di\u00e1logo com movimentos sociais e anunciou a cria\u00e7\u00e3o de Secretaria Nacional de Pol\u00edticas para Territ\u00f3rios Perif\u00e9ricos.<\/p>\n<p>\u201c<em>S\u00e3o voc\u00eas (integrantes de movimentos) que trazem a experi\u00eancia e a demanda organizada de parcela da popula\u00e7\u00e3o que ficou desistida nos \u00faltimos anos<\/em>\u201d, concluiu.<\/p>\n","protected":false},"excerpt":{"rendered":"<p>Tempo de leitura: 1 minutoJader Filho quer dar aten\u00e7\u00e3o tamb\u00e9m ao saneamento b\u00e1sico. O ministro das Cidades, Jader Filho, assumiu [&hellip;]<\/p>\n","protected":false},"author":1,"featured_media":14706,"comment_status":"open","ping_status":"open","sticky":false,"template":"","format":"standard","meta":[],"categories":[4,20],"tags":[7999,7998,7997,8002,8003,4494,120,8000,8001],"amp_enabled":true,"_links":{"self":[{"href":"https:\/\/obeabadosertao.com.br\/portal\/wp-json\/wp\/v2\/posts\/14702"}],"collection":[{"href":"https:\/\/obeabadosertao.com.br\/portal\/wp-json\/wp\/v2\/posts"}],"about":[{"href":"https:\/\/obeabadosertao.com.br\/portal\/wp-json\/wp\/v2\/types\/post"}],"author":[{"embeddable":true,"href":"https:\/\/obeabadosertao.com.br\/portal\/wp-json\/wp\/v2\/users\/1"}],"replies":[{"embeddable":true,"href":"https:\/\/obeabadosertao.com.br\/portal\/wp-json\/wp\/v2\/comments?post=14702"}],"version-history":[{"count":3,"href":"https:\/\/obeabadosertao.com.br\/portal\/wp-json\/wp\/v2\/posts\/14702\/revisions"}],"predecessor-version":[{"id":14705,"href":"https:\/\/obeabadosertao.com.br\/portal\/wp-json\/wp\/v2\/posts\/14702\/revisions\/14705"}],"wp:featuredmedia":[{"embeddable":true,"href":"https:\/\/obeabadosertao.com.br\/portal\/wp-json\/wp\/v2\/media\/14706"}],"wp:attachment":[{"href":"https:\/\/obeabadosertao.com.br\/portal\/wp-json\/wp\/v2\/media?parent=14702"}],"wp:term":[{"taxonomy":"category","embeddable":true,"href":"https:\/\/obeabadosertao.com.br\/portal\/wp-json\/wp\/v2\/categories?post=14702"},{"taxonomy":"post_tag","embeddable":true,"href":"https:\/\/obeabadosertao.com.br\/portal\/wp-json\/wp\/v2\/tags?post=14702"}],"curies":[{"name":"wp","href":"https:\/\/api.w.org\/{rel}","templated":true}]}}