{"id":14970,"date":"2023-01-23T08:16:25","date_gmt":"2023-01-23T11:16:25","guid":{"rendered":"https:\/\/obeabadosertao.com.br\/portal\/?p=14970"},"modified":"2023-01-20T16:24:43","modified_gmt":"2023-01-20T19:24:43","slug":"projeto-comemora-nascimento-de-peixe-boi-marinho-na-paraiba","status":"publish","type":"post","link":"https:\/\/obeabadosertao.com.br\/portal\/2023\/01\/23\/projeto-comemora-nascimento-de-peixe-boi-marinho-na-paraiba\/","title":{"rendered":"Projeto comemora nascimento de peixe-boi-marinho na Para\u00edba"},"content":{"rendered":"<div id=\"tt-temp-estim\">Tempo de leitura: 2 minutos<\/div><p>A Funda\u00e7\u00e3o Mam\u00edferos Aqu\u00e1ticos est\u00e1 comemorando o nascimento do primeiro filhote de peixe-boi-marinho de uma f\u00eamea reintroduzida no litoral da Para\u00edba.<\/p>\n<p>A m\u00e3e, batizada Mel, foi resgatada quando encalhou, ainda filhote, no Cear\u00e1, em 2004. Ela recebeu cuidados e foi reintroduzida posteriormente gra\u00e7as ao Projeto Viva o Peixe-Boi-Marinho. O animal \u00e9 uma esp\u00e9cie em extin\u00e7\u00e3o.<\/p>\n<p><img fetchpriority=\"high\" decoding=\"async\" class=\"size-full aligncenter\" src=\"https:\/\/obeabadosertao.com.br\/filerun\/wl\/?id=OCPc6OOn223Af1kMjwXVnNZ70Yb45PY3\" width=\"700\" height=\"500\" \/><\/p>\n<h5 style=\"text-align: center;\"><span style=\"color: #0000ff;\"><strong>Jo\u00e3o Carlos Gomes Borges, diretor de Pesquisa e Manejo da Funda\u00e7\u00e3o Mam\u00edferos Aqu\u00e1ticos.<\/strong><\/span><\/h5>\n<p>Segundo Jo\u00e3o Carlos Gomes Borges, diretor de Pesquisa e Manejo da Funda\u00e7\u00e3o Mam\u00edferos Aqu\u00e1ticos, o fato \u00e9 um indicador do sucesso do projeto de reintrodu\u00e7\u00e3o da esp\u00e9cie no Brasil.<\/p>\n<p>O programa reabilita animais feridos que, depois, s\u00e3o devolvidos \u00e0 natureza e monitorados. A gesta\u00e7\u00e3o de um peixe-boi-marinho dura cerca de 13 meses.<\/p>\n<p><img decoding=\"async\" class=\"size-full aligncenter\" src=\"https:\/\/obeabadosertao.com.br\/filerun\/wl\/?id=706GVfL5ZHaBtnOV2TjFNJacI8ideKaz\" width=\"700\" height=\"500\" \/><\/p>\n<p>Mel foi encontrada encalhada na praia de Ponta Grossa, em Icapu\u00ed (CE), e transferida para o Centro Mam\u00edferos Aqu\u00e1ticos do Instituto Chico Mendes de Biodiversidade (ICMBio), na Ilha de Itamarac\u00e1 (PE), onde permaneceu em reabilita\u00e7\u00e3o por cinco anos.<\/p>\n<p>Em 2008, o animal foi transferido para o cativeiro de readapta\u00e7\u00e3o em ambiente natural da \u00c1rea de Prote\u00e7\u00e3o Ambiental da Barra do Rio Mamanguape (PB).<\/p>\n<p><img decoding=\"async\" class=\"size-full aligncenter\" src=\"https:\/\/obeabadosertao.com.br\/filerun\/wl\/?id=8pBhATD48RPl9y628RnZcEr38Yb4Y4iP\" width=\"700\" height=\"500\" \/><\/p>\n<p>Em mar\u00e7o de 2009, Mel foi solta no estu\u00e1rio da regi\u00e3o, onde ficou por muitos anos at\u00e9 que, em 2019, ela se deslocou para o litoral de Cabedelo, onde vive atualmente.<\/p>\n<p>Mel foi avistada com o filhote por t\u00e9cnicos do projeto em dezembro do ano passado. Em uma primeira avalia\u00e7\u00e3o, os t\u00e9cnicos observaram que o filhote est\u00e1 saud\u00e1vel e sendo amamentado por Mel. \u201c<em>Esse foi o primeiro filhote de uma f\u00eamea de peixe-boi solta na Para\u00edba ao longo desses anos<\/em>\u201d, disse Borges. \u201c<em>Foi um grande presente de Natal para todos n\u00f3s. Esse nascimento representa de fato um grande marco para a conserva\u00e7\u00e3o dos peixes-boi<\/em>\u201d.<\/p>\n<p><img loading=\"lazy\" decoding=\"async\" class=\"size-full aligncenter\" src=\"https:\/\/obeabadosertao.com.br\/filerun\/wl\/?id=fMrQMDNGef6ZOJfjGz4K196dR5EyZ7wG\" width=\"700\" height=\"500\" \/><\/p>\n<h3><span style=\"color: #0000ff;\"><strong>Monitoramento<\/strong><\/span><\/h3>\n<p>A equipe do projeto monitora diariamente Mel e sua cria, porque nas primeiras semanas os filhotes s\u00e3o mais vulner\u00e1veis.<\/p>\n<p>Jo\u00e3o Carlos Gomes Borges conta que nas f\u00e9rias de ver\u00e3o, a regi\u00e3o recebe muitos turistas e embarca\u00e7\u00f5es, o que justifica um monitoramento mais intenso.<\/p>\n<p><img loading=\"lazy\" decoding=\"async\" class=\"size-full aligncenter\" src=\"https:\/\/obeabadosertao.com.br\/filerun\/wl\/?id=lijIEXN22oNe0Q1ROQutghN2AX7k476x\" width=\"700\" height=\"500\" \/><\/p>\n<p>O litoral da Para\u00edba \u00e9 um dos poucos lugares no Brasil onde \u00e9 poss\u00edvel avistar peixes-boi-marinhos nativos e reintroduzidos. Esse avistamento, no entanto, pode levar a intera\u00e7\u00f5es que s\u00e3o prejudiciais aos animais.<\/p>\n<h3><span style=\"color: #0000ff;\">Cuidados<\/span><\/h3>\n<p>Para Jo\u00e3o Gomes, a sociedade tem um papel determinante na estrat\u00e9gia de conserva\u00e7\u00e3o da esp\u00e9cie. Ele recomendou que ao avistar esses animais, os turistas devem manter dist\u00e2ncia e n\u00e3o devem toc\u00e1-los ou oferecer comida.<\/p>\n<p><img loading=\"lazy\" decoding=\"async\" class=\"size-full aligncenter\" src=\"https:\/\/obeabadosertao.com.br\/filerun\/wl\/?id=fENpHYGpLdi5pKVlBgAtjZAIRQULFigt\" width=\"700\" height=\"500\" \/><\/p>\n<p>Os condutores de embarca\u00e7\u00f5es motorizadas, como barcos, lanchas e jet skis, devem verificar, antes de acionar o motor, se h\u00e1 algum peixe-boi-marinho pr\u00f3ximo, porque a h\u00e9lice pode machucar o animal.<\/p>\n<p>J\u00e1 durante a navega\u00e7\u00e3o, o condutor deve reduzir a velocidade ou desligar o motor caso aviste algum animal perto.<\/p>\n<p><img loading=\"lazy\" decoding=\"async\" class=\"size-full aligncenter\" src=\"https:\/\/obeabadosertao.com.br\/filerun\/wl\/?id=bXEK1bzMyRqZVJzo8BC98VJqapcwHYCt\" width=\"700\" height=\"500\" \/><\/p>\n<p>Ao perceber que um peixe-boi est\u00e1 em perigo, machucado ou encalhado deve entrar em contato com o Projeto Viva o Peixe-Boi-Marinho pelo telefones (83-99961 1338) ou pelo WhatsApp (83-99961 1352).<\/p>\n<h3><span style=\"color: #0000ff;\">Projeto<\/span><\/h3>\n<p>O Viva o Peixe-Boi Marinho \u00e9 um dos 17 projetos que o Programa Petrobras Socioambiental apoia na linha de oceano.<\/p>\n<p><img loading=\"lazy\" decoding=\"async\" class=\"size-full aligncenter\" src=\"https:\/\/obeabadosertao.com.br\/filerun\/wl\/?id=WbK3zokej55UjMqjmUJnUv7QFN97PizQ\" width=\"700\" height=\"500\" \/><\/p>\n<p>Somente nessa linha, o investimento previsto atingir\u00e1 R$ 96,6 milh\u00f5es no per\u00edodo de 2020 a 2025.<\/p>\n<p>Esses projetos visam conservar esp\u00e9cies e ecossistemas costeiros e marinhos, contribuindo para a conserva\u00e7\u00e3o da biodiversidade e a sa\u00fade do oceano.<\/p>\n<h5><span style=\"color: #0000ff;\"><strong>* Com Ag\u00eancia Brasil.<\/strong><\/span><\/h5>\n<p><img loading=\"lazy\" decoding=\"async\" class=\"size-full aligncenter\" src=\"https:\/\/obeabadosertao.com.br\/filerun\/wl\/?id=uAt59Uv008xbB7B6vjSwsv8J7Xh8LaUP\" width=\"700\" height=\"500\" \/><\/p>\n","protected":false},"excerpt":{"rendered":"<p>Tempo de leitura: 2 minutosA Funda\u00e7\u00e3o Mam\u00edferos Aqu\u00e1ticos est\u00e1 comemorando o nascimento do primeiro filhote de peixe-boi-marinho de uma f\u00eamea [&hellip;]<\/p>\n","protected":false},"author":1,"featured_media":14972,"comment_status":"open","ping_status":"open","sticky":false,"template":"","format":"standard","meta":[],"categories":[47,4],"tags":[8878,8881,6441,8879,8871,8887,8890,8873,8892,8874,8883,1943,8882,8880,8876,8886,8889,8888,8893,8885,8872,8884,8875,8877,8894,8891,8895],"amp_enabled":true,"_links":{"self":[{"href":"https:\/\/obeabadosertao.com.br\/portal\/wp-json\/wp\/v2\/posts\/14970"}],"collection":[{"href":"https:\/\/obeabadosertao.com.br\/portal\/wp-json\/wp\/v2\/posts"}],"about":[{"href":"https:\/\/obeabadosertao.com.br\/portal\/wp-json\/wp\/v2\/types\/post"}],"author":[{"embeddable":true,"href":"https:\/\/obeabadosertao.com.br\/portal\/wp-json\/wp\/v2\/users\/1"}],"replies":[{"embeddable":true,"href":"https:\/\/obeabadosertao.com.br\/portal\/wp-json\/wp\/v2\/comments?post=14970"}],"version-history":[{"count":3,"href":"https:\/\/obeabadosertao.com.br\/portal\/wp-json\/wp\/v2\/posts\/14970\/revisions"}],"predecessor-version":[{"id":14992,"href":"https:\/\/obeabadosertao.com.br\/portal\/wp-json\/wp\/v2\/posts\/14970\/revisions\/14992"}],"wp:featuredmedia":[{"embeddable":true,"href":"https:\/\/obeabadosertao.com.br\/portal\/wp-json\/wp\/v2\/media\/14972"}],"wp:attachment":[{"href":"https:\/\/obeabadosertao.com.br\/portal\/wp-json\/wp\/v2\/media?parent=14970"}],"wp:term":[{"taxonomy":"category","embeddable":true,"href":"https:\/\/obeabadosertao.com.br\/portal\/wp-json\/wp\/v2\/categories?post=14970"},{"taxonomy":"post_tag","embeddable":true,"href":"https:\/\/obeabadosertao.com.br\/portal\/wp-json\/wp\/v2\/tags?post=14970"}],"curies":[{"name":"wp","href":"https:\/\/api.w.org\/{rel}","templated":true}]}}