{"id":15006,"date":"2023-01-20T18:05:22","date_gmt":"2023-01-20T21:05:22","guid":{"rendered":"https:\/\/obeabadosertao.com.br\/portal\/?p=15006"},"modified":"2023-02-08T13:53:15","modified_gmt":"2023-02-08T16:53:15","slug":"sem-fianca-justica-da-espanha-determina-prisao-preventiva-de-daniel-alves","status":"publish","type":"post","link":"https:\/\/obeabadosertao.com.br\/portal\/2023\/01\/20\/sem-fianca-justica-da-espanha-determina-prisao-preventiva-de-daniel-alves\/","title":{"rendered":"Sem fian\u00e7a: Justi\u00e7a da Espanha determina pris\u00e3o preventiva de Daniel Alves"},"content":{"rendered":"<div id=\"tt-temp-estim\">Tempo de leitura: 3 minutos<\/div><h4><span style=\"color: #000080;\"><em>Atleta \u00e9 acusado de agress\u00e3o sexual de jovem em Barcelona. Mais cedo, ao prestar depoimento, o lateral direito j\u00e1 havia sido detido em Barcelona.<\/em><\/span><\/h4>\n<p>A Justi\u00e7a da Espanha decretou na tarde desta sexta-feira (20Janeiro2023) a pris\u00e3o preventiva e sem direito a fian\u00e7a do jogador brasileiro Daniel Alves, de 39 anos, que responde por suposta agress\u00e3o sexual.<\/p>\n<p><img fetchpriority=\"high\" decoding=\"async\" class=\"size-full aligncenter\" src=\"https:\/\/obeabadosertao.com.br\/filerun\/wl\/?id=Q05ZN3X4pyoCErTcSQkLxEOD33maWv6s\" width=\"700\" height=\"500\" \/><\/p>\n<p>A decis\u00e3o foi tomada pelo juizado n\u00ba 15 de Barcelona ap\u00f3s pedido do Minist\u00e9rio P\u00fablico da Espanha. O jogador \u00e9 investigado por um suposto abuso sexual e foi detido nesta sexta-feira (20Janeiro2023).<\/p>\n<p class=\"text\">De acordo com o jornal catal\u00e3o\u00a0<em>La Vanguardia<\/em>, a decis\u00e3o veio ap\u00f3s a Procuradoria ouvir o depoimento da v\u00edtima, uma jovem barcelonesa de 23 anos, que afirmou que sofreu abuso dentro um banheiro da \u00e1rea VIP da boate Sutton.<\/p>\n<p>Conforme a publica\u00e7\u00e3o, a jovem notificou o clube ap\u00f3s sofrer a viol\u00eancia, e os respons\u00e1veis do local chamaram a pol\u00edcia. A mulher foi levada pelos policiais at\u00e9 um hospital local, que \u00e9 especializado em v\u00edtimas de agress\u00e3o sexual.<\/p>\n<p><img decoding=\"async\" class=\"size-full aligncenter\" src=\"https:\/\/obeabadosertao.com.br\/filerun\/wl\/?id=2ZjpPMmlclaFF5tABdQeEQgAsRDvIQVn\" width=\"700\" height=\"500\" \/><\/p>\n<p>A mulher o denunciou dois dias ap\u00f3s a suposta viol\u00eancia. O caso est\u00e1 judicializado e em fase de investiga\u00e7\u00e3o, conforme explica o Tribunal Superior de Justi\u00e7a da Catalunha (TSJC) \u00e0 reportagem.<\/p>\n<p>Alves prestou depoimento na delegacia de Mossos d&#8217;Esquadra de Les Corts, na Espanha, na manh\u00e3 desta sexta-feira (20Janeiro2023), conforme informou o jornal espanhol <em>El Pa\u00eds<\/em>.<\/p>\n<p>De acordo com o atleta, ele estava em Barcelona ap\u00f3s participar da Copa do Mundo no Catar, mas &#8220;<em>nada aconteceu<\/em>&#8220;.<\/p>\n<p><img decoding=\"async\" class=\"size-full aligncenter\" src=\"https:\/\/obeabadosertao.com.br\/filerun\/wl\/?id=BbHXy8EhU97ZLadzjD0hI7scHUFOu8Ia\" width=\"701\" height=\"501\" \/><\/p>\n<p>Depois da declara\u00e7\u00e3o \u00e0s autoridades, o atleta, que disputou a \u00faltima Copa do Mundo com a sele\u00e7\u00e3o brasileira, saiu do local preso em um carro policial ap\u00f3s \u00e0s 10h00m (hor\u00e1rio local). A decis\u00e3o judicial acolhe um pedido da Promotoria.<\/p>\n<p>Em 2 de janeiro, a pol\u00edcia catal\u00e3 recebeu a den\u00fancia de uma mulher que disse ter sofrido toques indesejados por parte do atleta, disseram fontes \u00e0 ag\u00eancia AFP.<\/p>\n<p>Os fatos teriam ocorrido em uma boate de Barcelona na noite de 30 para 31 de dezembro(2022), segundo a imprensa local.<\/p>\n<p><img loading=\"lazy\" decoding=\"async\" class=\"size-full aligncenter\" src=\"https:\/\/obeabadosertao.com.br\/filerun\/wl\/?id=zzxyEpcKBhZqE8htCHGkmgj2OjYiSI1Q\" width=\"700\" height=\"500\" \/><\/p>\n<p>Ainda segundo o\u00a0<em>El Pa\u00eds<\/em>, o jogador negou as acusa\u00e7\u00f5es. \u201c<em>Eu gostaria de negar tudo, primeiro. [&#8230;] Sinto muito, mas n\u00e3o sei quem \u00e9 essa senhora, n\u00e3o sei quem \u00e9, nunca a vi na minha vida. Todos esses anos nunca invadi o espa\u00e7o de ningu\u00e9m, muito menos sem autoriza\u00e7\u00e3o, como vou fazer com uma mulher ou uma menina, por Deus, n\u00e3o. J\u00e1 chega porque machucam, principalmente o meu povo, o meu, porque eles sabem quem eu sou<\/em>\u201d, disse em uma mensagem de v\u00eddeo enviado ao programa <em>Antena 3, em 5 de Janeiro, confirmando que esteve na boate \u201cse divertindo\u201d, mas \u201csem invadir o espa\u00e7o dos outros\u201d.<\/em><\/p>\n<p>Mais cedo, antes de Daniel Alves ser detido, a esposa do atleta,\u00a0Joana Sanz, havia publicado uma\u00a0mensagem nas\u00a0redes sociais agradecendo o apoio dos f\u00e3s. &#8220;<em>Obrigada por tantas mensagens de apoio e demonstra\u00e7\u00f5es de carinho. Me senti muito acolhida nesse come\u00e7o de ano obscuro. Voltarei como uma f\u00eanix<\/em>&#8220;, disse Joana. Ela tamb\u00e9m publicou uma foto segurando a m\u00e3e de Dani. &#8220;<em>Juntos<\/em>&#8220;, legendou ela.<\/p>\n<h3><span style=\"color: #000080;\"><strong>Capit\u00e3o da sele\u00e7\u00e3o brasileira<\/strong><\/span><\/h3>\n<p>Capit\u00e3o da sele\u00e7\u00e3o brasileira e jogador de futebol mais vitorioso da hist\u00f3ria, com 43 t\u00edtulos, ele estava de f\u00e9rias na cidade antes de voltar para o M\u00e9xico, ap\u00f3s disputar a Copa do Mundo.<\/p>\n<p><img loading=\"lazy\" decoding=\"async\" class=\"size-full aligncenter\" src=\"https:\/\/obeabadosertao.com.br\/filerun\/wl\/?id=kier2jyhJ0RfzeYBn6hqeTsN7wBUenoI\" width=\"700\" height=\"500\" \/><\/p>\n<p>Foi no Barcelona, entre 2008 e 2016, que o lateral viveu sua fase mais gloriosa, acompanhado de nomes como Lionel Messi, Xavi e Iniesta. L\u00e1, conquistou 23 t\u00edtulos, entre eles tr\u00eas Ligas dos Campe\u00f5es, seis campeonatos espanh\u00f3is e quatro Copas do Rei.<\/p>\n<p>No Catar, tornou-se o jogador brasileiro mais velho a jogar uma Copa do Mundo.<\/p>\n<p>Alves come\u00e7ou sua carreira no Esporte Clube Bahia, no Brasil, e, em 2002, assinou com o Sevilla FC, onde passou seis anos, antes de se juntar ao Bar\u00e7a.<\/p>\n<p>Depois, viriam a Juventus, em Turim; o franc\u00eas PSG, onde reencontrou o compatriota Neymar; e um retorno ao seu Pa\u00eds em 2019, antes de voltar ao Bar\u00e7a por seis meses, na temporada 2021-2022.<\/p>\n","protected":false},"excerpt":{"rendered":"<p>Tempo de leitura: 3 minutosAtleta \u00e9 acusado de agress\u00e3o sexual de jovem em Barcelona. Mais cedo, ao prestar depoimento, o [&hellip;]<\/p>\n","protected":false},"author":1,"featured_media":15008,"comment_status":"open","ping_status":"open","sticky":false,"template":"","format":"standard","meta":[],"categories":[4,25],"tags":[894,8951,4723,5701,8950,8949,3941,4725,8944,8946,8945,8947,8948],"amp_enabled":true,"_links":{"self":[{"href":"https:\/\/obeabadosertao.com.br\/portal\/wp-json\/wp\/v2\/posts\/15006"}],"collection":[{"href":"https:\/\/obeabadosertao.com.br\/portal\/wp-json\/wp\/v2\/posts"}],"about":[{"href":"https:\/\/obeabadosertao.com.br\/portal\/wp-json\/wp\/v2\/types\/post"}],"author":[{"embeddable":true,"href":"https:\/\/obeabadosertao.com.br\/portal\/wp-json\/wp\/v2\/users\/1"}],"replies":[{"embeddable":true,"href":"https:\/\/obeabadosertao.com.br\/portal\/wp-json\/wp\/v2\/comments?post=15006"}],"version-history":[{"count":1,"href":"https:\/\/obeabadosertao.com.br\/portal\/wp-json\/wp\/v2\/posts\/15006\/revisions"}],"predecessor-version":[{"id":15007,"href":"https:\/\/obeabadosertao.com.br\/portal\/wp-json\/wp\/v2\/posts\/15006\/revisions\/15007"}],"wp:featuredmedia":[{"embeddable":true,"href":"https:\/\/obeabadosertao.com.br\/portal\/wp-json\/wp\/v2\/media\/15008"}],"wp:attachment":[{"href":"https:\/\/obeabadosertao.com.br\/portal\/wp-json\/wp\/v2\/media?parent=15006"}],"wp:term":[{"taxonomy":"category","embeddable":true,"href":"https:\/\/obeabadosertao.com.br\/portal\/wp-json\/wp\/v2\/categories?post=15006"},{"taxonomy":"post_tag","embeddable":true,"href":"https:\/\/obeabadosertao.com.br\/portal\/wp-json\/wp\/v2\/tags?post=15006"}],"curies":[{"name":"wp","href":"https:\/\/api.w.org\/{rel}","templated":true}]}}