{"id":15331,"date":"2023-02-08T13:47:49","date_gmt":"2023-02-08T16:47:49","guid":{"rendered":"https:\/\/obeabadosertao.com.br\/portal\/?p=15331"},"modified":"2023-02-08T13:51:23","modified_gmt":"2023-02-08T16:51:23","slug":"daniel-alves-muda-versao-e-relato-da-vitima-de-estupro-ganha-forca","status":"publish","type":"post","link":"https:\/\/obeabadosertao.com.br\/portal\/2023\/02\/08\/daniel-alves-muda-versao-e-relato-da-vitima-de-estupro-ganha-forca\/","title":{"rendered":"Daniel Alves muda vers\u00e3o, e relato da v\u00edtima de estupro ganha for\u00e7a"},"content":{"rendered":"<div id=\"tt-temp-estim\">Tempo de leitura: 1 minuto<\/div><p>Daniel Alves est\u00e1 preso desde o dia 20 de janeiro por causa das acusa\u00e7\u00f5es de estupro e agress\u00e3o contra uma mulher em dezembro de 2022, em Barcelona.<\/p>\n<p><img fetchpriority=\"high\" decoding=\"async\" class=\"size-full aligncenter\" src=\"https:\/\/obeabadosertao.com.br\/filerun\/wl\/?id=ClL1pfqXt29vHyyze4LexD2bRf781vzm\" width=\"700\" height=\"500\" \/><\/p>\n<h4 style=\"text-align: center;\"><span style=\"color: #000080;\">Daniel Alves est\u00e1 detido no Centro Penitenci\u00e1rio Brians 1. Constru\u00eddo no in\u00edcio dos anos 1990, inaugurado em 1991, o complexo penitenci\u00e1rio &#8211; que fica em Sant Esteve Sesrovires, a mais de 40 km de Barcelona &#8211; \u00e9 usado para pris\u00f5es preventivas, como \u00e9 o caso do jogador brasileiro de 39 anos.<\/span><\/h4>\n<p>Nesta quarta-feira (08Fevereiro2023), o jornal colombiano El Tiempo noticiou que o jogador mudou de vers\u00e3o pela terceira vez, e isso estaria complicando ainda mais a situa\u00e7\u00e3o dele no caso.<\/p>\n<p>De acordo com a publica\u00e7\u00e3o, Daniel admitiu pela primeira vez que houve penetra\u00e7\u00e3o vaginal, informa\u00e7\u00e3o que ele havia negado nos \u00faltimos depoimentos.<\/p>\n<p>Agora, a investiga\u00e7\u00e3o gira em torno de averiguar se essa penetra\u00e7\u00e3o foi ou n\u00e3o consensual entre eles.<\/p>\n<h3><span style=\"color: #000080;\"><strong>Relat\u00f3rio<\/strong><\/span><\/h3>\n<p>Um relat\u00f3rio elaborado pelo Hospital Cl\u00ednico de Barcelona e divulgado pelo portal Informal j\u00e1 havia atestado que houve penetra\u00e7\u00e3o vaginal.\u00a0\u201c<em>O relat\u00f3rio de les\u00f5es elaborado pelo Hospital Cl\u00ednico de Barcelona, especializado em agress\u00f5es sexuais, verifica a penetra\u00e7\u00e3o vaginal e certifica a exist\u00eancia de hematomas, arranh\u00f5es e mordidas no corpo da jovem, somados ao estado de nervosismo e ansiedade que ela apresentava ap\u00f3s seu encontro com Alves<\/em>\u201d, disse o jornal.<\/p>\n<p><img decoding=\"async\" class=\"size-full aligncenter\" src=\"https:\/\/obeabadosertao.com.br\/filerun\/wl\/?id=Q05ZN3X4pyoCErTcSQkLxEOD33maWv6s\" width=\"700\" height=\"500\" \/><\/p>\n<p>A v\u00edtima que teria sido abusada sexualmente por Daniel Alves afirma que a penetra\u00e7\u00e3o n\u00e3o foi consensual.<\/p>\n<p>O crime teria ocorrido sem preservativo e, por isso, ela est\u00e1 tomando rem\u00e9dios para preven\u00e7\u00e3o de infec\u00e7\u00f5es sexualmente transmiss\u00edveis, al\u00e9m de p\u00edlulas para conseguir dormir \u00e0 noite.<\/p>\n<p>Os advogados de defesa tentar\u00e3o, novamente, tirar o jogador brasileiro da cadeia nesta quarta-feira (08Fevereiro2023), segundo a publica\u00e7\u00e3o do jornal colombiano.<\/p>\n<p>Recentemente, o Minist\u00e9rio P\u00fablico da Espanha se posicionou contra a soltura do atleta. A promotoria considerou que ainda persiste o risco de fuga e que existem ind\u00edcios de que Daniel Alves cometeu o crime de agress\u00e3o sexual.<\/p>\n<h3><span style=\"color: #000080;\"><strong>MAT\u00c9RIAS RELACIONADAS<\/strong><\/span><\/h3>\n<h4><span style=\"color: #0000ff;\"><a style=\"color: #0000ff;\" title=\"Leia mais...\" href=\"https:\/\/obeabadosertao.com.br\/portal\/2023\/01\/20\/sem-fianca-justica-da-espanha-determina-prisao-preventiva-de-daniel-alves\/\" rel=\"bookmark\">Sem fian\u00e7a: Justi\u00e7a da Espanha determina pris\u00e3o preventiva de Daniel Alves<\/a><\/span><\/h4>\n<h4><span style=\"color: #0000ff;\"><a style=\"color: #0000ff;\" title=\"Leia mais...\" href=\"https:\/\/obeabadosertao.com.br\/portal\/2023\/01\/25\/tatuagem-descrita-por-mulher-fez-daniel-alves-admitir-que-houve-sexo\/\" rel=\"bookmark\">Tatuagem descrita por mulher fez Daniel Alves admitir que houve sexo<\/a><\/span><\/h4>\n<h4><a title=\"Leia mais...\" href=\"https:\/\/obeabadosertao.com.br\/portal\/2023\/01\/28\/o-cumplice-silencio-dos-jogadores-da-selecao-quanto-a-daniel-alves\/\" rel=\"bookmark\">O c\u00famplice sil\u00eancio dos jogadores da Sele\u00e7\u00e3o quanto a Daniel Alves<\/a><\/h4>\n<p>&nbsp;<\/p>\n","protected":false},"excerpt":{"rendered":"<p>Tempo de leitura: 1 minutoDaniel Alves est\u00e1 preso desde o dia 20 de janeiro por causa das acusa\u00e7\u00f5es de estupro [&hellip;]<\/p>\n","protected":false},"author":1,"featured_media":15333,"comment_status":"open","ping_status":"open","sticky":false,"template":"","format":"standard","meta":[],"categories":[4,25],"tags":[894,9846,4723,3941,9847,4725,9845],"amp_enabled":true,"_links":{"self":[{"href":"https:\/\/obeabadosertao.com.br\/portal\/wp-json\/wp\/v2\/posts\/15331"}],"collection":[{"href":"https:\/\/obeabadosertao.com.br\/portal\/wp-json\/wp\/v2\/posts"}],"about":[{"href":"https:\/\/obeabadosertao.com.br\/portal\/wp-json\/wp\/v2\/types\/post"}],"author":[{"embeddable":true,"href":"https:\/\/obeabadosertao.com.br\/portal\/wp-json\/wp\/v2\/users\/1"}],"replies":[{"embeddable":true,"href":"https:\/\/obeabadosertao.com.br\/portal\/wp-json\/wp\/v2\/comments?post=15331"}],"version-history":[{"count":3,"href":"https:\/\/obeabadosertao.com.br\/portal\/wp-json\/wp\/v2\/posts\/15331\/revisions"}],"predecessor-version":[{"id":15335,"href":"https:\/\/obeabadosertao.com.br\/portal\/wp-json\/wp\/v2\/posts\/15331\/revisions\/15335"}],"wp:featuredmedia":[{"embeddable":true,"href":"https:\/\/obeabadosertao.com.br\/portal\/wp-json\/wp\/v2\/media\/15333"}],"wp:attachment":[{"href":"https:\/\/obeabadosertao.com.br\/portal\/wp-json\/wp\/v2\/media?parent=15331"}],"wp:term":[{"taxonomy":"category","embeddable":true,"href":"https:\/\/obeabadosertao.com.br\/portal\/wp-json\/wp\/v2\/categories?post=15331"},{"taxonomy":"post_tag","embeddable":true,"href":"https:\/\/obeabadosertao.com.br\/portal\/wp-json\/wp\/v2\/tags?post=15331"}],"curies":[{"name":"wp","href":"https:\/\/api.w.org\/{rel}","templated":true}]}}