{"id":15347,"date":"2023-02-13T17:03:50","date_gmt":"2023-02-13T20:03:50","guid":{"rendered":"https:\/\/obeabadosertao.com.br\/portal\/?p=15347"},"modified":"2023-02-12T19:02:51","modified_gmt":"2023-02-12T22:02:51","slug":"a-doenca-que-provavelmente-cegou-sao-francisco-de-assis","status":"publish","type":"post","link":"https:\/\/obeabadosertao.com.br\/portal\/2023\/02\/13\/a-doenca-que-provavelmente-cegou-sao-francisco-de-assis\/","title":{"rendered":"A doen\u00e7a que provavelmente cegou S\u00e3o Francisco de Assis"},"content":{"rendered":"<div id=\"tt-temp-estim\">Tempo de leitura: 3 minutos<\/div><h3><em><span style=\"color: #000080;\">Francisco foi ao Oriente pregar o Evangelho e, nessa viagem, adquiriu uma doen\u00e7a nos olhos que o levou \u00e0 cegueira.<\/span><\/em><\/h3>\n<p>O Frade cat\u00f3lico Giovanni di Pietro di Bernardone (1181 ou 1182 &#8211; 3 de outubro de 1226), nasceu em 1182, na pequena cidade de Assis, na It\u00e1lia, em uma rica fam\u00edlia de comerciantes, durante um momento de ora\u00e7\u00e3o.<\/p>\n<p>Era filho do comerciante italiano Pietro di Bernadone dei Moriconi e sua esposa Pica Bourlemont, cuja fam\u00edlia tinha ra\u00edzes francesas.<\/p>\n<p>Os pais de Francisco faziam parte da burguesia da cidade de Assis, e gra\u00e7as a neg\u00f3cios bem sucedidos na Proven\u00e7a, Fran\u00e7a, conquistaram riqueza e bem estar.<\/p>\n<p><img fetchpriority=\"high\" decoding=\"async\" class=\"size-full aligncenter\" src=\"https:\/\/obeabadosertao.com.br\/filerun\/wl\/?id=9Cy0u3HC0ePv6Kzh9cRTxZ0eS834eUK9\" width=\"700\" height=\"500\" \/><\/p>\n<p>Francisco de Assis teve uma experi\u00eancia m\u00edstica: \u201c<em>Francisco, restaura a minha Igreja<\/em>\u201d. A ordem divina que o jovem rico ouviu, na igreja de S\u00e3o Dami\u00e3o, foi atendida, e, mesmo sob protestos de seu pai, Francisco optou pela vida religiosa.<\/p>\n<p>O santo, atendendo \u00e0 ordem divina, percebeu que a vida opulenta na qual viviam alguns religiosos poderia afastar a Igreja dos ensinamentos de Cristo.<\/p>\n<p>Optou, ent\u00e3o, por uma vida simples, fez voto de pobreza e, nos anos de 1200, e recebeu autoriza\u00e7\u00e3o do Papa para erigir oficialmente sua Ordem dos Frades Menores.<\/p>\n<p><img decoding=\"async\" class=\"size-full aligncenter\" src=\"https:\/\/obeabadosertao.com.br\/filerun\/wl\/?id=6ltt2qyfKVVKo7jmVEgohDK8PeCospqz\" width=\"700\" height=\"500\" \/><\/p>\n<p>O trabalho de S\u00e3o Francisco foi exitoso, suas sementes germinaram no mundo todo e os seus frutos s\u00e3o at\u00e9 hoje colhidos. Por\u00e9m, a vida de S\u00e3o Francisco n\u00e3o foi f\u00e1cil.<\/p>\n<p>Em toda a sua biografia, s\u00e3o descritos relatos de doen\u00e7as que o acometiam. Desde uma mal\u00e1ria adquirida na juventude at\u00e9 uma cegueira que o impedia de vislumbrar a beleza da cria\u00e7\u00e3o.<\/p>\n<p>Sim, na hist\u00f3ria deste santo, se relata que, em 1219, em meio \u00e0s Cruzadas, Francisco foi ao Oriente pregar o Evangelho e, nessa viagem, adquiriu uma doen\u00e7a nos olhos que o levou \u00e0 cegueira.<\/p>\n<p><img decoding=\"async\" class=\"size-full aligncenter\" src=\"https:\/\/obeabadosertao.com.br\/filerun\/wl\/?id=s4CmYY55KmoYdNgvxdnNm2vY2GbTtNm7\" width=\"700\" height=\"500\" \/><\/p>\n<p>Fazendo um estudo das poss\u00edveis causas dessa cegueira de S\u00e3o Francisco de Assis, pensamos ser muito prov\u00e1vel que ela tenha sido causada pelo Tracoma, enfermidade muito presente na \u00e9poca e no local de peregrina\u00e7\u00e3o do santo.<\/p>\n<p>O Tracoma \u00e9 uma mol\u00e9stia infecciosa muito antiga, com relatos encontrados em achados arqueol\u00f3gicos que remontam h\u00e1 1500 a.C.\u00a0 Tal doen\u00e7a \u00e9 causada por uma bact\u00e9ria chamada <em>Chlamydia trachomatis<\/em> e se manifesta com uma inflama\u00e7\u00e3o ocular.<\/p>\n<p>Esta inflama\u00e7\u00e3o cr\u00f4nica \u00e9 percebida inicialmente com uma leve irrita\u00e7\u00e3o nos olhos e nas p\u00e1lpebras, mas que evolui com dor nos olhos e turva\u00e7\u00e3o visual. Se n\u00e3o for adequadamente tratada, leva \u00e0 cegueira.<\/p>\n<p><img loading=\"lazy\" decoding=\"async\" class=\"size-full aligncenter\" src=\"https:\/\/obeabadosertao.com.br\/filerun\/wl\/?id=GrAk6CSNQH9mY1vNXnWZO5fwE8OYlNin\" width=\"700\" height=\"500\" \/><\/p>\n<p>Essa doen\u00e7a ainda est\u00e1 presente em \u00e1reas pobres e rurais do Oriente M\u00e9dio, da \u00c1frica, das Am\u00e9ricas Central e do Sul e sua transmiss\u00e3o se d\u00e1 por meios do contato com pessoas doentes ou objetos que foram utilizados pelas pessoas contaminadas tais como toalhas de rosto, produtos de maquiagem, len\u00e7os etc.<\/p>\n<p>Da\u00ed o principal motivo para se evitar o compartilhamento de produtos de uso pessoal como pinc\u00e9is e l\u00e1pis de olho usados em maquiagem e evitar o uso de toalhas de pano em ambientes p\u00fablicos, dando prefer\u00eancia sempre a toalhas descart\u00e1veis. No caso de contamina\u00e7\u00e3o, o tratamento deve ser feito com antibi\u00f3ticos.<\/p>\n<p><img loading=\"lazy\" decoding=\"async\" class=\"size-full aligncenter\" src=\"https:\/\/obeabadosertao.com.br\/filerun\/wl\/?id=N78Gu5OOtWwbmnUF6vy4hxUCYlbP9Ayq\" width=\"700\" height=\"500\" \/><\/p>\n<p style=\"text-align: center;\"><span style=\"color: #000080;\"><em><strong>Giovanni di Pietro di Bernardone &#8211; S\u00e3o Francisco de Assis morreu aos 44 anos de idade.<\/strong><\/em><\/span><\/p>\n<p>At\u00e9 hoje, o Tracoma \u00e9 a maior causa de cegueira evit\u00e1vel no mundo e dados da Organiza\u00e7\u00e3o Mundial da Sa\u00fade de 2022 relatam que 1,9 milh\u00f5es de pessoas sofrem de cegueira ou defici\u00eancia visual devido a essa doen\u00e7a.<\/p>\n<p>Apesar de a preven\u00e7\u00e3o ser relativamente simples, como o acesso a \u00e1gua limpa para uma higiene pessoal adequada e evitar o compartilhamento de alguns produtos potencialmente contaminados (toalhas de rosto e pinc\u00e9is de maquiagem, por exemplo), o tracoma ainda se apresenta como um problema de sa\u00fade p\u00fablica que, infelizmente, \u00e9 negligenciado por n\u00e3o poucas autoridades governamentais.<\/p>\n<p>&nbsp;<\/p>\n<h2><span style=\"color: #0000ff;\">Mat\u00e9rias relacionadas<\/span><\/h2>\n<h3><span style=\"color: #000080;\"><a style=\"color: #000080;\" href=\"https:\/\/obeabadosertao.com.br\/portal\/2011\/04\/11\/Tumulo-de-Sao-Francisco-de-Assis-e-aberto-ao-publico\/\">T\u00famulo de S\u00e3o Francisco de Assis \u00e9 aberto ao p\u00fablico<\/a><\/span><\/h3>\n","protected":false},"excerpt":{"rendered":"<p>Tempo de leitura: 3 minutosFrancisco foi ao Oriente pregar o Evangelho e, nessa viagem, adquiriu uma doen\u00e7a nos olhos que [&hellip;]<\/p>\n","protected":false},"author":1,"featured_media":15371,"comment_status":"open","ping_status":"open","sticky":false,"template":"","format":"standard","meta":[],"categories":[4,40],"tags":[9896,9898,9897,9894,4995,9893,9892,9895],"amp_enabled":true,"_links":{"self":[{"href":"https:\/\/obeabadosertao.com.br\/portal\/wp-json\/wp\/v2\/posts\/15347"}],"collection":[{"href":"https:\/\/obeabadosertao.com.br\/portal\/wp-json\/wp\/v2\/posts"}],"about":[{"href":"https:\/\/obeabadosertao.com.br\/portal\/wp-json\/wp\/v2\/types\/post"}],"author":[{"embeddable":true,"href":"https:\/\/obeabadosertao.com.br\/portal\/wp-json\/wp\/v2\/users\/1"}],"replies":[{"embeddable":true,"href":"https:\/\/obeabadosertao.com.br\/portal\/wp-json\/wp\/v2\/comments?post=15347"}],"version-history":[{"count":3,"href":"https:\/\/obeabadosertao.com.br\/portal\/wp-json\/wp\/v2\/posts\/15347\/revisions"}],"predecessor-version":[{"id":15370,"href":"https:\/\/obeabadosertao.com.br\/portal\/wp-json\/wp\/v2\/posts\/15347\/revisions\/15370"}],"wp:featuredmedia":[{"embeddable":true,"href":"https:\/\/obeabadosertao.com.br\/portal\/wp-json\/wp\/v2\/media\/15371"}],"wp:attachment":[{"href":"https:\/\/obeabadosertao.com.br\/portal\/wp-json\/wp\/v2\/media?parent=15347"}],"wp:term":[{"taxonomy":"category","embeddable":true,"href":"https:\/\/obeabadosertao.com.br\/portal\/wp-json\/wp\/v2\/categories?post=15347"},{"taxonomy":"post_tag","embeddable":true,"href":"https:\/\/obeabadosertao.com.br\/portal\/wp-json\/wp\/v2\/tags?post=15347"}],"curies":[{"name":"wp","href":"https:\/\/api.w.org\/{rel}","templated":true}]}}