{"id":15942,"date":"2023-03-19T07:09:38","date_gmt":"2023-03-19T10:09:38","guid":{"rendered":"https:\/\/obeabadosertao.com.br\/portal\/?p=15942"},"modified":"2023-03-17T02:37:56","modified_gmt":"2023-03-17T05:37:56","slug":"sao-jose-santo-homem-obediente-e-silencioso","status":"publish","type":"post","link":"https:\/\/obeabadosertao.com.br\/portal\/2023\/03\/19\/sao-jose-santo-homem-obediente-e-silencioso\/","title":{"rendered":"S\u00e3o Jos\u00e9: santo homem obediente e silencioso"},"content":{"rendered":"<div id=\"tt-temp-estim\">Tempo de leitura: 5 minutos<\/div><p>Neste dia 19 de mar\u00e7o, a Igreja celebra a Festa de S\u00e3o Jos\u00e9, esposo da Virgem Maria e Padroeiro da Igreja Cat\u00f3lica, como elevado pelo Papa Pio IX em 1870.<\/p>\n<p><img fetchpriority=\"high\" decoding=\"async\" class=\"size-medium aligncenter\" src=\"https:\/\/obeabadosertao.com.br\/filerun\/wl\/?id=9o71Vg7Ee5JTc4uUjecWv5VH5AgRUIyk\" width=\"700\" height=\"500\" \/><\/p>\n<p>Nessa data, a Igreja celebra esse santo homem silencioso e obediente. N\u00f3s da Obra Evangelizar o temos como protetor, pois esse santo \u00e9 refer\u00eancia nas causas temporais, para que nunca nos falte recursos na evangeliza\u00e7\u00e3o.<br \/>\nS\u00e3o Jos\u00e9 \u00e9 apresentado como um homem justo que observa a lei, um trabalhador, humilde e apaixonado por Maria, como nos ensinou Papa Francisco.<\/p>\n<p>Diante do incompreens\u00edvel, S\u00e3o Jos\u00e9 prefere colocar-se de lado, mas depois Deus lhe revela a sua miss\u00e3o. E assim, Jos\u00e9 abra\u00e7a a sua tarefa, o seu papel e acompanha o crescimento do Filho de Deus, sem julgar.<\/p>\n<p><img decoding=\"async\" class=\"size-medium aligncenter\" src=\"https:\/\/obeabadosertao.com.br\/filerun\/wl\/?id=MybqCVAFWnNRG5DlEeRCcP5o6c9tirhk\" width=\"700\" height=\"500\" \/><\/p>\n<p>Ele ajudou Jesus a crescer, a se desenvolver. Assim procurou um lugar para que o filho nascesse, cuidou dele, ajudou-o a crescer, ensinou-lhe a profiss\u00e3o e, certamente, muitas outras coisas.<\/p>\n<p>\u201c<em>No meu escrit\u00f3rio, eu tenho uma imagem de S\u00e3o Jos\u00e9 dormindo, e dormindo, ele cuida da Igreja. Quando eu tenho um problema ou uma dificuldade, e o escrevo em um papelzinho e o coloco embaixo da imagem de S\u00e3o Jos\u00e9, para que ele sonhe sobre isso.\u00a0<\/em><em>Isso significa: para que ele reze por este problema<\/em>\u201d, pontuou o Papa Francisco durante o Encontro com as fam\u00edlias filipinas, em Manila, no m\u00eas de janeiro de 2015.<\/p>\n<p><img decoding=\"async\" class=\"size-medium aligncenter\" src=\"https:\/\/obeabadosertao.com.br\/filerun\/wl\/?id=ToCwLiVhjVlvhqHeUE11bnvSyaP7wtYF\" width=\"700\" height=\"500\" \/><\/p>\n<p>S\u00e3o Jos\u00e9, mesmo dormindo, continua intercedendo por n\u00f3s, pelas fam\u00edlias e pela Igreja. O culto a S\u00e3o Jos\u00e9 come\u00e7ou no s\u00e9culo IX e um dos primeiros t\u00edtulos que utilizaram para honr\u00e1-lo foi \u201c<em>nutritor Domini<\/em>\u201d, que significa \u201c<em>guardi\u00e3o do Senhor<\/em>\u201d.<\/p>\n<h2><span style=\"color: #000080;\">Guardi\u00e3o da Sagrada Fam\u00edlia<\/span><\/h2>\n<p>Jos\u00e9\u00a0de Nazar\u00e9\u00a0foi, segundo o\u00a0Novo Testamento, o esposo da\u00a0Virgem Maria\u00a0e o pai putativo de\u00a0Jesus.\u00a0Descendente da casa real de\u00a0David, \u00e9 venerado como Santo pelas igrejas\u00a0ortodoxa,\u00a0anglicana e\u00a0cat\u00f3lica, que o celebram como seu padroeiro universal.<\/p>\n<p><img loading=\"lazy\" decoding=\"async\" class=\"size-medium aligncenter\" src=\"https:\/\/obeabadosertao.com.br\/filerun\/wl\/?id=hmVzZbEsuSx3PbxZsf5VXK9IIZLHJoXp\" width=\"700\" height=\"500\" \/><\/p>\n<p>A\u00a0liturgia\u00a0luterana tamb\u00e9m dedica um dia &#8211; 19 de mar\u00e7o &#8211; \u00e0 sua mem\u00f3ria, sob o t\u00edtulo de &#8220;<em>Tutor de Nosso Senhor<\/em>&#8220;. Oper\u00e1rio, \u00e9 tido como &#8220;<em>Padroeiro dos Trabalhadores<\/em>&#8220;, e, pela fidelidade a sua esposa e dedica\u00e7\u00e3o paternal a Jesus, como &#8220;<em>Padroeiro das Fam\u00edlias<\/em>&#8220;, emprestando seu nome a muitas igrejas e lugares ao redor do mundo.<\/p>\n<p>Jos\u00e9 \u00e9 venerado como S\u00e3o Jos\u00e9 na Igreja Cat\u00f3lica, Igreja Ortodoxa, Igreja Ortodoxa Oriental, Anglicanismo e Luteranismo. Nas tradi\u00e7\u00f5es cat\u00f3licas \u00e9 considerado o santo padroeiro dos trabalhadores e est\u00e1 associado a v\u00e1rios dias de festa.<\/p>\n<p><img loading=\"lazy\" decoding=\"async\" class=\"size-medium aligncenter\" src=\"https:\/\/obeabadosertao.com.br\/filerun\/wl\/?id=kxaerV2c9OeiHQWQOQQJJmwj4fx0oAxY\" width=\"700\" height=\"500\" \/><\/p>\n<p>O papa Pio IX declarou-o patrono e protetor da Igreja Cat\u00f3lica, al\u00e9m de patrocinar os doentes e uma morte feliz, devido \u00e0 cren\u00e7a de que ele morreu na presen\u00e7a de Jesus e Maria.<\/p>\n<p>Na piedade popular, Jos\u00e9 \u00e9 considerado um modelo para os pais e tamb\u00e9m se tornou patrono de v\u00e1rias dioceses e lugares.<\/p>\n<p><img loading=\"lazy\" decoding=\"async\" class=\"size-medium aligncenter\" src=\"https:\/\/obeabadosertao.com.br\/filerun\/wl\/?id=D9rrjQjEBGxbjTeQyz5TbfwZ7wf5b5dy\" width=\"700\" height=\"500\" \/><\/p>\n<p>V\u00e1rias imagens veneradas de S\u00e3o Jos\u00e9 receberam uma coroa\u00e7\u00e3o can\u00f4nica por um papa. Na iconografia religiosa popular, ele \u00e9 associado a l\u00edrios ou nardo, representando sua castidade e pureza.<\/p>\n<p>Com o crescimento atual da Mariologia, o campo teol\u00f3gico da Josefologia tamb\u00e9m cresceu e, desde a d\u00e9cada de 1950 foram formados centros para estud\u00e1-la.<\/p>\n<h2><span style=\"color: #000080;\">Noven\u00e1rio<\/span><\/h2>\n<p>Todos os anos, junto com a novena, fi\u00e9is passam pela experi\u00eancia do Cord\u00e3o de S\u00e3o Jos\u00e9, refletindo a cada m\u00eas uma das sete dores e alegrias de S\u00e3o Jos\u00e9. \u00c9 gratificante pois muitos testemunhos relatam gra\u00e7as e b\u00ean\u00e7\u00e3os por intercess\u00e3o desse grande santo.<\/p>\n<p><img loading=\"lazy\" decoding=\"async\" class=\"size-medium aligncenter\" src=\"https:\/\/obeabadosertao.com.br\/filerun\/wl\/?id=Xkw4Mc9c4RkfQaHJvdrC0QDa8o97q38V\" width=\"700\" height=\"500\" \/><\/p>\n<p>A medita\u00e7\u00e3o sobre as \u201c<em>dores e alegrias de S\u00e3o Jos\u00e9<\/em>\u201d, ajuda a conhecer melhor o santo Patriarca e a lembrar que ele tamb\u00e9m enfrentou alegrias e dificuldades:<\/p>\n<p><b>Primeira Dor:\u00a0<\/b>Maria, sua m\u00e3e, estava prometida em casamento a Jos\u00e9, e, antes de viverem juntos, ela ficou gr\u00e1vida pela a\u00e7\u00e3o do Esp\u00edrito Santo (Mt 1,18).<\/p>\n<p><b>Primeira Alegria: <\/b>O anjo do Senhor apareceu-lhe, em sonho, e lhe disse: Jos\u00e9, Filho de Davi, n\u00e3o tenhas medo de receber Maria como tua esposa, porque ela concebeu pela a\u00e7\u00e3o do Esp\u00edrito Santo (Mt 1, 20-21).<\/p>\n<p><strong>Segunda Dor:\u00a0<\/strong>Veio para o que era seu, e os seus n\u00e3o o acolheram (Jo 1,1).<\/p>\n<p><strong>Segunda Alegria:<\/strong>\u00a0Foram \u00e0s pressas a Bel\u00e9m e encontraram Maria e Jos\u00e9, e o rec\u00e9m-nascido, deitado na manjedoura (Lc 2,16).<\/p>\n<p><strong>Terceira Dor:<\/strong>\u00a0Quando se completaram os oito dias para a circuncis\u00e3o do menino, deram-lhe o nome de Jesus, como fora chamado pelo anjo antes de ser concebido (Lc 2,21).<\/p>\n<p><strong>Terceira Alegria:\u00a0<\/strong>A quem por\u00e1s o nome de Jesus, ser\u00e1 chamado Filho do Alt\u00edssimo\u2026, e o seu reino n\u00e3o ter\u00e1 fim (Lc 1, 31 e 32).<\/p>\n<p><strong>Quarta Dor:<\/strong>\u00a0Sime\u00e3o os aben\u00e7oou e disse a Maria, a m\u00e3e de Jesus: Este menino vai ser causa tanto de queda como de reerguimento para muitos em Israel. Ele ser\u00e1 um sinal de contradi\u00e7\u00e3o. Assim ser\u00e3o revelados os pensamentos de muitos cora\u00e7\u00f5es (Lc 2, 34).<\/p>\n<p><strong>Quarta Alegria:<\/strong>\u00a0Porque meus olhos viram a tua salva\u00e7\u00e3o, que preparaste diante de todos os povos: luz para iluminar as na\u00e7\u00f5es (Lc 2, 30.32).<\/p>\n<p><strong>Quinta Dor:<\/strong>\u00a0O Anjo do Senhor apareceu em sonho a Jos\u00e9 e lhe disse: Levanta-te, pega o menino e sua m\u00e3e e foge para o Egito! Fica l\u00e1 at\u00e9 que eu te avise! (Mt 2,13).<\/p>\n<p><strong>Quinta Alegria:<\/strong> Ali ficou at\u00e9 \u00e0 morte de Herodes, para se cumprir o que o Senhor havia dito pelo profeta: \u2018Do Egito chamei o meu Filho\u2019 (Mt 2,15).<\/p>\n<p><strong>Sexta Dor:\u00a0<\/strong>Jos\u00e9 levantou-se, pegou o menino e sua m\u00e3e, entrou na terra de Israel. Mas, quando soube que Arquelau reinava na Judeia, no lugar de seu pai Herodes, teve medo de ir para l\u00e1 (Mt 2, 22).<\/p>\n<p><strong>Sexta Alegria:\u00a0<\/strong>Depois de receber um aviso em sonho, Jos\u00e9 retirou-se para a regi\u00e3o da Galileia, e foi morar numa cidade chamada Nazar\u00e9. Isso aconteceu para se cumprir o que foi dito pelos profetas: Ele ser\u00e1 chamado Nazareno (Mt 2,23).<\/p>\n<p><strong>S\u00e9tima Dor:\u00a0<\/strong>Come\u00e7aram a procur\u00e1-lo entre os parentes e conhecidos. N\u00e3o o tendo encontrado, voltaram para Jerusal\u00e9m \u00e0 sua procura (Lc2, 44).<\/p>\n<p><strong>S\u00e9tima Alegria:<\/strong> Tr\u00eas dias depois, O encontraram no Templo. Estava sentado no meio dos mestres, escutando e fazendo perguntas (Lc 2,45).<\/p>\n","protected":false},"excerpt":{"rendered":"<p>Tempo de leitura: 5 minutosNeste dia 19 de mar\u00e7o, a Igreja celebra a Festa de S\u00e3o Jos\u00e9, esposo da Virgem [&hellip;]<\/p>\n","protected":false},"author":1,"featured_media":15946,"comment_status":"open","ping_status":"open","sticky":false,"template":"","format":"standard","meta":[],"categories":[4,40],"tags":[11471,11466,11467,11472,11470,11473,9511,11468,11469,11465,11474],"amp_enabled":true,"_links":{"self":[{"href":"https:\/\/obeabadosertao.com.br\/portal\/wp-json\/wp\/v2\/posts\/15942"}],"collection":[{"href":"https:\/\/obeabadosertao.com.br\/portal\/wp-json\/wp\/v2\/posts"}],"about":[{"href":"https:\/\/obeabadosertao.com.br\/portal\/wp-json\/wp\/v2\/types\/post"}],"author":[{"embeddable":true,"href":"https:\/\/obeabadosertao.com.br\/portal\/wp-json\/wp\/v2\/users\/1"}],"replies":[{"embeddable":true,"href":"https:\/\/obeabadosertao.com.br\/portal\/wp-json\/wp\/v2\/comments?post=15942"}],"version-history":[{"count":3,"href":"https:\/\/obeabadosertao.com.br\/portal\/wp-json\/wp\/v2\/posts\/15942\/revisions"}],"predecessor-version":[{"id":15945,"href":"https:\/\/obeabadosertao.com.br\/portal\/wp-json\/wp\/v2\/posts\/15942\/revisions\/15945"}],"wp:featuredmedia":[{"embeddable":true,"href":"https:\/\/obeabadosertao.com.br\/portal\/wp-json\/wp\/v2\/media\/15946"}],"wp:attachment":[{"href":"https:\/\/obeabadosertao.com.br\/portal\/wp-json\/wp\/v2\/media?parent=15942"}],"wp:term":[{"taxonomy":"category","embeddable":true,"href":"https:\/\/obeabadosertao.com.br\/portal\/wp-json\/wp\/v2\/categories?post=15942"},{"taxonomy":"post_tag","embeddable":true,"href":"https:\/\/obeabadosertao.com.br\/portal\/wp-json\/wp\/v2\/tags?post=15942"}],"curies":[{"name":"wp","href":"https:\/\/api.w.org\/{rel}","templated":true}]}}