{"id":16474,"date":"2023-04-26T08:14:01","date_gmt":"2023-04-26T11:14:01","guid":{"rendered":"https:\/\/obeabadosertao.com.br\/portal\/?p=16474"},"modified":"2023-04-23T18:04:43","modified_gmt":"2023-04-23T21:04:43","slug":"recuperar-floresta-tropical-compensa-26-de-emissoes-por-desmate-e-degradacao","status":"publish","type":"post","link":"https:\/\/obeabadosertao.com.br\/portal\/2023\/04\/26\/recuperar-floresta-tropical-compensa-26-de-emissoes-por-desmate-e-degradacao\/","title":{"rendered":"Recuperar floresta tropical compensa 26% de emiss\u00f5es por desmate e degrada\u00e7\u00e3o"},"content":{"rendered":"<div id=\"tt-temp-estim\">Tempo de leitura: 6 minutos<\/div><h3><span style=\"color: #000080;\"><em><strong>Liderado por cientistas do Inpe e da Universidade de Bristol, estudo publicado na &#8220;Nature&#8221; \u00e9 o primeiro desse tipo realizado em larga escala com o uso de sensoriamento remoto.<\/strong><\/em><\/span><\/h3>\n<p>&nbsp;<\/p>\n<p>Pesquisa publicada na quarta-feira (15Mar\u00e7o2023) na revista <a class=\"\" href=\"https:\/\/www.nature.com\/articles\/s41586-022-05679-w\" target=\"_blank\" rel=\"noopener noreferrer\"><em>Nature<\/em><\/a>\u00a0traz uma nova metodologia que permite calcular ao longo do tempo a capacidade de\u00a0absor\u00e7\u00e3o de carbono\u00a0de \u00e1reas em regenera\u00e7\u00e3o de\u00a0florestas tropicais, podendo contribuir na discuss\u00e3o de planos de mitiga\u00e7\u00e3o de efeitos das\u00a0mudan\u00e7as clim\u00e1ticas\u00a0e de pagamentos por servi\u00e7os ambientais.<\/p>\n<p><img fetchpriority=\"high\" decoding=\"async\" class=\"size-medium aligncenter\" src=\"https:\/\/obeabadosertao.com.br\/filerun\/wl\/?id=QpEJcJKqVJQWwTAWGFXMeSMDc1lEP27c\" width=\"700\" height=\"500\" \/><\/p>\n<p>Liderado por cientistas do Instituto Nacional de Pesquisas Espaciais (Inpe) e da Universidade de Bristol (Reino Unido), o estudo \u00e9 o primeiro deste tipo realizado em larga escala com o uso de sensoriamento remoto.<\/p>\n<p>Os dados de sat\u00e9lite, obtidos entre 1984 e 2018, permitem n\u00e3o s\u00f3 monitorar o crescimento das florestas secund\u00e1rias como entender a distribui\u00e7\u00e3o et\u00e1ria dessa vegeta\u00e7\u00e3o ao longo dos tr\u00f3picos.<\/p>\n<p><img decoding=\"async\" class=\"size-medium aligncenter\" src=\"https:\/\/obeabadosertao.com.br\/filerun\/wl\/?id=5p9uZbYrGQaishag2TNvYXrt9YzqIT0S\" width=\"700\" height=\"500\" \/><\/p>\n<p>Com base na idade, foi poss\u00edvel construir curvas de crescimento, que levam em considera\u00e7\u00e3o varia\u00e7\u00f5es de clima, condi\u00e7\u00f5es ambientais e dist\u00farbios provocados pelo homem (como\u00a0queimadas e extra\u00e7\u00e3o seletiva de madeira) e possibilitam quantificar a capacidade de absor\u00e7\u00e3o de carbono das florestas secund\u00e1rias &#8211; \u00e1reas totalmente desmatadas, onde a vegeta\u00e7\u00e3o nativa j\u00e1 foi toda removida.<\/p>\n<p><img decoding=\"async\" class=\"size-medium aligncenter\" src=\"https:\/\/obeabadosertao.com.br\/filerun\/wl\/?id=biDUwGZviQwcxVJKEVL1CgELQfuXEqAl\" width=\"700\" height=\"500\" \/><\/p>\n<p>De acordo com o trabalho, as regi\u00f5es em recupera\u00e7\u00e3o nas tr\u00eas maiores florestas tropicais do mundo &#8211; a amaz\u00f4nica (Am\u00e9rica do Sul), a do Congo (\u00c1frica central) e a de Born\u00e9u (Sudeste Asi\u00e1tico) &#8211; est\u00e3o removendo pelo menos 107 milh\u00f5es de toneladas de carbono da atmosfera por ano, tendo acumulado at\u00e9 2018 3,56 bilh\u00f5es de toneladas.<\/p>\n<p>Esse total acumulado \u00e9 suficiente para compensar 26% &#8211; pouco mais de um quarto &#8211; das emiss\u00f5es brutas de carbono provocadas pelo desmatamento\u00a0global (10,52 bilh\u00f5es de toneladas) e pela degrada\u00e7\u00e3o gerada por a\u00e7\u00e3o humana (2,91 bilh\u00f5es de toneladas), principalmente fogo e corte seletivo de madeira, na maioria das vezes ilegal.<\/p>\n<p><img loading=\"lazy\" decoding=\"async\" class=\"size-medium aligncenter\" src=\"https:\/\/obeabadosertao.com.br\/filerun\/wl\/?id=gNsevxz2jEdJ1Xm9ue37rxZnahkpToXe\" width=\"700\" height=\"500\" \/><\/p>\n<p>&#8220;<em>Os resultados da pesquisa t\u00eam import\u00e2ncia tanto para os invent\u00e1rios nacionais de emiss\u00e3o de carbono apresentados \u00e0s Na\u00e7\u00f5es Unidas como para o grande potencial do Brasil de atrair recursos financeiros por meio de investimentos em \u00e1reas de gest\u00e3o e pagamento por servi\u00e7os ambientais<\/em>\u201d, explica \u00e0 Ag\u00eancia FAPESP o chefe da Divis\u00e3o de Observa\u00e7\u00e3o da Terra e Geoinform\u00e1tica (DIOTG) do Inpe, <strong>Luiz Eduardo Oliveira e Cruz de Arag\u00e3o <span style=\"color: #ff0000;\">(Foto acima)<\/span><\/strong>, coautor do artigo.<\/p>\n<p>Arag\u00e3o se refere ao programa de Redu\u00e7\u00e3o de Emiss\u00f5es por Desmatamento e Degrada\u00e7\u00e3o florestal (REDD+), um incentivo desenvolvido no \u00e2mbito da Conven\u00e7\u00e3o-Quadro das Na\u00e7\u00f5es Unidas sobre Mudan\u00e7a do Clima (UNFCCC) para compensar financeiramente pa\u00edses em desenvolvimento por resultados em programas de redu\u00e7\u00e3o de emiss\u00f5es de\u00a0gases de efeito estufa\u00a0originados do desmatamento e da degrada\u00e7\u00e3o das florestas.<\/p>\n<p><img loading=\"lazy\" decoding=\"async\" class=\"size-medium aligncenter\" src=\"https:\/\/obeabadosertao.com.br\/filerun\/wl\/?id=74Af8m3bmGbwjbceHjTWBJuaunPfhD7V\" width=\"700\" height=\"500\" \/><\/p>\n<p>O programa considera o papel da conserva\u00e7\u00e3o e do aumento de estoques de carbono florestal, al\u00e9m do manejo sustent\u00e1vel de florestas.<\/p>\n<p>Os invent\u00e1rios nacionais s\u00e3o relat\u00f3rios publicados pelos pa\u00edses e enviados \u00e0 UNFCCC com dados e um panorama das a\u00e7\u00f5es para reduzir as emiss\u00f5es de gases de efeito estufa.<\/p>\n<p><img loading=\"lazy\" decoding=\"async\" class=\"size-medium aligncenter\" src=\"https:\/\/obeabadosertao.com.br\/filerun\/wl\/?id=FJlPRAK9At1HTgweqG9eFb2GKz2jn4BU\" width=\"700\" height=\"500\" \/><\/p>\n<p>&#8220;<em>Nosso estudo fornece as primeiras estimativas pantropicais de absor\u00e7\u00e3o de carbono acima do solo em florestas em recupera\u00e7\u00e3o de degrada\u00e7\u00e3o e desmatamento. Embora continue sendo prioridade proteger as florestas tropicais antigas, demonstramos o valor de gerenciar de forma sustent\u00e1vel as \u00e1reas que podem se recuperar de a\u00e7\u00f5es humanas<\/em>\u201d, afirmou \u00e0 assessoria da Universidade de Bristol a pesquisadora <strong>Viola Heinrich <span style=\"color: #ff0000;\">(Foto acima)<\/span><\/strong>, primeira autora do artigo e orientanda de Arag\u00e3o.<\/p>\n<blockquote class=\"twitter-tweet\" data-width=\"500\" data-dnt=\"true\">\n<p lang=\"en\" dir=\"ltr\">Excited to share my first, first-author paper published today in <a href=\"https:\/\/twitter.com\/NatureComms?ref_src=twsrc%5Etfw\">@NatureComms<\/a> exploring the spatial patterns of Secondary Forest regrowth in the <a href=\"https:\/\/twitter.com\/hashtag\/Amazon?src=hash&amp;ref_src=twsrc%5Etfw\">#Amazon<\/a>. Check it out at:<a href=\"https:\/\/t.co\/f4STUY6Jf8\">https:\/\/t.co\/f4STUY6Jf8<\/a><br \/>Thanks to <a href=\"https:\/\/twitter.com\/tmrosan?ref_src=twsrc%5Etfw\">@tmrosan<\/a> for this fab video <a href=\"https:\/\/t.co\/j3TVyt1Z1r\">pic.twitter.com\/j3TVyt1Z1r<\/a><\/p>\n<p>&mdash; Viola Heinrich (@vh_trees) <a href=\"https:\/\/twitter.com\/vh_trees\/status\/1372854099981520896?ref_src=twsrc%5Etfw\">March 19, 2021<\/a><\/p><\/blockquote>\n<p><script async src=\"https:\/\/platform.twitter.com\/widgets.js\" charset=\"utf-8\"><\/script><\/p>\n<p>Segundo a pesquisa, at\u00e9 2018, cerca de 35% das \u00e1reas degradadas das tr\u00eas florestas tropicais tamb\u00e9m haviam sido desmatadas.<\/p>\n<p>Os pesquisadores calculam que, se elas tivessem sido preservadas, armazenariam 5,89 bilh\u00f5es de toneladas de carbono, o que seria suficiente para contrabalan\u00e7ar 48% das emiss\u00f5es brutas derivadas da perda da floresta (12,34 bilh\u00f5es de toneladas).<\/p>\n<p><img loading=\"lazy\" decoding=\"async\" class=\"size-medium aligncenter\" src=\"https:\/\/obeabadosertao.com.br\/filerun\/wl\/?id=aPoUW4YFGEL2tY6ZO7j4ui93zcPZ0xsh\" width=\"700\" height=\"500\" \/><\/p>\n<p>S\u00e3o consideradas florestas degradadas as \u00e1reas que sofreram algum tipo de dano, seja por fogo ou corte seletivo, por exemplo, e perderam parcialmente seu estoque de carbono.<\/p>\n<p>Nas regi\u00f5es desmatadas, toda a vegeta\u00e7\u00e3o original foi retirada, podendo ter mudan\u00e7a do uso do solo para pastagens ou agricultura e altas taxas de emiss\u00e3o de gases.<\/p>\n<p><img loading=\"lazy\" decoding=\"async\" class=\"size-medium aligncenter\" src=\"https:\/\/obeabadosertao.com.br\/filerun\/wl\/?id=7nYU1XhHwzfejT6PhRrxFjCgyKdjYHtC\" width=\"700\" height=\"500\" \/><\/p>\n<p>&#8220;<em>Com a metodologia que apresentamos na pesquisa, \u00e9 poss\u00edvel avaliar, por exemplo, se houve queda no potencial de recupera\u00e7\u00e3o de biomassa de uma \u00e1rea atingida pelo fogo. Isso pode contribuir com o mercado de carbono para que um investidor avalie o potencial de regenera\u00e7\u00e3o de uma determinada \u00e1rea. De qualquer maneira, quanto mais preservar a floresta em p\u00e9, melhor<\/em>\u201d, diz \u00e0 Ag\u00eancia FAPESP <strong>Ricardo Dal\u2019Agnol <span style=\"color: #ff0000;\">(Foto acima)<\/span><\/strong>, um dos autores do artigo.<\/p>\n<p>Atualmente, ele \u00e9 pesquisador no Instituto Ambiental e de Sustentabilidade da Universidade da Calif\u00f3rnia Los Angeles (UCLA) e no Laborat\u00f3rio de Propuls\u00e3o a Jato da Nasa (ag\u00eancia espacial norte-americana).<\/p>\n<p>Antes, Dal\u2019Agnol integrou a DIOTG\/Inpe, quando teve apoio da FAPESP por meio de uma bolsa de p\u00f3s-doutorado.<\/p>\n<p><img loading=\"lazy\" decoding=\"async\" class=\"size-medium aligncenter\" src=\"https:\/\/obeabadosertao.com.br\/filerun\/wl\/?id=orbpDsHJgjctdzcIpy6dBEF9FblSGSUb\" width=\"700\" height=\"500\" \/><\/p>\n<p>A FAPESP tamb\u00e9m apoiou o estudo publicado na\u00a0<em>Nature<\/em>\u00a0por meio de bolsas de p\u00f3s-doutorado no Brasil e no exterior concedidas ao pesquisador do Inpe <strong>Henrique Luis Godinho Cassol <span style=\"color: #ff0000;\">(Foto acima)<\/span><\/strong>.<\/p>\n<p>Pelas estimativas dos autores, conservar a recupera\u00e7\u00e3o de \u00e1reas degradadas e das florestas secund\u00e1rias pode ter um potencial futuro de sumidouro de carbono de 53\u2009milh\u00f5es de toneladas por ano nas principais regi\u00f5es tropicais estudadas.<\/p>\n<p><img loading=\"lazy\" decoding=\"async\" class=\"size-medium aligncenter\" src=\"https:\/\/obeabadosertao.com.br\/filerun\/wl\/?id=b0PSo9YAnArVyf1h09p8TZdWyTSb9jGm\" width=\"700\" height=\"500\" \/><\/p>\n<p>&#8220;<em>Focar na prote\u00e7\u00e3o e restaura\u00e7\u00e3o de florestas tropicais secund\u00e1rias e degradadas \u00e9 uma solu\u00e7\u00e3o eficiente para a constru\u00e7\u00e3o de mecanismos robustos para desenvolvimento sustent\u00e1vel dos pa\u00edses tropicais. Isso agrega valor monet\u00e1rio para os servi\u00e7os ambientais fornecidos pelas florestas, beneficiando de forma econ\u00f4mica e socialmente as popula\u00e7\u00f5es locais<\/em>\u201d, completa Arag\u00e3o.<\/p>\n<p>No entanto, o grupo destaca que os esfor\u00e7os para proteger as florestas secund\u00e1rias e degradadas n\u00e3o podem ocorrer \u00e0 custa da conserva\u00e7\u00e3o das \u00e1reas nativas (prim\u00e1rias), que continuam sendo as mais rent\u00e1veis estrat\u00e9gias de mitiga\u00e7\u00e3o clim\u00e1tica.<\/p>\n<p><img loading=\"lazy\" decoding=\"async\" class=\"size-medium aligncenter\" src=\"https:\/\/obeabadosertao.com.br\/filerun\/wl\/?id=TY1qQGKgHwF6oynsBzzsoWTao7em4viE\" width=\"700\" height=\"500\" \/><\/p>\n<p>As florestas tropicais s\u00e3o um dos ecossistemas mais importantes para mitigar as mudan\u00e7as clim\u00e1ticas, juntamente com oceanos e solos. Consideradas sumidouros de carbono, as florestas funcionam como uma esp\u00e9cie de \u201c<em>via de m\u00e3o dupla<\/em>\u201d &#8211; enquanto crescem e se mant\u00eam absorvem carbono e quando degradadas ou desmatadas liberam gases de efeito estufa.<\/p>\n<p>Com o objetivo de evitar que a atmosfera global aque\u00e7a mais que 2 \u00baC, preferencialmente n\u00e3o ultrapassando 1,5 \u00baC em rela\u00e7\u00e3o ao per\u00edodo pr\u00e9-industrial, as emiss\u00f5es de carbono teriam de cair pelo menos 45% at\u00e9 2030 e chegar a zero em 2050.<\/p>\n<p><img loading=\"lazy\" decoding=\"async\" class=\"size-medium aligncenter\" src=\"https:\/\/obeabadosertao.com.br\/filerun\/wl\/?id=ufsdUHe0kjI6AobB2XbaSr6Jv4krBJzg\" width=\"700\" height=\"500\" \/><\/p>\n<p>No entanto, a trajet\u00f3ria ainda \u00e9 de crescimento no mundo, como mostrou o relat\u00f3rio <em>Emiss\u00f5es de CO2 em 2022<\/em>, da Ag\u00eancia Internacional de Energia (IEA, em ingl\u00eas).<\/p>\n<p>O documento, que traz um panorama da\u00a0polui\u00e7\u00e3o\u00a0clim\u00e1tica gerada pelo setor de energia com foco no CO2 resultante da queima de\u00a0combust\u00edveis f\u00f3sseis, revelou aumento de 0,9% (321 milh\u00f5es de toneladas) em 2022, atingindo novo recorde de mais de 36,8 bilh\u00f5es de toneladas emitidas.<\/p>\n<p><img loading=\"lazy\" decoding=\"async\" class=\"size-medium aligncenter\" src=\"https:\/\/obeabadosertao.com.br\/filerun\/wl\/?id=uKfo1hRC6iXAcutrM6t7388ckd3woUcm\" width=\"700\" height=\"500\" \/><\/p>\n<p>No Brasil, as emiss\u00f5es de gases de efeito estufa tiveram em 2021 (\u00faltimo dado divulgado) a maior alta em quase duas d\u00e9cadas.<\/p>\n<p>Relat\u00f3rio do Sistema de Estimativas de Emiss\u00f5es de Gases de Efeito Estufa do Observat\u00f3rio do Clima mostra que o pa\u00eds emitiu 2,42 bilh\u00f5es de toneladas brutas de CO2 &#8211; alta de 12,2% em rela\u00e7\u00e3o a 2020.<\/p>\n<p>A principal fonte de emiss\u00e3o foi o desmatamento, principalmente da Amaz\u00f4nia, seguido pela agropecu\u00e1ria.<\/p>\n<p><img loading=\"lazy\" decoding=\"async\" class=\"size-medium aligncenter\" src=\"https:\/\/obeabadosertao.com.br\/filerun\/wl\/?id=CNQPS5Ds4CfOmXTAPgnJxjxBLvu55g7M\" width=\"700\" height=\"500\" \/><\/p>\n<p>Em mar\u00e7o de 2021, o grupo de cientistas j\u00e1 havia publicado na revista\u00a0<em>Nature Communications<\/em>\u00a0um estudo mostrando que a manuten\u00e7\u00e3o da \u00e1rea de floresta secund\u00e1ria na Amaz\u00f4nia tem o potencial de acumular 19 milh\u00f5es de toneladas de carbono por ano at\u00e9 2030, contribuindo com 5,5% para a meta de redu\u00e7\u00e3o de emiss\u00f5es l\u00edquidas do Brasil at\u00e9 l\u00e1.<\/p>\n<p>Se fossem evitados inc\u00eandios e o desmatamento repetido, o estoque de carbono da floresta secund\u00e1ria amaz\u00f4nica poderia ser 8% maior.<\/p>\n","protected":false},"excerpt":{"rendered":"<p>Tempo de leitura: 6 minutosLiderado por cientistas do Inpe e da Universidade de Bristol, estudo publicado na &#8220;Nature&#8221; \u00e9 o [&hellip;]<\/p>\n","protected":false},"author":1,"featured_media":16479,"comment_status":"open","ping_status":"open","sticky":false,"template":"","format":"standard","meta":[],"categories":[47,4],"tags":[12792,12789,12796,12813,7370,12787,5726,7794,12806,12788,12802,12805,144,12798,12797,12790,12804,12793,12818,12819,12811,12794,12810,12791,12814,369,3557,12808,12799,12807,8588,12817,2197,12801,12800,3942,4602,12815,12812,12816,2050,12803,7624,12795,12809],"amp_enabled":true,"_links":{"self":[{"href":"https:\/\/obeabadosertao.com.br\/portal\/wp-json\/wp\/v2\/posts\/16474"}],"collection":[{"href":"https:\/\/obeabadosertao.com.br\/portal\/wp-json\/wp\/v2\/posts"}],"about":[{"href":"https:\/\/obeabadosertao.com.br\/portal\/wp-json\/wp\/v2\/types\/post"}],"author":[{"embeddable":true,"href":"https:\/\/obeabadosertao.com.br\/portal\/wp-json\/wp\/v2\/users\/1"}],"replies":[{"embeddable":true,"href":"https:\/\/obeabadosertao.com.br\/portal\/wp-json\/wp\/v2\/comments?post=16474"}],"version-history":[{"count":4,"href":"https:\/\/obeabadosertao.com.br\/portal\/wp-json\/wp\/v2\/posts\/16474\/revisions"}],"predecessor-version":[{"id":16478,"href":"https:\/\/obeabadosertao.com.br\/portal\/wp-json\/wp\/v2\/posts\/16474\/revisions\/16478"}],"wp:featuredmedia":[{"embeddable":true,"href":"https:\/\/obeabadosertao.com.br\/portal\/wp-json\/wp\/v2\/media\/16479"}],"wp:attachment":[{"href":"https:\/\/obeabadosertao.com.br\/portal\/wp-json\/wp\/v2\/media?parent=16474"}],"wp:term":[{"taxonomy":"category","embeddable":true,"href":"https:\/\/obeabadosertao.com.br\/portal\/wp-json\/wp\/v2\/categories?post=16474"},{"taxonomy":"post_tag","embeddable":true,"href":"https:\/\/obeabadosertao.com.br\/portal\/wp-json\/wp\/v2\/tags?post=16474"}],"curies":[{"name":"wp","href":"https:\/\/api.w.org\/{rel}","templated":true}]}}