{"id":17623,"date":"2023-08-05T21:52:15","date_gmt":"2023-08-06T00:52:15","guid":{"rendered":"https:\/\/obeabadosertao.com.br\/portal\/?p=17623"},"modified":"2023-08-05T21:51:46","modified_gmt":"2023-08-06T00:51:46","slug":"joao-pessoa-comemora-438-anos-de-emancipacao-politica","status":"publish","type":"post","link":"https:\/\/obeabadosertao.com.br\/portal\/2023\/08\/05\/joao-pessoa-comemora-438-anos-de-emancipacao-politica\/","title":{"rendered":"Jo\u00e3o Pessoa comemora 438 anos de emancipa\u00e7\u00e3o pol\u00edtica"},"content":{"rendered":"<div id=\"tt-temp-estim\">Tempo de leitura: 6 minutos<\/div><p>Jo\u00e3o Pessoa \u00e9 uma cidade costeira pr\u00f3xima da foz do rio Para\u00edba, no leste do Brasil. A sua cidade velha \u00e9 conhecida pela arquitetura barroca e art nouveau.<\/p>\n<p>O anivers\u00e1rio de Jo\u00e3o Pessoa \u00e9 uma boa oportunidade para conhecer a hist\u00f3ria da cidade. A capital das Ac\u00e1cias completa ano no dia de Nossa Senhora das Neves, padroeira da cidade, e promove shows com uma festa bem t\u00edpica que acontece no centro hist\u00f3rico.<\/p>\n<p><img fetchpriority=\"high\" decoding=\"async\" class=\"size-medium aligncenter\" src=\"https:\/\/obeabadosertao.com.br\/filerun\/wl\/?id=jRc5xVrdrlM0QlXAi4uEEFg6gMe2VBNy\" width=\"700\" height=\"500\" \/><\/p>\n<p>Em 2023, ser\u00e3o comemorados os 438 anos da capital da Para\u00edba.\u00a0Assim, j\u00e1 \u00e9 poss\u00edvel perceber que ela \u00e9 uma das cidades mais antigas do Brasil &#8211; a terceira.<\/p>\n<p>Al\u00e9m disso, Jo\u00e3o Pessoa \u00e9 conhecida pela orla segura e cheia de op\u00e7\u00f5es de bares e restaurantes.<\/p>\n<p><img decoding=\"async\" class=\"size-medium aligncenter\" src=\"https:\/\/obeabadosertao.com.br\/filerun\/wl\/?id=WRwHdRujiGNIY08NdWp0ksfRftn7YTiZ\" width=\"700\" height=\"500\" \/><\/p>\n<h4 style=\"text-align: center;\"><span style=\"color: #000080;\"><strong><em>O Hotel Tamba\u00fa\u00a0foi fundado na d\u00e9cada de 1970\u00a0e possui uma \u00e1rea total de 40 mil metros quadrados, o que corresponde a quatro hectares, \u00e0 beira mar.<\/em><\/strong><\/span><\/h4>\n<p>Tamb\u00e9m s\u00e3o atrativos as \u00e1guas quentes e calmas do lugar.\u00a0Para algumas pessoas, o resultado dessas experi\u00eancias pode se tonar a decis\u00e3o de morar no local, fazendo valer o ditado de \u201c<em>quem vem, vem para ficar<\/em>\u201d.<\/p>\n<p><img decoding=\"async\" class=\"size-medium aligncenter\" src=\"https:\/\/obeabadosertao.com.br\/filerun\/wl\/?id=qXQlziHMcUaT8sxKG1YOoEkbtZRbMl97\" width=\"700\" height=\"500\" \/><\/p>\n<p>De fato, a cidade \u00e9 casa de muitas pessoas naturais de outros estados que encontram na tranquilidade de suas ruas, e nos pre\u00e7os convidativos de im\u00f3veis pr\u00f3ximos \u00e0 praia, uma boa qualidade de vida.<\/p>\n<h2><span style=\"color: #000080;\"><strong>Anivers\u00e1rio da cidade<\/strong><\/span><\/h2>\n<p>O anivers\u00e1rio da capital do Estado da Para\u00edba \u00e9 comemorado em 5 de agosto. A data acontece em fun\u00e7\u00e3o das celebra\u00e7\u00f5es da padroeira da cidade, que d\u00e1 o nome \u00e0 tradicional Festa das Neves.<\/p>\n<p><img loading=\"lazy\" decoding=\"async\" class=\"size-medium aligncenter\" src=\"https:\/\/obeabadosertao.com.br\/filerun\/wl\/?id=9nj2HJ0NaIyTxZfFXygJTnAN7Ksdo0Vs\" width=\"700\" height=\"500\" \/><\/p>\n<p>Assim, s\u00e3o feitas atividades religiosas e culturais de 1\u00ba a 5 de agosto.<\/p>\n<p>Recitais de m\u00fasica cl\u00e1ssica, shows populares, parques de divers\u00e3o com aquele gostinho interiorano s\u00e3o alguns dos atrativos durante essa \u00e9poca.<\/p>\n<p><img loading=\"lazy\" decoding=\"async\" class=\"size-medium aligncenter\" src=\"https:\/\/obeabadosertao.com.br\/filerun\/wl\/?id=COqVpDaJtNCjixGVPtxrwEMntjqa34uZ\" width=\"700\" height=\"500\" \/><\/p>\n<p>A Igreja de Nossa Senhora das Neves, localizada no Centro Hist\u00f3rico, \u00e9 o ponto de partida para as celebra\u00e7\u00f5es.<\/p>\n<p>Agora, imagine uma cidade de poucos habitantes, sem grandes movimenta\u00e7\u00f5es, reservar uma \u00e9poca do ano para celebrar uma das festas populares no Nordeste.<\/p>\n<p><img loading=\"lazy\" decoding=\"async\" class=\"size-medium aligncenter\" src=\"https:\/\/obeabadosertao.com.br\/filerun\/wl\/?id=169nqITIElMKYvCV5WocYXEpSphLBqGZ\" width=\"700\" height=\"500\" \/><\/p>\n<p>O impacto das homenagens a Nossa Senhora das Neves quebrava a rotina pacata do local, o que explica a centralidade dessa comemora\u00e7\u00e3o at\u00e9 hoje.<\/p>\n<p>\u00c9 v\u00e1lido pontuar que a parte profana da festa s\u00f3 iniciou no in\u00edcio do s\u00e9culo 20 por conta da ilumina\u00e7\u00e3o el\u00e9trica.<\/p>\n<p><img loading=\"lazy\" decoding=\"async\" class=\"size-medium aligncenter\" src=\"https:\/\/obeabadosertao.com.br\/filerun\/wl\/?id=V6oW2EQb8etAUUNNxqaZDAX2IIVwlrN3\" width=\"700\" height=\"500\" \/><\/p>\n<p>Assim, as caracter\u00edsticas barraquinhas de tiro ao alvo, algod\u00e3o-doce, bebidas, comidas t\u00edpicas e pipoca come\u00e7aram a tomar forma, enfeitadas pelas pequenas l\u00e2mpadas que adornavam as ruas.<\/p>\n<p>Isso sem falar da cl\u00e1ssica roda-gigante e todos os outros brinquedos que montavam um pequeno parque de divers\u00f5es, muito visto no interior do Nordeste.<\/p>\n<p><img loading=\"lazy\" decoding=\"async\" class=\"size-medium aligncenter\" src=\"https:\/\/obeabadosertao.com.br\/filerun\/wl\/?id=A4JHHOwSk5cfAJdtbx5resUedAWW8Lsp\" width=\"700\" height=\"500\" \/><\/p>\n<p>A tradi\u00e7\u00e3o continua a ser realizada no p\u00e1tio da Igreja Nossa Senhora das Neves e na Rua General Os\u00f3rio, tamb\u00e9m se estendendo pelo Largo da Igreja de S\u00e3o Francisco, Pra\u00e7a Dom Adauto e Rua Duque de Caxias.<\/p>\n<p>Essa regi\u00e3o faz parte da pr\u00f3pria funda\u00e7\u00e3o da cidade.<\/p>\n<p><img loading=\"lazy\" decoding=\"async\" class=\"size-medium aligncenter\" src=\"https:\/\/obeabadosertao.com.br\/filerun\/wl\/?id=L4yFHZtaAQsb8OuIxgE63dA1Q5ngJfVc\" width=\"700\" height=\"500\" \/><\/p>\n<p>&nbsp;<\/p>\n<h2><strong><span style=\"color: #000080;\">Funda\u00e7\u00e3o<\/span><\/strong><\/h2>\n<p>Uma caracter\u00edstica importante \u00e9 que o local j\u00e1 foi fundado como cidade. Em 1585, a C\u00fapula da Fazenda Real outorgou o t\u00edtulo, tornando Jo\u00e3o Pessoa um importante centro para a administra\u00e7\u00e3o do antigo Sistema Colonial.<\/p>\n<p><img loading=\"lazy\" decoding=\"async\" class=\"size-medium aligncenter\" src=\"https:\/\/obeabadosertao.com.br\/filerun\/wl\/?id=UVtGxeAc8CLQvn0BorHqP2QplumHqqtg\" width=\"700\" height=\"500\" \/><\/p>\n<p>A margem direita do Rio Sanhau\u00e1 \u00e9 o marco zero da cidade que s\u00f3 veio ter o nome atual em 1930. Antes, tinha o nome de Nossa Senhora das Neves, Filip\u00e9ia de Nossa Senhora das Neves, Frederica e Parahyba.<\/p>\n<p><img loading=\"lazy\" decoding=\"async\" class=\"size-medium aligncenter\" src=\"https:\/\/obeabadosertao.com.br\/filerun\/wl\/?id=1Zt8vYeueqmXwXAl1IwLfy1AZeAmQOJI\" width=\"700\" height=\"500\" \/><\/p>\n<p>A capital chamou-se Para\u00edba do Norte at\u00e9 4 de setembro de 1930, quando teve seu nome mudado para Jo\u00e3o Pessoa, em homenagem ao Presidente do Estado, assassinado no Recife, em plena campanha pol\u00edtica.<\/p>\n<p>O nome \u201c<em>Jo\u00e3o Pessoa<\/em>\u201d \u00e9 uma homenagem ao presidente do Estado, assassinado na \u00e9poca em que concorria como candidato a vice-presidente da Rep\u00fablica ao lado de Get\u00falio Vargas.<\/p>\n<p><img loading=\"lazy\" decoding=\"async\" class=\"size-medium aligncenter\" src=\"https:\/\/obeabadosertao.com.br\/filerun\/wl\/?id=DKUIkkFDbw8Q3ntXG210LZSDm9VzLYdv\" width=\"700\" height=\"500\" \/><\/p>\n<p>A cidade j\u00e1 foi ocupada por holandeses e viveu \u00e9poca de muita riqueza com os engenhos de cana-de-a\u00e7\u00facar.<\/p>\n<p>A cultura pessoense \u00e9 extremamente representativa das tradi\u00e7\u00f5es nordestinas. O cen\u00e1rio cultural local foi consolidado por meio das influ\u00eancias de ind\u00edgenas, africanos e europeus, que contribu\u00edram ativamente na constru\u00e7\u00e3o das manifesta\u00e7\u00f5es culturais municipais.<\/p>\n<p>Conforme o IBGE, Jo\u00e3o Pessoa registrou\u00a0833.932 habitantes no Censo 2022. Isso representa aumento de 110.417 pessoas (15,26%) em compara\u00e7\u00e3o com o Censo de 2010, quando a capital paraibana tinha 723.515 moradores. A capital paraibana \u00e9 a 7\u00aa cidade com mais habitantes no Nordeste e a 20\u00aa no pa\u00eds.<\/p>\n<p><img loading=\"lazy\" decoding=\"async\" class=\"size-medium aligncenter\" src=\"https:\/\/obeabadosertao.com.br\/filerun\/wl\/?id=79IC6WjVVL7wxVWxOZqO3iha0fdMGKj3\" width=\"700\" height=\"500\" \/><\/p>\n<p>De 1970 a 2022, a\u00a0popula\u00e7\u00e3o\u00a0de\u00a0Jo\u00e3o Pessoa\u00a0cresceu 265,1% e passou de 228,4 mil pessoas para 833,9 mil. Com isso, a participa\u00e7\u00e3o do contingente populacional pessoense no total da\u00a0Para\u00edba\u00a0tamb\u00e9m aumentou no per\u00edodo de 52 anos e passou de 9,3% para 21%.<\/p>\n<p>Esses dados foram divulgados pelo\u00a0IBGE ao longo do \u00faltimo ano e, agora, compilados em homenagem ao anivers\u00e1rio de 438 anos da capital, celebrado neste s\u00e1bado (05Agosto2023).<\/p>\n<p><img loading=\"lazy\" decoding=\"async\" class=\"size-medium aligncenter\" src=\"https:\/\/obeabadosertao.com.br\/filerun\/wl\/?id=av0Pzz9Z36DSozF2XEw069TVdjmmROAM\" width=\"700\" height=\"500\" \/><\/p>\n<p>Nada melhor do que ver objetos, fotografias, pr\u00e9dios e informa\u00e7\u00f5es mais detalhadas para conhecer a hist\u00f3ria desse destino.<\/p>\n<p>Por isso, selecionamos tr\u00eas museus para que voc\u00ea conhe\u00e7a melhor n\u00e3o apenas a hist\u00f3ria da cidade, como a pr\u00f3pria hist\u00f3ria da Para\u00edba.<\/p>\n<h2><strong><span style=\"color: #000080;\">Museu da Cidade de Jo\u00e3o Pessoa<\/span><\/strong><\/h2>\n<p>Inaugurado recentemente, em 2021, o Museu da Cidade de Jo\u00e3o Pessoa \u00e9 um pr\u00e9dio hist\u00f3rico que foi a casa do Presidente da Para\u00edba.<\/p>\n<p><img loading=\"lazy\" decoding=\"async\" class=\"size-medium aligncenter\" src=\"https:\/\/obeabadosertao.com.br\/filerun\/wl\/?id=qXfvqSb2UX2ibi8cQ0ga1DVccrRVfYW4\" width=\"700\" height=\"500\" \/><\/p>\n<p>Situado na Pra\u00e7a da Independ\u00eancia, no Centro Hist\u00f3rico, o local conta com uma exposi\u00e7\u00e3o sobre a hist\u00f3ria do presidente paraibano, com imagens da \u00e9poca, m\u00f3veis pertencentes \u00e0 fam\u00edlia e at\u00e9 a mesa onde ele foi assassinado.<\/p>\n<p><img loading=\"lazy\" decoding=\"async\" class=\"size-medium aligncenter\" src=\"https:\/\/obeabadosertao.com.br\/filerun\/wl\/?id=Klr6UqZyX077FFYXrpAwCf56V4nzqtEM\" width=\"700\" height=\"500\" \/><\/p>\n<h2><span style=\"color: #000080;\"><strong>Museu de Hist\u00f3ria Natural<\/strong><\/span><\/h2>\n<p>O Museu de Hist\u00f3ria Natural fica na Bica, um peda\u00e7o de Mata Atl\u00e2ntica na cidade. O local \u00e9 ideal para se conectar com a natureza e pode ser visitado de ter\u00e7a a domingo, das 08h00m \u00e0s 12h00m e das 14h00m \u00e0s 16h30m.<\/p>\n<p><img loading=\"lazy\" decoding=\"async\" class=\"size-medium aligncenter\" src=\"https:\/\/obeabadosertao.com.br\/filerun\/wl\/?id=3KWWwoz0IbZ3lQTNhaWLOBuZSiK36hmn\" width=\"700\" height=\"500\" \/><\/p>\n<p>L\u00e1 voc\u00ea pode aproveitar o dia e interagir com os animais espalhados pelo parque, al\u00e9m de conferir um pouco da hist\u00f3ria das esp\u00e9cies nativas.<\/p>\n<h2><span style=\"color: #000080;\"><strong>Centro Cultural S\u00e3o Francisco<\/strong><\/span><\/h2>\n<p>Um dos principais cart\u00f5es postais da cidade, o local figura na rota do turismo religioso.\u00a0Dessa forma, o Centro Cultural S\u00e3o Francisco \u00e9 formado pela Igreja de mesmo nome, o Convento de Santo Ant\u00f4nio, o Museu de Arte Sacra e a Capela Dourada.<\/p>\n<p><img loading=\"lazy\" decoding=\"async\" class=\"size-medium aligncenter\" src=\"https:\/\/obeabadosertao.com.br\/filerun\/wl\/?id=TKiKn6Cr9vUBjvbjQMZG5a4rgRktQxdx\" width=\"700\" height=\"500\" \/><\/p>\n<p>Realmente, esse \u00e9 um dos principais atrativos para quem gosta de arquitetura. A igreja de S\u00e3o Francisco, do s\u00e9culo XVI, tem azulejos portugueses pintados no p\u00e1tio e uma capela ornamentada com ouro. Com sua constru\u00e7\u00e3o iniciada em 1589 e conclu\u00edda em 1788, o local guarda raridades do barroco tropical, com uso de ouro, m\u00e1rmore e azulejaria t\u00edpica portuguesa.<\/p>\n<p>A arquitetura do local, com m\u00f3veis de mogno, pinturas no teto e uma vista panor\u00e2mica da igreja e do convento que d\u00e1 para o Rio Sanhau\u00e1 valem o passeio.<\/p>\n<p><img loading=\"lazy\" decoding=\"async\" class=\"size-medium aligncenter\" src=\"https:\/\/obeabadosertao.com.br\/filerun\/wl\/?id=HikhvnwHB0El4O9FV0dwTisPubNBv5bg\" width=\"700\" height=\"500\" \/><\/p>\n<p>Ali\u00e1s, esse programa pode ser feito junto a uma volta pelas ruas do Centro Hist\u00f3rico da cidade, em que voc\u00ea pode encontrar outros pontos tur\u00edsticos, como o Hotel Globo, o Para\u00edba Palace Hotel, a Ponto de Cem R\u00e9is e a Lagoa do Parque S\u00f3lon de Lucena.<\/p>\n<p><img loading=\"lazy\" decoding=\"async\" class=\"size-medium aligncenter\" src=\"https:\/\/obeabadosertao.com.br\/filerun\/wl\/?id=S1htlD8pR571vThIVQEczon1HkcDQgnQ\" width=\"700\" height=\"500\" \/><\/p>\n<p>Nesse sentido, vale conferir o estilo \u00fanico de barroco tropical no Centro Cultural S\u00e3o Francisco, o Museu de Hist\u00f3ria Natural, localizado em um pedacinho da Mata Atl\u00e2ntica e o Museu da Cidade de Jo\u00e3o Pessoa.<\/p>\n<p>Outro local para visita\u00e7\u00e3o \u00e9 a Esta\u00e7\u00e3o Cabo Branco &#8211; Ci\u00eancia,\u00a0Cultura\u00a0e\u00a0Artes, popularmente conhecida como\u00a0Esta\u00e7\u00e3o Ci\u00eancia, localizada no bairro do\u00a0Altiplano\u00a0em\u00a0Jo\u00e3o Pessoa. A obra\u00a0foi projetada pelo arquiteto\u00a0Oscar Niemeyer\u00a0e inaugurada no dia\u00a03 de julho\u00a0de\u00a02008.<sup id=\"cite_ref-G1_1-0\" class=\"reference\"><\/sup><\/p>\n<p><img loading=\"lazy\" decoding=\"async\" class=\"size-medium aligncenter\" src=\"https:\/\/obeabadosertao.com.br\/filerun\/wl\/?id=CwjA1gIsSYLbskP7BcsdBQiLFndOabq7\" width=\"700\" height=\"500\" \/><\/p>\n<p>A Esta\u00e7\u00e3o tem a miss\u00e3o de levar cultura, arte, ci\u00eancia e tecnologia \u00e0 popula\u00e7\u00e3o de forma gratuita. Al\u00e9m da proposta cultural, a Esta\u00e7\u00e3o se apresenta como um dos principais pontos tur\u00edsticos e\u00a0cart\u00e3o-postal\u00a0da cidade, juntamente com o\u00a0Farol do Cabo Branco.<\/p>\n<p>&nbsp;<\/p>\n<p><img loading=\"lazy\" decoding=\"async\" class=\"size-medium aligncenter\" src=\"https:\/\/obeabadosertao.com.br\/filerun\/wl\/?id=AuK2vKCjwKXmtWBzGNNpD2GN359EppUo\" width=\"700\" height=\"500\" \/><\/p>\n","protected":false},"excerpt":{"rendered":"<p>Tempo de leitura: 6 minutosJo\u00e3o Pessoa \u00e9 uma cidade costeira pr\u00f3xima da foz do rio Para\u00edba, no leste do Brasil. [&hellip;]<\/p>\n","protected":false},"author":1,"featured_media":17625,"comment_status":"open","ping_status":"open","sticky":false,"template":"","format":"standard","meta":[],"categories":[21,4,6],"tags":[15775,15779,15774,15773,5448,15778,15777,456,15776],"amp_enabled":true,"_links":{"self":[{"href":"https:\/\/obeabadosertao.com.br\/portal\/wp-json\/wp\/v2\/posts\/17623"}],"collection":[{"href":"https:\/\/obeabadosertao.com.br\/portal\/wp-json\/wp\/v2\/posts"}],"about":[{"href":"https:\/\/obeabadosertao.com.br\/portal\/wp-json\/wp\/v2\/types\/post"}],"author":[{"embeddable":true,"href":"https:\/\/obeabadosertao.com.br\/portal\/wp-json\/wp\/v2\/users\/1"}],"replies":[{"embeddable":true,"href":"https:\/\/obeabadosertao.com.br\/portal\/wp-json\/wp\/v2\/comments?post=17623"}],"version-history":[{"count":1,"href":"https:\/\/obeabadosertao.com.br\/portal\/wp-json\/wp\/v2\/posts\/17623\/revisions"}],"predecessor-version":[{"id":17624,"href":"https:\/\/obeabadosertao.com.br\/portal\/wp-json\/wp\/v2\/posts\/17623\/revisions\/17624"}],"wp:featuredmedia":[{"embeddable":true,"href":"https:\/\/obeabadosertao.com.br\/portal\/wp-json\/wp\/v2\/media\/17625"}],"wp:attachment":[{"href":"https:\/\/obeabadosertao.com.br\/portal\/wp-json\/wp\/v2\/media?parent=17623"}],"wp:term":[{"taxonomy":"category","embeddable":true,"href":"https:\/\/obeabadosertao.com.br\/portal\/wp-json\/wp\/v2\/categories?post=17623"},{"taxonomy":"post_tag","embeddable":true,"href":"https:\/\/obeabadosertao.com.br\/portal\/wp-json\/wp\/v2\/tags?post=17623"}],"curies":[{"name":"wp","href":"https:\/\/api.w.org\/{rel}","templated":true}]}}