{"id":17722,"date":"2023-08-21T08:26:22","date_gmt":"2023-08-21T11:26:22","guid":{"rendered":"https:\/\/obeabadosertao.com.br\/portal\/?p=17722"},"modified":"2023-08-15T11:50:36","modified_gmt":"2023-08-15T14:50:36","slug":"por-que-colocamos-a-lingua-para-fora-quando-estamos-concentrados","status":"publish","type":"post","link":"https:\/\/obeabadosertao.com.br\/portal\/2023\/08\/21\/por-que-colocamos-a-lingua-para-fora-quando-estamos-concentrados\/","title":{"rendered":"Por que colocamos a l\u00edngua para fora quando estamos concentrados ?"},"content":{"rendered":"<div id=\"tt-temp-estim\">Tempo de leitura: 1 minuto<\/div><p>Uma das teorias \u00e9 que colocar a l\u00edngua para fora \u00e9 um resultado de um extravasamento motor, ou seja, um efeito colateral da atividade dos neur\u00f4nios que controlam o movimento das m\u00e3os e da boca.<\/p>\n<p>Esses neur\u00f4nios est\u00e3o localizados em uma regi\u00e3o do c\u00e9rebro chamada giro frontal inferior, que tamb\u00e9m est\u00e1 envolvida na linguagem.<\/p>\n<p><img fetchpriority=\"high\" decoding=\"async\" class=\"size-medium aligncenter\" src=\"https:\/\/obeabadosertao.com.br\/filerun\/wl\/?id=OHGI9cAXoYktJM0NG63oFIfbUoRBVf7b\" width=\"700\" height=\"500\" \/><\/p>\n<p>Assim, quando fazemos algo delicado ou que requer destreza com as m\u00e3os, como escrever ou desenhar, essa regi\u00e3o do c\u00e9rebro fica mais ativa e pode influenciar o movimento da l\u00edngua e dos l\u00e1bios.<\/p>\n<p>Outra teoria \u00e9 que c<em>olocar a l\u00edngua para fora<\/em> tem uma origem evolutiva, relacionada \u00e0 comunica\u00e7\u00e3o dos nossos ancestrais.<\/p>\n<p><img decoding=\"async\" class=\"size-medium aligncenter\" src=\"https:\/\/obeabadosertao.com.br\/filerun\/wl\/?id=A9ouesZloATr0rplsUGjEkIExNRCRDhW\" width=\"700\" height=\"500\" \/><\/p>\n<p>Segundo essa hip\u00f3tese, os primeiros humanos usavam principalmente gestos com as m\u00e3os para se comunicar, at\u00e9 que come\u00e7aram a usar ferramentas mais complexas e precisaram liberar as m\u00e3os para outras fun\u00e7\u00f5es.<\/p>\n<p><img decoding=\"async\" class=\"size-medium aligncenter\" src=\"https:\/\/obeabadosertao.com.br\/filerun\/wl\/?id=pK3na6MABopEQWVsEiQ4eZuvPTmKUvsR\" width=\"700\" height=\"500\" \/><\/p>\n<p>Nesse processo, a boca e a l\u00edngua se tornaram o meio dominante de comunica\u00e7\u00e3o, mas ainda mantiveram uma conex\u00e3o com as m\u00e3os.<\/p>\n<p>Portanto, mostrar a l\u00edngua seria uma forma de expressar o que estamos pensando ou sentindo.<\/p>\n<p>&nbsp;<\/p>\n<p>&nbsp;<\/p>\n<p><img loading=\"lazy\" decoding=\"async\" class=\"size-medium aligncenter\" src=\"https:\/\/obeabadosertao.com.br\/filerun\/wl\/?id=AuK2vKCjwKXmtWBzGNNpD2GN359EppUo\" width=\"700\" height=\"500\" \/><\/p>\n","protected":false},"excerpt":{"rendered":"<p>Tempo de leitura: 1 minutoUma das teorias \u00e9 que colocar a l\u00edngua para fora \u00e9 um resultado de um extravasamento [&hellip;]<\/p>\n","protected":false},"author":1,"featured_media":17724,"comment_status":"open","ping_status":"open","sticky":false,"template":"","format":"standard","meta":[],"categories":[4,29,6],"tags":[16009,16013,16005,16006,16008,16007,16012,16010,16003,16004,16011],"amp_enabled":true,"_links":{"self":[{"href":"https:\/\/obeabadosertao.com.br\/portal\/wp-json\/wp\/v2\/posts\/17722"}],"collection":[{"href":"https:\/\/obeabadosertao.com.br\/portal\/wp-json\/wp\/v2\/posts"}],"about":[{"href":"https:\/\/obeabadosertao.com.br\/portal\/wp-json\/wp\/v2\/types\/post"}],"author":[{"embeddable":true,"href":"https:\/\/obeabadosertao.com.br\/portal\/wp-json\/wp\/v2\/users\/1"}],"replies":[{"embeddable":true,"href":"https:\/\/obeabadosertao.com.br\/portal\/wp-json\/wp\/v2\/comments?post=17722"}],"version-history":[{"count":1,"href":"https:\/\/obeabadosertao.com.br\/portal\/wp-json\/wp\/v2\/posts\/17722\/revisions"}],"predecessor-version":[{"id":17723,"href":"https:\/\/obeabadosertao.com.br\/portal\/wp-json\/wp\/v2\/posts\/17722\/revisions\/17723"}],"wp:featuredmedia":[{"embeddable":true,"href":"https:\/\/obeabadosertao.com.br\/portal\/wp-json\/wp\/v2\/media\/17724"}],"wp:attachment":[{"href":"https:\/\/obeabadosertao.com.br\/portal\/wp-json\/wp\/v2\/media?parent=17722"}],"wp:term":[{"taxonomy":"category","embeddable":true,"href":"https:\/\/obeabadosertao.com.br\/portal\/wp-json\/wp\/v2\/categories?post=17722"},{"taxonomy":"post_tag","embeddable":true,"href":"https:\/\/obeabadosertao.com.br\/portal\/wp-json\/wp\/v2\/tags?post=17722"}],"curies":[{"name":"wp","href":"https:\/\/api.w.org\/{rel}","templated":true}]}}