{"id":17763,"date":"2023-08-24T08:28:55","date_gmt":"2023-08-24T11:28:55","guid":{"rendered":"https:\/\/obeabadosertao.com.br\/portal\/?p=17763"},"modified":"2023-08-18T16:05:23","modified_gmt":"2023-08-18T19:05:23","slug":"santa-dulce-dos-pobres-ira-receber-estatua-em-tamanho-natural-para-santuario-em-salvador","status":"publish","type":"post","link":"https:\/\/obeabadosertao.com.br\/portal\/2023\/08\/24\/santa-dulce-dos-pobres-ira-receber-estatua-em-tamanho-natural-para-santuario-em-salvador\/","title":{"rendered":"Santa Dulce dos Pobres ir\u00e1 receber est\u00e1tua em tamanho natural para santu\u00e1rio em Salvador"},"content":{"rendered":"<div id=\"tt-temp-estim\">Tempo de leitura: 7 minutos<\/div><p>Passado o per\u00edodo da festa em celebra\u00e7\u00e3o a Santa Dulce dos Pobres, os fi\u00e9is que acompanham a primeira santa brasileira podem comemorar.<\/p>\n<p>Isso porque Dulce ser\u00e1 homenageada com uma est\u00e1tua, em tamanho real, que ser\u00e1 alocada na porta do santu\u00e1rio das Obras Sociais Irm\u00e3 Dulce (Osid).<\/p>\n<p><img fetchpriority=\"high\" decoding=\"async\" class=\"size-medium aligncenter\" src=\"https:\/\/obeabadosertao.com.br\/filerun\/wl\/?id=TyuNGHUxiIjXLyCnpctIASe4AAsF8hpM\" width=\"700\" height=\"500\" \/><\/p>\n<p>De acordo com o secret\u00e1rio de Turismo da Bahia, Maur\u00edcio Bacelar, a entrega deve ocorrer em outubro. &#8220;<em>Irm\u00e3 Dulce foi canonizada \u00e0s v\u00e9speras da pandemia, n\u00e3o conseguimos tirar todo potencial que ela tem para incrementar o turismo. Inclusive nessa trezena, junto com a Osid e, em outubro, vamos entregar uma escultura em tamanho natural, que vai ficar exposta na porta do santu\u00e1rio. \u00c9 mais uma atra\u00e7\u00e3o<\/em>&#8220;, indicou.<\/p>\n<p><img decoding=\"async\" class=\"size-medium aligncenter\" src=\"https:\/\/obeabadosertao.com.br\/filerun\/wl\/?id=kVRbodjkk3f9TF96Eh8kRL19hEFDePzH\" width=\"700\" height=\"500\" \/><\/p>\n<p>Maur\u00edcio Bacelar comentou tamb\u00e9m que a pasta tem &#8220;<em>feito um trabalho de promo\u00e7\u00e3o do turismo religioso cat\u00f3lico<\/em>&#8220;. &#8220;<em>Temos trabalhado Santa Dulce dos Pobres, Senhor do Bonfim, Nossa Senhora da Concei\u00e7\u00e3o da Praia, Nosso Senhor de Bom Jesus da Lapa e Nossa Senhora das Candeias, dentre outros do patrim\u00f4nio. Neste ano, nossa expectativa \u00e9 que cheguem na Bahia mais de 5 milh\u00f5es de romeiros, para conhecerem ou terem a experi\u00eancia dos diversos atrativos. Ser\u00e3o R$ 6 bilh\u00f5es que deixar\u00e3o<\/em>&#8220;, disse.<\/p>\n<p>&#8220;<em>Estamos participando dos principais eventos da Am\u00e9rica Latina. Temos qualificado as ag\u00eancias de viagem, com um trabalho em conjunto da Pastoral do Turismo, que \u00e9 um padre baiano, Manoel. Promovemos os tr\u00eas roteiros de Salvador, tem promo\u00e7\u00e3o do governo do estado. O governador esteve em Bom Jesus da Lapa<\/em>&#8220;, apontou.<\/p>\n<h2><span style=\"color: #000080;\"><strong>Festa de Dulce<\/strong><\/span><\/h2>\n<p><img decoding=\"async\" class=\"size-medium aligncenter\" src=\"https:\/\/obeabadosertao.com.br\/filerun\/wl\/?id=wZjT6m2dvhm2cUI7oHVamdq00DgTDltz\" width=\"700\" height=\"500\" \/><\/p>\n<p>A festa em homenagem \u00e0 santa soteropolitana durou 13 dias. No \u00faltimo dia da programa\u00e7\u00e3o, que come\u00e7ou em 1\u00ba de agosto, foi montada uma missa campal presidida pelo Arcebispo de Salvador e Primaz do Brasil, cardeal Dom S\u00e9rgio da Rocha, no Largo de Roma, na Cidade Baixa.<\/p>\n<p><img loading=\"lazy\" decoding=\"async\" class=\"size-medium aligncenter\" src=\"https:\/\/obeabadosertao.com.br\/filerun\/wl\/?id=u6ZBC5vJ1zpEnesK0jzf0aPXnHsH2GxF\" width=\"700\" height=\"500\" \/><\/p>\n<p>Logo ap\u00f3s, foi realizada a Prociss\u00e3o Luminosa, quando a Imagem de Santa Dulce foi conduzida pelos fi\u00e9is pelo Caminho da F\u00e9, com ida at\u00e9 a Igreja do Bonfim e retorno para o Santu\u00e1rio Santa Dulce. Al\u00e9m disso, aconteceram apresenta\u00e7\u00f5es musicais.<\/p>\n<p><img loading=\"lazy\" decoding=\"async\" class=\"size-medium aligncenter\" src=\"https:\/\/obeabadosertao.com.br\/filerun\/wl\/?id=PpSTiZjoHz6BNpeueEdjmTHJ29p7UJzd\" width=\"700\" height=\"500\" \/><\/p>\n<p style=\"text-align: center;\"><span style=\"color: #0000ff;\"><strong><em>Inaugurado em 1993, um ano ap\u00f3s a morte da freira baiana, o Memorial Irm\u00e3 Dulce (MID) \u00e9 uma exposi\u00e7\u00e3o permanente sobre o legado de amor e caridade do Anjo Bom do Brasil, reunindo mais de 800 pe\u00e7as que ajudam a preservar e manter vivos os ideais da religiosa. <\/em><\/strong><\/span><\/p>\n<p><img loading=\"lazy\" decoding=\"async\" class=\"size-medium aligncenter\" src=\"https:\/\/obeabadosertao.com.br\/filerun\/wl\/?id=DqOVwddKqFjXVFPH06BhyfZ6YNPmrsyr\" width=\"700\" height=\"500\" \/><\/p>\n<p style=\"text-align: center;\"><span style=\"color: #0000ff;\"><strong><em>O h\u00e1bito usado por ela, fotografias, documentos e objetos pessoais podem ser vistos no MID, que ainda preserva, intacto, o quarto de Irm\u00e3 Dulce, onde est\u00e1 a cadeira na qual ela dormiu por quase\u00a0trinta anos em virtude de uma promessa. Outros fatos marcantes de sua vida s\u00e3o lembrados atrav\u00e9s de maquetes, livros, diplomas e medalhas.<\/em><\/strong><\/span><\/p>\n<h2><span style=\"color: #000080;\"><strong>Canoniza\u00e7\u00e3o<\/strong><\/span><\/h2>\n<p>O papa Francisco canonizou no domingo (13Outubro2019) a baiana Maria Rita de Souza Brito Lopes Pontes (1914-1992), mais conhecida como Irm\u00e3 Dulce. \u00c9 1\u00aa santa nascida no Brasil.<\/p>\n<p>A cerim\u00f4nia realizada na Pra\u00e7a de S\u00e3o Pedro, no Vaticano, foi iniciada \u00e0s 10h00 (05h10 no hor\u00e1rio de Bras\u00edlia). Milhares de brasileiros participaram da cerim\u00f4nia.<\/p>\n<p><img loading=\"lazy\" decoding=\"async\" class=\"size-medium aligncenter\" src=\"https:\/\/obeabadosertao.com.br\/filerun\/wl\/?id=RMOnWZSlwnOQmA11mLWWs14MwGuON0mC\" width=\"700\" height=\"500\" \/><\/p>\n<p>A celebra\u00e7\u00e3o contou com a presen\u00e7a do vice-presidente da Rep\u00fablica, general Hamilton Mour\u00e3o, do presidente da C\u00e2mara, Rodrigo Maia, e do Senado, Davi Alcolumbre. Ao menos, outros 22 congressistas participam.<\/p>\n<p>O canal no YouTube Vatican News &#8211; Portugu\u00eas transmitiu a canoniza\u00e7\u00e3o. Assista abaixo, o momento da santifica\u00e7\u00e3o come\u00e7a a partir dos 22min35s:<\/p>\n<p><iframe title=\"Papa Francisco-Santa Missa com Canoniza\u00e7\u00f5es e Angelus- 2019-10-13\" width=\"500\" height=\"281\" src=\"https:\/\/www.youtube.com\/embed\/8VhZNqpdbSM?feature=oembed\" frameborder=\"0\" allow=\"accelerometer; autoplay; clipboard-write; encrypted-media; gyroscope; picture-in-picture; web-share\" allowfullscreen><\/iframe><\/p>\n<p style=\"text-align: center;\"><span style=\"color: #0000ff;\"><strong><em>Da Pra\u00e7a S\u00e3o Pedro, no Vaticano, no dia 13 de Outubro de 2019, Santa Missa presidida pelo Papa Francisco com Canoniza\u00e7\u00f5es dos Beatos: John Henry Newman, Giuseppina Vannini, Maria Teresa Chiramel Mankidiyan, Dulce Lopes Pontes (Santa Dulce dos Pobres), <\/em><\/strong><strong><em>Margarida Bays. Ao final, recita\u00e7\u00e3o da Ora\u00e7\u00e3o do Angelus.<\/em><\/strong><\/span><\/p>\n<h2><strong><span style=\"color: #000080;\">Primeira Santa brasileira<\/span><\/strong><\/h2>\n<p>Irm\u00e3 Dulce foi beatificada em 2011, ap\u00f3s ter o primeiro milagre reconhecido.<\/p>\n<p>A gra\u00e7a alcan\u00e7ada foi a recupera\u00e7\u00e3o de uma paciente que teve uma grave hemorragia p\u00f3s-parto e cujo sangramento subitamente parou, sem interven\u00e7\u00e3o m\u00e9dica.<\/p>\n<p><img loading=\"lazy\" decoding=\"async\" class=\"size-medium aligncenter\" src=\"https:\/\/obeabadosertao.com.br\/filerun\/wl\/?id=JHdeBBJDfipS7SkdymKqMWQNIVfgcGn9\" width=\"700\" height=\"500\" \/><\/p>\n<p style=\"text-align: center;\"><span style=\"color: #0000ff;\"><em><strong>Maria Rita de Souza Brito Lopes Pontes (Irm\u00e3 Dulce &#8211; 1914-1992), Santa Dulce dos Pobres.\u00a0<\/strong><\/em><\/span><\/p>\n<p>Ap\u00f3s beatificada, Dulce Lopes Pontes passou a ser chamada &#8220;<em>Bem-aventurada Dulce dos Pobres<\/em>&#8220;.<\/p>\n<p>Para ser considerada santa, Irm\u00e3 Dulce precisaria ter um segundo milagre reconhecido, o que ocorreu em maio deste ano.<\/p>\n<p><img loading=\"lazy\" decoding=\"async\" class=\"size-medium aligncenter\" src=\"https:\/\/obeabadosertao.com.br\/filerun\/wl\/?id=WsgrkULDIuTSz96uCUVu0elAYOOrWqNQ\" width=\"700\" height=\"500\" \/><\/p>\n<p style=\"text-align: center;\"><span style=\"color: #0000ff;\"><em><strong>Maria Rita de Souza Brito Lopes Pontes (Irm\u00e3 Dulce &#8211; 1914-1992), Santa Dulce dos Pobres.\u00a0<\/strong><\/em><\/span><\/p>\n<p>O miraculado, o maestro soteropolitano Jos\u00e9 Maur\u00edcio, voltou a enxergar ap\u00f3s fazer uma ora\u00e7\u00e3o para a ent\u00e3o beata. Ele teve glaucoma e come\u00e7ou a perder a vis\u00e3o em 1999. Em 2000, ele j\u00e1 estava cego, mas em 2014 voltou a enxergar.<\/p>\n<p>Jos\u00e9 Maur\u00edcio foi ao Vaticano para acompanhar a cerim\u00f4nia de beatifica\u00e7\u00e3o e chegou a receber a b\u00ean\u00e7\u00e3o de Papa Francisco durante a missa de canoniza\u00e7\u00e3o.<\/p>\n<p><img loading=\"lazy\" decoding=\"async\" class=\"size-medium aligncenter\" src=\"https:\/\/obeabadosertao.com.br\/filerun\/wl\/?id=lQjtJxCbErV191ClLgmWeePwzuce7Knw\" width=\"700\" height=\"500\" \/><\/p>\n<p style=\"text-align: center;\"><em><strong><span style=\"color: #0000ff;\">Na \u00e9poca em que a sa\u00fade p\u00fablica n\u00e3o chegava a toda a popula\u00e7\u00e3o, irm\u00e3 Dulce abriu todas as portas necess\u00e1rias para cumprir sua miss\u00e3o. Manteve contatos praticamente com todos os ocupantes do Pal\u00e1cio do Planalto, dos generais do governo militar ao presidente Jos\u00e9 Sarney (1985-1990), com quem se comunicava diretamente por telefone. O ex-governador baiano Ant\u00f4nio Carlos Magalh\u00e3es foi um de quem sempre buscou doa\u00e7\u00f5es.<\/span><\/strong><\/em><\/p>\n<p>Al\u00e9m do milagre recebido por Jos\u00e9 Maur\u00edcio, outras duas gra\u00e7as alcan\u00e7adas por devotos ap\u00f3s ora\u00e7\u00f5es a Irm\u00e3 Dulce estavam sendo analisadas pelo Vaticano para o processo de canoniza\u00e7\u00e3o da religiosa.<\/p>\n<p>Os tr\u00eas casos foram enviados ao Vaticano pelas Obras Sociais Irm\u00e3 Dulce (OSID), em 2014, ap\u00f3s an\u00e1lise de profissionais da pr\u00f3pria institui\u00e7\u00e3o. Os outros dois milagres que ainda n\u00e3o foram confirmados pelo Vaticano continuam sendo analisados.<\/p>\n<p>O Vaticano tem quatro exig\u00eancias quanto \u00e0 veracidade de uma gra\u00e7a, at\u00e9 ser considerada milagre: ser preternatural (a ci\u00eancia n\u00e3o consegue explicar), instant\u00e2neo (acontecer imediatamente ap\u00f3s a ora\u00e7\u00e3o), duradouro e perfeito.<\/p>\n<p><img loading=\"lazy\" decoding=\"async\" class=\"size-medium aligncenter\" src=\"https:\/\/obeabadosertao.com.br\/filerun\/wl\/?id=9hoLcbbqrXKiUedcYpEwjcDyeY3Px267\" width=\"700\" height=\"500\" \/><\/p>\n<p style=\"text-align: center;\"><span style=\"color: #0000ff;\"><strong><em>O papa Jo\u00e3o Paulo II, que a encontrou em Salvador em 1980, a visitou no leito de morte em 1991 e ap\u00f3s rezar por ela declarou: &#8220;este \u00e9 o sofrimento do inocente, igual ao de Jesus&#8221;.<\/em><\/strong><\/span><\/p>\n<p><img loading=\"lazy\" decoding=\"async\" class=\"size-medium aligncenter\" src=\"https:\/\/obeabadosertao.com.br\/filerun\/wl\/?id=eAsjA8XvdmOjm4km0EuxUNca0zQ7yrAF\" width=\"700\" height=\"500\" \/><\/p>\n<p style=\"text-align: center;\"><span style=\"color: #0000ff;\"><strong><em>A capela das rel\u00edquias que guarda o t\u00famulo de\u00a0Irm\u00e3 Dulce, localizada no memorial que leva o nome da primeira santa brasileira canonizada, no bairro de Roma, em Salvador (BA).<\/em><\/strong><\/span><\/p>\n<p><img loading=\"lazy\" decoding=\"async\" class=\"size-medium aligncenter\" src=\"https:\/\/obeabadosertao.com.br\/filerun\/wl\/?id=0KHQZAqsuhKxtzCHwpQ64HlwJ4ku1xae\" width=\"700\" height=\"500\" \/><\/p>\n<p style=\"text-align: center;\"><span style=\"color: #0000ff;\"><strong><em>A nova sepultura de Irm\u00e3 Dulce ganhou estrutura de vidro em cima, para que os fi\u00e9is possam ver uma r\u00e9plica do corpo da santa. T\u00famulo que guarda o corpo de Santa Dulce dos Pobres fica embaixo da estrutura de vidro que abriga r\u00e9plica da santa.<\/em><\/strong><\/span><\/p>\n<h2><span style=\"color: #000080;\"><strong>Trajet\u00f3ria de Irm\u00e3 Dulce<\/strong><\/span><\/h2>\n<p><img loading=\"lazy\" decoding=\"async\" class=\"size-medium aligncenter\" src=\"https:\/\/obeabadosertao.com.br\/filerun\/wl\/?id=uvydNVU4WljdoMqrUntZScExAVLqQYK3\" width=\"700\" height=\"500\" \/><\/p>\n<ul>\n<li>Nasceu em 26 de maio de 1914, em Salvador<\/li>\n<li>Quando ela tinha 7 anos, sua m\u00e3e morreu<\/li>\n<li>Aos 13 anos, ela acolhia mendigos e doentes na casa onde morava com o pai e os irm\u00e3os, no bairro de Nazar\u00e9, na capital baiana<\/li>\n<li>A vida religiosa come\u00e7ou aos 18 anos, quando, ap\u00f3s se formar como professora prim\u00e1ria, ela ingressou na Congrega\u00e7\u00e3o das Irm\u00e3s Mission\u00e1rias da Imaculada Concei\u00e7\u00e3o da M\u00e3e de Deus<\/li>\n<li>Somente aos 19 anos, mais especificamente em 13 de agosto de 1933, recebeu o h\u00e1bito de freira e adotou o nome de Irm\u00e3 Dulce em homenagem \u00e0 m\u00e3e, que se chamava Dulce Maria; naquele mesmo m\u00eas, ela viveu 6 meses em S\u00e3o Cristov\u00e3o (SE) e depois voltou para Salvador<\/li>\n<li>No ano de 1935, iniciou a assist\u00eancia \u00e0 comunidade carente, sobretudo nos Alagados, conjunto de palafitas que foi formado no bairro de Itapagipe, na capital baiana<\/li>\n<\/ul>\n<p><img loading=\"lazy\" decoding=\"async\" class=\"size-medium aligncenter\" src=\"https:\/\/obeabadosertao.com.br\/filerun\/wl\/?id=e6PplMTjzR7ZRX3p64nXbhvPF89F2xGp\" width=\"700\" height=\"500\" \/><\/p>\n<ul>\n<li>Em 1939, Irm\u00e3 Dulce invadiu cinco casas, em um local de Salvador conhecido como Ilha dos Ratos. Nos im\u00f3veis, ela acolhia enfermos e desabrigados<\/li>\n<li>Ainda na d\u00e9cada de 30, ajudou oper\u00e1rios do bairro de Itapagipe, em Salvador, a formarem a Uni\u00e3o Oper\u00e1ria S\u00e3o Francisco. Logo depois, juntamente com Frei Hildebrando Kruthaup, fundou o C\u00edrculo Oper\u00e1rio da Bahia<\/li>\n<li>Junto aos trabalhadores, ela inaugurou um col\u00e9gio para os filhos dos oper\u00e1rios e ainda ajudou a fundar os cinemas Plataforma e S\u00e3o Caetano, al\u00e9m do Cine Teatro Roma; a renda obtida nos cinemas contribu\u00eda para a manuten\u00e7\u00e3o do C\u00edrculo Oper\u00e1rio<\/li>\n<\/ul>\n<p><img loading=\"lazy\" decoding=\"async\" class=\"size-medium aligncenter\" src=\"https:\/\/obeabadosertao.com.br\/filerun\/wl\/?id=zq5opUwpLgVt8GHX7rfAbQrBDErwhF9o\" width=\"700\" height=\"500\" \/><\/p>\n<ul>\n<li>Na d\u00e9cada de 60 transformou um galinheiro do Convento de Santo Ant\u00f4nio em albergue. Mais tarde, o lugar deu origem ao Hospital Santo Ant\u00f4nio, no Largo de Roma, em Salvador, e as Obras Sociais que levam o nome dela<\/li>\n<li>Em 13 de mar\u00e7o de 1992, faleceu em Salvador na Bahia<\/li>\n<li>Em 2011, foi nomeada beata<\/li>\n<li>Em 13 de outubro de 2019 foi canonizada e se tornou santa com o nome Santa Dulce dos Pobres.<\/li>\n<\/ul>\n<p>&nbsp;<\/p>\n<p><img loading=\"lazy\" decoding=\"async\" class=\"size-medium aligncenter\" src=\"https:\/\/obeabadosertao.com.br\/filerun\/wl\/?id=AuK2vKCjwKXmtWBzGNNpD2GN359EppUo\" width=\"700\" height=\"500\" \/><\/p>\n","protected":false},"excerpt":{"rendered":"<p>Tempo de leitura: 7 minutosPassado o per\u00edodo da festa em celebra\u00e7\u00e3o a Santa Dulce dos Pobres, os fi\u00e9is que acompanham [&hellip;]<\/p>\n","protected":false},"author":1,"featured_media":17765,"comment_status":"open","ping_status":"open","sticky":false,"template":"","format":"standard","meta":[],"categories":[4,40,6],"tags":[16129,16140,16133,16131,16141,16142,16132,16124,16143,16144,16128,16136,16138,16137,16127,16134,16130,16139,11286,16125,16122,16126,16123,16135],"amp_enabled":true,"_links":{"self":[{"href":"https:\/\/obeabadosertao.com.br\/portal\/wp-json\/wp\/v2\/posts\/17763"}],"collection":[{"href":"https:\/\/obeabadosertao.com.br\/portal\/wp-json\/wp\/v2\/posts"}],"about":[{"href":"https:\/\/obeabadosertao.com.br\/portal\/wp-json\/wp\/v2\/types\/post"}],"author":[{"embeddable":true,"href":"https:\/\/obeabadosertao.com.br\/portal\/wp-json\/wp\/v2\/users\/1"}],"replies":[{"embeddable":true,"href":"https:\/\/obeabadosertao.com.br\/portal\/wp-json\/wp\/v2\/comments?post=17763"}],"version-history":[{"count":1,"href":"https:\/\/obeabadosertao.com.br\/portal\/wp-json\/wp\/v2\/posts\/17763\/revisions"}],"predecessor-version":[{"id":17764,"href":"https:\/\/obeabadosertao.com.br\/portal\/wp-json\/wp\/v2\/posts\/17763\/revisions\/17764"}],"wp:featuredmedia":[{"embeddable":true,"href":"https:\/\/obeabadosertao.com.br\/portal\/wp-json\/wp\/v2\/media\/17765"}],"wp:attachment":[{"href":"https:\/\/obeabadosertao.com.br\/portal\/wp-json\/wp\/v2\/media?parent=17763"}],"wp:term":[{"taxonomy":"category","embeddable":true,"href":"https:\/\/obeabadosertao.com.br\/portal\/wp-json\/wp\/v2\/categories?post=17763"},{"taxonomy":"post_tag","embeddable":true,"href":"https:\/\/obeabadosertao.com.br\/portal\/wp-json\/wp\/v2\/tags?post=17763"}],"curies":[{"name":"wp","href":"https:\/\/api.w.org\/{rel}","templated":true}]}}