{"id":17777,"date":"2023-08-20T14:46:14","date_gmt":"2023-08-20T17:46:14","guid":{"rendered":"https:\/\/obeabadosertao.com.br\/portal\/?p=17777"},"modified":"2023-08-21T14:02:20","modified_gmt":"2023-08-21T17:02:20","slug":"impressionado-neymar-e-apresentado-no-al-hilal-com-festa-em-estadio-na-arabia-saudita","status":"publish","type":"post","link":"https:\/\/obeabadosertao.com.br\/portal\/2023\/08\/20\/impressionado-neymar-e-apresentado-no-al-hilal-com-festa-em-estadio-na-arabia-saudita\/","title":{"rendered":"Impressionado: Neymar \u00e9 apresentado no Al-Hilal, com festa em est\u00e1dio na Ar\u00e1bia Saudita"},"content":{"rendered":"<div id=\"tt-temp-estim\">Tempo de leitura: 4 minutos<\/div><h3><span style=\"color: #000080;\"><em><strong>Principal refor\u00e7o do clube para a temporada, astro \u00e9 recebido antes de confronto contra o Al-Fayha. Estreia ainda n\u00e3o ser\u00e1 neste s\u00e1bado (19Agosto2023).<\/strong><\/em><\/span><\/h3>\n<p>&nbsp;<\/p>\n<p>O atacante Neymar foi apresentado como refor\u00e7o do Al-Hilal com grande festa no Est\u00e1dio Rei Fahd, neste s\u00e1bado (19Agosto2023), em Riade, capital da Ar\u00e1bia Saudita.<\/p>\n<p><img fetchpriority=\"high\" decoding=\"async\" class=\"size-medium aligncenter\" src=\"https:\/\/obeabadosertao.com.br\/filerun\/wl\/?id=zoujav014smyoMDGl9QkDuMi4NcrQdhc\" width=\"700\" height=\"500\" \/><\/p>\n<p>O est\u00e1dio, que receber\u00e1 na sequ\u00eancia o duelo entre a equipe comandada por Jorge Jesus e o Al-Fayha, contou com mais de 67 mil pessoas para recepcionar o craque, principal refor\u00e7o do clube para a temporada 2023\/24.<\/p>\n<p>&#8220;<em>Muito feliz por essa recep\u00e7\u00e3o, por este novo desafio. Estou impressionado. Vim ao maior clube desse pa\u00eds e espero fazer parte desta hist\u00f3ria e ganhar muito. Vamos aproveitar, ser felizes. Farei de tudo para esse clube<\/em>&#8220;, pontuou Neymar na chegada ao Al-Hilal.<\/p>\n<p><img decoding=\"async\" class=\"size-medium aligncenter\" src=\"https:\/\/obeabadosertao.com.br\/filerun\/wl\/?id=qYQYRyPPRxrVVq7nESonFVSWroB3dHDr\" width=\"700\" height=\"500\" \/><\/p>\n<p>Antes da apari\u00e7\u00e3o de Neymar, o Al-Hilal preparou uma festa de luzes, deixando os refletores do est\u00e1dio apagados, com apenas uma tonalidade azul iluminando o campo.<\/p>\n<p>No c\u00e9u, ent\u00e3o, os drones deram um show, projetando o n\u00famero 10 do craque e at\u00e9 mesmo seu rosto.<\/p>\n<p><img decoding=\"async\" class=\"size-medium aligncenter\" src=\"https:\/\/obeabadosertao.com.br\/filerun\/wl\/?id=o5FpZqyYuAVztOw6yZyAuRtzmHIJdKVb\" width=\"700\" height=\"500\" \/><\/p>\n<p>Por conta da apresenta\u00e7\u00e3o, o jogo precisou ser transferido para o Est\u00e1dio Rei Fahd, dada a expectativa pela chegada do brasileiro no clube.<\/p>\n<p>Tamb\u00e9m participaram do evento o goleiro Bono, rec\u00e9m-contratado pelo clube junto ao Sevilla, e o atacante Malcom, ex-Corinthians e Barcelona.<\/p>\n<p><img loading=\"lazy\" decoding=\"async\" class=\"size-medium aligncenter\" src=\"https:\/\/obeabadosertao.com.br\/filerun\/wl\/?id=sLU18I2gY9PHbBMoHIPq9a2QiWdBS71w\" width=\"700\" height=\"500\" \/><\/p>\n<p>Milhares de f\u00e3s chegaram cedo ao Est\u00e1dio Rei Fahd.<\/p>\n<p>Assim que os port\u00f5es foram abertos, mais de duas horas antes do in\u00edcio da apresenta\u00e7\u00e3o, muitos torcedores correram para pegar bons lugares.<\/p>\n<p><img loading=\"lazy\" decoding=\"async\" class=\"size-medium aligncenter\" src=\"https:\/\/obeabadosertao.com.br\/filerun\/wl\/?id=C2GrgztO8cf6CouEiwmrySX1IYRs8mhl\" width=\"700\" height=\"500\" \/><\/p>\n<p>O clube distribuiu milhares de cartazes com um desenho do rosto de Neymar, o n\u00famero 10 e a frase &#8220;<em>bem-vindo<\/em>&#8220;.<\/p>\n<p>Apesar de uma expectativa inicial, Neymar n\u00e3o far\u00e1 sua estreia hoje: ele nem mesmo foi relacionado para ficar no banco de reservas diante do Al-Fayha.<\/p>\n<p><img loading=\"lazy\" decoding=\"async\" class=\"size-medium aligncenter\" src=\"https:\/\/obeabadosertao.com.br\/filerun\/wl\/?id=bCZRS2UDIHf5138MtHOa8pzW9alSHdWi\" width=\"700\" height=\"500\" \/><\/p>\n<p>Neymar se recuperou da grave les\u00e3o no tornozelo sofrida em fevereiro e chegou a atuar por 90 minutos em amistoso contra o Jeonbuk &#8211; quando marcou dois gols.<\/p>\n<h2><span style=\"color: #000080;\"><strong>Maior contrata\u00e7\u00e3o de um clube n\u00e3o-europeu<\/strong><\/span><\/h2>\n<p>O clube saudita vai pagar ao craque 320 milh\u00f5es de euros (R$ 1,7 bilh\u00e3o) no per\u00edodo. O PSG pedia ao menos 100 milh\u00f5es de euros (R$ 540 milh\u00f5es) para vender Neymar.<\/p>\n<p>O Al-Hilal deve chegar a tal valor, entre taxas fixas e vari\u00e1veis. O camisa 10 tinha contrato com o time franc\u00eas at\u00e9 2027. \u00c9 a maior contrata\u00e7\u00e3o feita por um clube n\u00e3o europeu na hist\u00f3ria do futebol.<\/p>\n<p><img loading=\"lazy\" decoding=\"async\" class=\"size-medium aligncenter\" src=\"https:\/\/obeabadosertao.com.br\/filerun\/wl\/?id=efAFsn4XwU9IJEarQFce3i4al686gAuO\" width=\"700\" height=\"500\" \/><\/p>\n<p>O Al-Hilal, clube mais popular da Ar\u00e1bia Saudita, \u00e9 o de maior investimento no atual mercado de transfer\u00eancias da Ar\u00e1bia Saudita.<\/p>\n<p>Al\u00e9m de Neymar, foram contratados nomes como R\u00faben Neves, ex-Wolverhampton, por \u20ac 55 milh\u00f5es, Koulibaly, ex-Chelsea, por \u20ac 23 milh\u00f5es, Milinkovic-Savic, ex-Lazio, por \u20ac 40 milh\u00f5es, e Malcom, ex-Zenit, por \u20ac 60 milh\u00f5es.<\/p>\n<p><img loading=\"lazy\" decoding=\"async\" class=\"size-medium aligncenter\" src=\"https:\/\/obeabadosertao.com.br\/filerun\/wl\/?id=If8xNAyFKtCl6uyzP9z5PEgtns2FjMu2\" width=\"700\" height=\"500\" \/><\/p>\n<p>Neymar ficou mais de cinco meses longe dos gramados por conta de uma grave les\u00e3o no tornozelo direito. Passou por cirurgia em mar\u00e7o, perdeu o restante da temporada 2022\/23 e voltou a atuar h\u00e1 pouco mais de uma semana. Ele marcou dois gols e deu uma assist\u00eancia no amistoso contra o Jeonbuk, da Coreia do Sul.<\/p>\n<p>Com a ida para a Ar\u00e1bia Saudita, Neymar encerra sua passagem de 10 temporadas pelo futebol europeu, dos quais seis anos no PSG. Ele chegou ao time franc\u00eas como jogador mais caro da hist\u00f3ria e com o projeto de al\u00e7ar o clube ao topo da Europa, o que poderia lev\u00e1-lo a pr\u00eamios individuais.<\/p>\n<p><img loading=\"lazy\" decoding=\"async\" class=\"size-medium aligncenter\" src=\"https:\/\/obeabadosertao.com.br\/filerun\/wl\/?id=ljQtPUysKTZm0oSEY0pbXO32P4FFzP0Y\" width=\"700\" height=\"500\" \/><\/p>\n<p>O camisa 10, no entanto, sofreu com problemas f\u00edsicos e somou 173 jogos no Paris Saint-Germain, uma m\u00e9dia de pouco mais de 28 por temporada. No per\u00edodo, o clube disputou 318 partidas oficiais.<\/p>\n<p>O brasileiro fez 118 gols e 70 assist\u00eancias na equipe parisiense e conquistou 13 t\u00edtulos, entre eles cinco edi\u00e7\u00f5es do Campeonato Franc\u00eas, al\u00e9m do vice-campeonato da Champions League em 2020.<\/p>\n<h2><span style=\"color: #000080;\"><strong>\u00a0Boeing 747 do Pr\u00edncipe Alwaleed bin Talal, avaliado em R$ 1 bilh\u00e3o<\/strong><\/span><\/h2>\n<p>Neymar Jr. chegou \u00e0 Ar\u00e1bia Saudita na sexta-feira (18Agosto2023).<\/p>\n<p><img loading=\"lazy\" decoding=\"async\" class=\"size-medium aligncenter\" src=\"https:\/\/obeabadosertao.com.br\/filerun\/wl\/?id=OlBqO4VT4Svd8DjTLyminas2TX6MLQrD\" width=\"700\" height=\"500\" \/><\/p>\n<p>O avi\u00e3o que levou o craque brasileiro saiu de Paris, na Fran\u00e7a, e pousou no Aeroporto Internacional Rei Khalid, em Riade, \u00e0s 13h35m, ap\u00f3s um v\u00f4o de quase sete horas de viagem.<\/p>\n<p><img loading=\"lazy\" decoding=\"async\" class=\"size-medium aligncenter\" src=\"https:\/\/obeabadosertao.com.br\/filerun\/wl\/?id=pMGaHxMbP1bTRBb4WGFoV0TQlZnnAmRz\" width=\"700\" height=\"500\" \/><\/p>\n<div class=\"m-banner-wrap m-banner-rectangle m-publicity-content-middle\">\n<div id=\"div-gpt-ad-colunas-fabia-oliveira-quadrado-1\" class=\"ad-quadrado ad-displayed\" data-google-query-id=\"CNiBxYWx54ADFf0zuQYdfZ0Jxg\">\n<p data-gtm-vis-recent-on-screen-104869357_94=\"16598\" data-gtm-vis-first-on-screen-104869357_94=\"16598\" data-gtm-vis-total-visible-time-104869357_94=\"100\" data-gtm-vis-has-fired-104869357_94=\"1\">Mas a chegada do jogador de futebol ao clube n\u00e3o foi o \u00fanico assunto da sexta-feira (18Agosto2023).<\/p>\n<p data-gtm-vis-recent-on-screen-104869357_94=\"16598\" data-gtm-vis-first-on-screen-104869357_94=\"16598\" data-gtm-vis-total-visible-time-104869357_94=\"100\" data-gtm-vis-has-fired-104869357_94=\"1\"><img loading=\"lazy\" decoding=\"async\" class=\"size-medium aligncenter\" src=\"https:\/\/obeabadosertao.com.br\/filerun\/wl\/?id=82dXrmGCn4ynejB4BYSUcI5gZsuTcZf8\" width=\"700\" height=\"500\" \/><\/p>\n<p data-gtm-vis-recent-on-screen-104869357_94=\"16598\" data-gtm-vis-first-on-screen-104869357_94=\"16598\" data-gtm-vis-total-visible-time-104869357_94=\"100\" data-gtm-vis-has-fired-104869357_94=\"1\">A aeronave, o Boeing 747 do Pr\u00edncipe Alwaleed bin Talal, avaliado em R$ 1 bilh\u00e3o, chamou a aten\u00e7\u00e3o do p\u00fablico.<\/p>\n<p data-gtm-vis-recent-on-screen-104869357_94=\"16598\" data-gtm-vis-first-on-screen-104869357_94=\"16598\" data-gtm-vis-total-visible-time-104869357_94=\"100\" data-gtm-vis-has-fired-104869357_94=\"1\"><img loading=\"lazy\" decoding=\"async\" class=\"size-medium aligncenter\" src=\"https:\/\/obeabadosertao.com.br\/filerun\/wl\/?id=sOQ3CdhjNYagkltmZmazb5AYr6l9ujd6\" width=\"700\" height=\"500\" \/><\/p>\n<p data-gtm-vis-recent-on-screen-104869357_94=\"16598\" data-gtm-vis-first-on-screen-104869357_94=\"16598\" data-gtm-vis-total-visible-time-104869357_94=\"100\" data-gtm-vis-has-fired-104869357_94=\"1\">O avi\u00e3o \u00e9 um dos mais luxuosos do mundo.<\/p>\n<div class=\"m-news-list-content m-related-news\">\n<p><img loading=\"lazy\" decoding=\"async\" class=\"size-medium aligncenter\" src=\"https:\/\/obeabadosertao.com.br\/filerun\/wl\/?id=uwuNeMN7V9M8qnjopLfoFbAyPAqnyQa9\" width=\"700\" height=\"500\" \/><\/p>\n<p>O avi\u00e3o, que possui uma das maiores estruturas internas existentes em aeronaves particulares, comporta 400 passageiros em dois andares.<\/p>\n<p><img loading=\"lazy\" decoding=\"async\" class=\"size-medium aligncenter\" src=\"https:\/\/obeabadosertao.com.br\/filerun\/wl\/?id=eUxWxWZhIEOdZRszUHrXna6HJLHTbiGb\" width=\"700\" height=\"500\" \/><\/p>\n<p>A sala principal do avi\u00e3o \u00e9 usada pelo dono, o pr\u00edncipe da Ar\u00e1bia Saudita, em reuni\u00f5es com assessores e ministros.<\/p>\n<div class=\"m-banner-teads\">\n<div class=\"teads-inread sm-screen\">\n<div>\n<p><img loading=\"lazy\" decoding=\"async\" class=\"size-medium aligncenter\" src=\"https:\/\/obeabadosertao.com.br\/filerun\/wl\/?id=9kx4CFeg5FQuGCOdgwJS39hSdTENu2EJ\" width=\"700\" height=\"500\" \/><\/p>\n<\/div>\n<\/div>\n<\/div>\n<\/div>\n<\/div>\n<\/div>\n<p><img loading=\"lazy\" decoding=\"async\" class=\"size-medium aligncenter\" src=\"https:\/\/obeabadosertao.com.br\/filerun\/wl\/?id=XNdIq1L78cenm6oCScMIpdjk1oqP9VLA\" width=\"700\" height=\"500\" \/><\/p>\n<p style=\"text-align: center;\"><span style=\"color: #000080;\"><em><strong>Pr\u00edncipe Al-Waleed bin Talal bin Abdul Aziz Al-Saud, empres\u00e1rio e bilion\u00e1rio saudita, membro da Casa Real. Alwaleed \u00e9 neto de Abdul Aziz Alsaud, fundador da moderna Ar\u00e1bia Saudita, e do ex-primeiro-ministro liban\u00eas Riad el-Solh.<\/strong><\/em><\/span><\/p>\n<div class=\"m-banner-wrap m-banner-rectangle m-publicity-content-middle\">\n<div id=\"div-gpt-ad-colunas-fabia-oliveira-quadrado-1\" class=\"ad-quadrado ad-displayed\" data-google-query-id=\"CNiBxYWx54ADFf0zuQYdfZ0Jxg\">\n<div class=\"m-news-list-content m-related-news\">\n<div class=\"m-banner-teads\">\n<div class=\"teads-inread sm-screen\">\n<p><img loading=\"lazy\" decoding=\"async\" class=\"size-medium aligncenter\" src=\"https:\/\/obeabadosertao.com.br\/filerun\/wl\/?id=c64wDxYCgkn3o1tGpMgwOmfHhBoOEwoY\" width=\"700\" height=\"500\" \/><\/p>\n<p>O espa\u00e7o conta com sof\u00e1s de couro, revestimentos luxuosos e mesas de madeira maci\u00e7a, al\u00e9m de ilumina\u00e7\u00e3o inteligente.<\/p>\n<p><img loading=\"lazy\" decoding=\"async\" class=\"size-medium aligncenter\" src=\"https:\/\/obeabadosertao.com.br\/filerun\/wl\/?id=W1fWnMkx9H7ouQo6Zhe234CMVwFFF22p\" width=\"700\" height=\"500\" \/><\/p>\n<p>O Boeing 747 do Pr\u00edncipe Alwaleed bin Talal possui tamb\u00e9m uma sala de reuni\u00f5es mais ampla, com uma grande mesa e cadeiras dispostas para um n\u00famero maior de participantes.<\/p>\n<p>A sala ainda pode ser convertida em sal\u00e3o de jantar.<\/p>\n<p><img loading=\"lazy\" decoding=\"async\" class=\"size-medium aligncenter\" src=\"https:\/\/obeabadosertao.com.br\/filerun\/wl\/?id=HzOOIEhkVlzu4yMflomOl5Cxmn8OGSsq\" width=\"700\" height=\"500\" \/><\/p>\n<p>As poltronas dos passageiros s\u00e3o confort\u00e1veis, amplas e revestidas de couro, com controles nos bra\u00e7os e disposi\u00e7\u00e3o em tr\u00eas fileiras com dois assentos em cada.<\/p>\n<p><img loading=\"lazy\" decoding=\"async\" class=\"size-medium aligncenter\" src=\"https:\/\/obeabadosertao.com.br\/filerun\/wl\/?id=j54dPTe0t0FzZabGG8tExpVnTy0O5oKA\" width=\"700\" height=\"500\" \/><\/p>\n<p style=\"text-align: center;\">\n<\/div>\n<\/div>\n<\/div>\n<\/div>\n<\/div>\n<p>&nbsp;<\/p>\n<p><img loading=\"lazy\" decoding=\"async\" class=\"size-medium aligncenter\" src=\"https:\/\/obeabadosertao.com.br\/filerun\/wl\/?id=AuK2vKCjwKXmtWBzGNNpD2GN359EppUo\" width=\"700\" height=\"500\" \/><\/p>\n<p>&nbsp;<\/p>\n","protected":false},"excerpt":{"rendered":"<p>Tempo de leitura: 4 minutosPrincipal refor\u00e7o do clube para a temporada, astro \u00e9 recebido antes de confronto contra o Al-Fayha. [&hellip;]<\/p>\n","protected":false},"author":1,"featured_media":17779,"comment_status":"open","ping_status":"open","sticky":false,"template":"","format":"standard","meta":[],"categories":[4,35,6],"tags":[16209,16197,16196,16210,1350,16199,6591,7543,4579,3584,16198,16206,16207,16203,6747,16200,16204,1080,1503,1083,11110,1079,16208,1082,16201,16202,16205,16211],"amp_enabled":true,"_links":{"self":[{"href":"https:\/\/obeabadosertao.com.br\/portal\/wp-json\/wp\/v2\/posts\/17777"}],"collection":[{"href":"https:\/\/obeabadosertao.com.br\/portal\/wp-json\/wp\/v2\/posts"}],"about":[{"href":"https:\/\/obeabadosertao.com.br\/portal\/wp-json\/wp\/v2\/types\/post"}],"author":[{"embeddable":true,"href":"https:\/\/obeabadosertao.com.br\/portal\/wp-json\/wp\/v2\/users\/1"}],"replies":[{"embeddable":true,"href":"https:\/\/obeabadosertao.com.br\/portal\/wp-json\/wp\/v2\/comments?post=17777"}],"version-history":[{"count":5,"href":"https:\/\/obeabadosertao.com.br\/portal\/wp-json\/wp\/v2\/posts\/17777\/revisions"}],"predecessor-version":[{"id":17783,"href":"https:\/\/obeabadosertao.com.br\/portal\/wp-json\/wp\/v2\/posts\/17777\/revisions\/17783"}],"wp:featuredmedia":[{"embeddable":true,"href":"https:\/\/obeabadosertao.com.br\/portal\/wp-json\/wp\/v2\/media\/17779"}],"wp:attachment":[{"href":"https:\/\/obeabadosertao.com.br\/portal\/wp-json\/wp\/v2\/media?parent=17777"}],"wp:term":[{"taxonomy":"category","embeddable":true,"href":"https:\/\/obeabadosertao.com.br\/portal\/wp-json\/wp\/v2\/categories?post=17777"},{"taxonomy":"post_tag","embeddable":true,"href":"https:\/\/obeabadosertao.com.br\/portal\/wp-json\/wp\/v2\/tags?post=17777"}],"curies":[{"name":"wp","href":"https:\/\/api.w.org\/{rel}","templated":true}]}}