{"id":18073,"date":"2023-09-26T16:13:07","date_gmt":"2023-09-26T19:13:07","guid":{"rendered":"https:\/\/obeabadosertao.com.br\/portal\/?p=18073"},"modified":"2023-09-27T09:51:30","modified_gmt":"2023-09-27T12:51:30","slug":"sandy-e-lucas-lima-terminam-casamento-de-15-anos","status":"publish","type":"post","link":"https:\/\/obeabadosertao.com.br\/portal\/2023\/09\/26\/sandy-e-lucas-lima-terminam-casamento-de-15-anos\/","title":{"rendered":"Sandy e Lucas Lima terminam casamento de 15 anos"},"content":{"rendered":"<div id=\"tt-temp-estim\">Tempo de leitura: 4 minutos<\/div><h3><span style=\"color: #000080;\"><strong><em>Casal estava em um relacionamento h\u00e1 cerca de 24 anos e, juntos, os dois s\u00e3o pais de um menino de 9 anos.<\/em><\/strong><\/span><\/h3>\n<p>&nbsp;<\/p>\n<p>A cantora <em>Sandy<\/em> Leah Lima e o m\u00fasico <em>Lucas<\/em> Scholles <em>Lima<\/em> anunciaram nesta segunda-feira (25Setembro2023), que n\u00e3o est\u00e3o mais juntos. A rela\u00e7\u00e3o durou quase 24 anos, sendo 15 de casados.<\/p>\n<p><img fetchpriority=\"high\" decoding=\"async\" class=\"size-medium aligncenter\" src=\"https:\/\/obeabadosertao.com.br\/filerun\/wl\/?id=a20h8or37yPzDVdpBdGR5xNX7FvNzj0h\" width=\"700\" height=\"500\" \/><\/p>\n<p>No Instagram, os dois compartilharam um texto afirmando que a rela\u00e7\u00e3o chegou ao fim.<\/p>\n<p>Apesar de n\u00e3o citarem as palavras &#8220;<em>t\u00e9rmino<\/em>&#8221; ou &#8220;<em>div\u00f3rcio<\/em>&#8220;, o texto diz que os dois se tornaram grandes amigos.<\/p>\n<p><img decoding=\"async\" class=\"size-medium aligncenter\" src=\"https:\/\/obeabadosertao.com.br\/filerun\/wl\/?id=V85Gh3eIThSZnAmsTEpSarXzjODAiKJe\" width=\"700\" height=\"500\" \/><\/p>\n<p>&#8220;<em>N\u00e3o foi uma decis\u00e3o f\u00e1cil, nem impulsiva. Foram praticamente 24 anos de relacionamento e 15 anos de casados. Com altos e baixos, \u00e0s vezes mais felizes, \u00e0s vezes menos, mas sempre inteiros e dispostos a fazer o nosso melhor. E fizemos. N\u00e3o teve briga, m\u00e1goa, traumas\u2026 a gente conseguiu enxergar que esse era o melhor caminho e vamos deixar de ser um casal do mesmo jeito que a gente foi um: com muito amor, respeito e amizade infinita<\/em>&#8220;, diz um trecho do comunicado.<\/p>\n<p><img decoding=\"async\" class=\"size-medium aligncenter\" src=\"https:\/\/obeabadosertao.com.br\/filerun\/wl\/?id=pwUZGHlpMz9dWTDPDe9aoZXDuiHzvq8z\" width=\"700\" height=\"500\" \/><\/p>\n<p>Na publica\u00e7\u00e3o, eles tamb\u00e9m pedem respeito ao espa\u00e7o da fam\u00edlia neste momento delicado.<\/p>\n<p>&#8220;<em>E a gente sabe que \u00e9 pedir demais, mas vamos pedir mesmo assim: por favor, respeitem nosso momento, nossa fam\u00edlia. A gente tem um filho lindo de 9 anos que precisa de todo nosso amor e cuidado. Precisamos que esse momento t\u00e3o \u00edntimo, dif\u00edcil e particular seja vivido com a mesma discri\u00e7\u00e3o com que a gente viveu nosso relacionamento t\u00e3o feliz, t\u00e3o bem-sucedido. Obrigado pela compreens\u00e3o e pelos pensamentos positivos que a gente sabe que vai receber de quem gosta da gente. Vai demorar um pouquinho, mas vai ficar tudo bem<\/em>&#8220;.<\/p>\n<p><img loading=\"lazy\" decoding=\"async\" class=\"size-medium aligncenter\" src=\"https:\/\/obeabadosertao.com.br\/filerun\/wl\/?id=oj6TuuG9upV2rHR4PuzTgsELx02Pnq6j\" width=\"700\" height=\"500\" \/><\/p>\n<p>A publica\u00e7\u00e3o repercutiu entre familiares e f\u00e3s, famosos e an\u00f4nimos, do casal. J\u00fanior, irm\u00e3o de Sandy, desejou todo amor para os dois. M\u00f4nica Benini, cunhada da cantora, tamb\u00e9m declarou seu sentimento pelo casal.<\/p>\n<p><img loading=\"lazy\" decoding=\"async\" class=\"size-medium aligncenter\" src=\"https:\/\/obeabadosertao.com.br\/filerun\/wl\/?id=JbMwfRnY37wcqkor6oeW5lslVmBrJV8E\" width=\"700\" height=\"500\" \/><\/p>\n<p><strong>Wanessa Camargo<\/strong>, que por muito tempo foi apontada como rival de Sandy, desejou for\u00e7a. &#8220;<em>Todo meu carinho e desejo que voc\u00eas fiquem bem! Amo voc\u00eas<\/em>&#8220;, escreveu.<\/p>\n<h2><span style=\"color: #000080;\"><strong>The end<\/strong><\/span><\/h2>\n<p>A not\u00edcia do fim do casamento de Sandy e Lucas Lima nesta segunda-feira (25Setembro2023) pegou muita gente de surpresa. Mas vale lembrar que os primeiros ind\u00edcios de que o casal poderia estar passando por uma crise come\u00e7aram a aparecer pela primeira vez no The Town, festival que aconteceu no in\u00edcio de setembro no Aut\u00f3dromo de Interlagos, em S\u00e3o Paulo (SP).<\/p>\n<p>Lucas Lima esteve tr\u00eas dias no festival, fazendo presen\u00e7a publicit\u00e1ria em um estande de uma marca no evento, mas tamb\u00e9m circulou pela \u00e1rea VIP.<\/p>\n<p><img loading=\"lazy\" decoding=\"async\" class=\"size-medium aligncenter\" src=\"https:\/\/obeabadosertao.com.br\/filerun\/wl\/?id=W7iNoBQbtViwNAe62ZN0pA8GIHYQKKb9\" width=\"700\" height=\"500\" \/><\/p>\n<p>Sua primeira ida ao festival foi no segundo dia de The Town, quando aconteceu o primeiro show de Bruno Mars, que teve &#8220;<em>Evid\u00eancias<\/em>&#8220;, hit do ent\u00e3o sogro Xoror\u00f3 tocada ao piano.<\/p>\n<p>Na ocasi\u00e3o, ele marcou presen\u00e7a acompanhado de Wagner Santisteban, amigo de\u00a0Sandy\u00a0desde os tempos do seriado &#8220;<em>Sandy &amp; Junior<\/em>&#8221; e comentou nas redes sociais: &#8220;<em>Partiu Luc\u00e3o Jovem! Festival mode on<\/em>&#8220;.<\/p>\n<p>Depois, Lucas Lima retornou ao The Town no segundo fim de semana no pen\u00faltimo dia e tamb\u00e9m no \u00faltimo. No encerramento, ele deu entrevista ao gshow na \u00e1rea VIP, comentando a repercuss\u00e3o da homenagem de Bruno Mars ao hit de Chit\u00e3ozinho &amp; Xoror\u00f3 no fim de semana anterior. E n\u00e3o quis comentar a aus\u00eancia de Sandy no evento.<\/p>\n<p><img loading=\"lazy\" decoding=\"async\" class=\"size-medium aligncenter\" src=\"https:\/\/obeabadosertao.com.br\/filerun\/wl\/?id=eTmUylGDXNpxJrrvtowAphYxwEPRXxYB\" width=\"700\" height=\"500\" \/><\/p>\n<p>Para completar,\u00a0Xoror\u00f3 assistiu ao segundo show de Bruno Mars, no \u00faltimo dia do The Town, colado ao palco com Noely, Junior e M\u00f4nica Benini. Eles apareceram no tel\u00e3o, levando o p\u00fablico ao del\u00edrio, e Lucas Lima, que estava no evento no mesmo dia, n\u00e3o apareceu.<\/p>\n<p>De casa, Sandy comentou a segunda homenagem feita por Bruno Mars ao hit &#8220;<em>Evid\u00eancias<\/em>&#8220;, marcando os perfis do pai e do irm\u00e3o. Nada de Lucas Lima.<\/p>\n<p>Claro que todas essas evid\u00eancias (sem trocadilho), causaram estranheza nos f\u00e3s da cantora.<\/p>\n<h2><span style=\"color: #000080;\"><strong>Fases do relacionamento<\/strong><\/span><\/h2>\n<p>Um dos casais mais admirados do Brasil, Sandy e Lucas ficaram juntos por duas d\u00e9cadas. Foram mais de 20 anos de namoro, 15 de casamento rec\u00e9m-completados.<\/p>\n<p>Lucas e Sandy se conheceram na adolesc\u00eancia, quando os dois j\u00e1 viviam a agitada rotina de shows e turn\u00eas \u2013 ele, com a Fam\u00edlia Lima, e ela, na dupla ao lado do irm\u00e3o, Junior.<\/p>\n<p><img loading=\"lazy\" decoding=\"async\" class=\"size-medium aligncenter\" src=\"https:\/\/obeabadosertao.com.br\/filerun\/wl\/?id=dFmpToogQvbGbbzE9mZx5aPCXeQTMMsb\" width=\"700\" height=\"500\" \/><\/p>\n<p>Em 2007, Lucas pediu Sandy em casamento durante uma viagem \u00e0 Disney. No finalzinho de 2013, Sandy e Lucas anunciaram a gravidez e, em junho de 2014, nasceu o pequeno Theo, hoje com 9 anos.<\/p>\n<p>Ao longo da rela\u00e7\u00e3o, Sandy e Lucas passaram por altos e baixos. Logo ap\u00f3s o casamento, as diferen\u00e7as e os obst\u00e1culos apareceram.<\/p>\n<p>Eles encontraram, no di\u00e1logo, uma solu\u00e7\u00e3o. Depois do primeiro ano de casados, o relacionamento amadureceu.<\/p>\n<p>&#8220;<em>Logo que a gente casou, a nossa conviv\u00eancia foi muito dif\u00edcil. N\u00f3s dois viemos de hist\u00f3ricos familiares completamente diferentes. A gente n\u00e3o podia ser mais oposto, e a gente n\u00e3o chegou a morar junto. Foi um choque para os dois. O primeiro ano foi um processo longo<\/em>&#8220;, afirmou o cantor ao gshow, na \u00e9poca.<\/p>\n<p>&nbsp;<\/p>\n<p>&nbsp;<\/p>\n<p><img loading=\"lazy\" decoding=\"async\" class=\"size-medium aligncenter\" src=\"https:\/\/obeabadosertao.com.br\/filerun\/wl\/?id=AuK2vKCjwKXmtWBzGNNpD2GN359EppUo\" width=\"700\" height=\"500\" \/><\/p>\n","protected":false},"excerpt":{"rendered":"<p>Tempo de leitura: 4 minutosCasal estava em um relacionamento h\u00e1 cerca de 24 anos e, juntos, os dois s\u00e3o pais [&hellip;]<\/p>\n","protected":false},"author":1,"featured_media":18076,"comment_status":"open","ping_status":"open","sticky":false,"template":"","format":"standard","meta":[],"categories":[4,49,6],"tags":[17074,17068,17061,17073,17067,17070,17062,17066,17064,17069,17063,17065,2737,17072,17075,17071],"amp_enabled":true,"_links":{"self":[{"href":"https:\/\/obeabadosertao.com.br\/portal\/wp-json\/wp\/v2\/posts\/18073"}],"collection":[{"href":"https:\/\/obeabadosertao.com.br\/portal\/wp-json\/wp\/v2\/posts"}],"about":[{"href":"https:\/\/obeabadosertao.com.br\/portal\/wp-json\/wp\/v2\/types\/post"}],"author":[{"embeddable":true,"href":"https:\/\/obeabadosertao.com.br\/portal\/wp-json\/wp\/v2\/users\/1"}],"replies":[{"embeddable":true,"href":"https:\/\/obeabadosertao.com.br\/portal\/wp-json\/wp\/v2\/comments?post=18073"}],"version-history":[{"count":3,"href":"https:\/\/obeabadosertao.com.br\/portal\/wp-json\/wp\/v2\/posts\/18073\/revisions"}],"predecessor-version":[{"id":18078,"href":"https:\/\/obeabadosertao.com.br\/portal\/wp-json\/wp\/v2\/posts\/18073\/revisions\/18078"}],"wp:featuredmedia":[{"embeddable":true,"href":"https:\/\/obeabadosertao.com.br\/portal\/wp-json\/wp\/v2\/media\/18076"}],"wp:attachment":[{"href":"https:\/\/obeabadosertao.com.br\/portal\/wp-json\/wp\/v2\/media?parent=18073"}],"wp:term":[{"taxonomy":"category","embeddable":true,"href":"https:\/\/obeabadosertao.com.br\/portal\/wp-json\/wp\/v2\/categories?post=18073"},{"taxonomy":"post_tag","embeddable":true,"href":"https:\/\/obeabadosertao.com.br\/portal\/wp-json\/wp\/v2\/tags?post=18073"}],"curies":[{"name":"wp","href":"https:\/\/api.w.org\/{rel}","templated":true}]}}