{"id":18125,"date":"2023-09-30T23:00:45","date_gmt":"2023-10-01T02:00:45","guid":{"rendered":"https:\/\/obeabadosertao.com.br\/portal\/?p=18125"},"modified":"2023-10-01T13:32:21","modified_gmt":"2023-10-01T16:32:21","slug":"datena-pede-demissao-e-anuncia-que-passara-por-duas-cirurgias","status":"publish","type":"post","link":"https:\/\/obeabadosertao.com.br\/portal\/2023\/09\/30\/datena-pede-demissao-e-anuncia-que-passara-por-duas-cirurgias\/","title":{"rendered":"Datena pede demiss\u00e3o e anuncia que passar\u00e1 por duas cirurgias"},"content":{"rendered":"<div id=\"tt-temp-estim\">Tempo de leitura: 1 minuto<\/div><p>Jos\u00e9 Luiz Datena pegou os f\u00e3s de surpresa, neste s\u00e1bado (30Setembro2023), ao revelar que pediu demiss\u00e3o de seu cargo na R\u00e1dio Bandeirantes e o afastamento do Brasil Urgente, na Band, para se dedicar integralmente \u00e0 sa\u00fade.<\/p>\n<p><img fetchpriority=\"high\" decoding=\"async\" class=\"size-medium aligncenter\" src=\"https:\/\/obeabadosertao.com.br\/filerun\/wl\/?id=u5fWWHVZohoxEVYtmL3nosboQ6ABkKxW\" width=\"700\" height=\"500\" \/><\/p>\n<p>\u201c<em>Duas horas pela manh\u00e3 e mais quase quatro horas de Brasil Urgente. Muita coisa por dia. J\u00e1 n\u00e3o vinha fazendo todo dia<\/em>\u201d, disse, em entrevista ao 1.<\/p>\n<p>N\u00e3o \u00e9 a primeira vez que Datena se ausenta da televis\u00e3o para cuidar da sa\u00fade. Em 2022, ele precisou de tratamento dent\u00e1rio e quem assumiu o seu posto no programa foi um de seus filhos, Vicente Datena. Agora, o veterano confessou que far\u00e1 duas cirurgias no Hospital S\u00edrio Liban\u00eas.<\/p>\n<p>\u201c<em>Estou com uma dor de dente, ainda, terr\u00edvel faz tr\u00eas dias. Nem sabia o que era isso e olha que eu j\u00e1 tive infarto, j\u00e1 tive uma cirurgia enorme no p\u00e2ncreas em que fui aberto de ponta a ponta, entendeu? Mas essa dor de canal\u2026 E dor de ouvido ent\u00e3o, mas acho que a dor de dente \u00e9 pior<\/em>\u201d, confessou o jornalista.<\/p>\n<p><img decoding=\"async\" class=\"size-medium aligncenter\" src=\"https:\/\/obeabadosertao.com.br\/filerun\/wl\/?id=0fHKNQorbxhEKeQluaIuuC6DlI0YKNjk\" width=\"700\" height=\"500\" \/><\/p>\n<p>O apresentador negou que sua sa\u00edda da R\u00e1dio Bandeirantes tivesse qualquer liga\u00e7\u00e3o com o desagrado do ve\u00edculo com uma opini\u00e3o dada no ar.<\/p>\n<p>\u201c<em>Esta foi minha \u00faltima discord\u00e2ncia, inclusive da diretoria da r\u00e1dio. Mas foi dentro da maior lisura, at\u00e9 tranquilamente e fora do meu padr\u00e3o de resposta. Mas foi s\u00f3. Em resumo, foi isso mesmo: cansa\u00e7o e cuidar da sa\u00fade. Devo me afastar um tempo depois das cirurgias que farei no [hospital] S\u00edrio [Liban\u00eas<\/em>]\u201d, esclareceu.<\/p>\n<p>&nbsp;<\/p>\n<p>&nbsp;<\/p>\n<p><img decoding=\"async\" class=\"alignnone size-medium\" src=\"https:\/\/obeabadosertao.com.br\/filerun\/wl\/?id=AuK2vKCjwKXmtWBzGNNpD2GN359EppUo\" width=\"700\" height=\"500\" \/><\/p>\n","protected":false},"excerpt":{"rendered":"<p>Tempo de leitura: 1 minutoJos\u00e9 Luiz Datena pegou os f\u00e3s de surpresa, neste s\u00e1bado (30Setembro2023), ao revelar que pediu demiss\u00e3o [&hellip;]<\/p>\n","protected":false},"author":1,"featured_media":18127,"comment_status":"open","ping_status":"open","sticky":false,"template":"","format":"standard","meta":[],"categories":[38,4,6],"tags":[17299,1039,17298,10266,17301,17300],"amp_enabled":true,"_links":{"self":[{"href":"https:\/\/obeabadosertao.com.br\/portal\/wp-json\/wp\/v2\/posts\/18125"}],"collection":[{"href":"https:\/\/obeabadosertao.com.br\/portal\/wp-json\/wp\/v2\/posts"}],"about":[{"href":"https:\/\/obeabadosertao.com.br\/portal\/wp-json\/wp\/v2\/types\/post"}],"author":[{"embeddable":true,"href":"https:\/\/obeabadosertao.com.br\/portal\/wp-json\/wp\/v2\/users\/1"}],"replies":[{"embeddable":true,"href":"https:\/\/obeabadosertao.com.br\/portal\/wp-json\/wp\/v2\/comments?post=18125"}],"version-history":[{"count":2,"href":"https:\/\/obeabadosertao.com.br\/portal\/wp-json\/wp\/v2\/posts\/18125\/revisions"}],"predecessor-version":[{"id":18143,"href":"https:\/\/obeabadosertao.com.br\/portal\/wp-json\/wp\/v2\/posts\/18125\/revisions\/18143"}],"wp:featuredmedia":[{"embeddable":true,"href":"https:\/\/obeabadosertao.com.br\/portal\/wp-json\/wp\/v2\/media\/18127"}],"wp:attachment":[{"href":"https:\/\/obeabadosertao.com.br\/portal\/wp-json\/wp\/v2\/media?parent=18125"}],"wp:term":[{"taxonomy":"category","embeddable":true,"href":"https:\/\/obeabadosertao.com.br\/portal\/wp-json\/wp\/v2\/categories?post=18125"},{"taxonomy":"post_tag","embeddable":true,"href":"https:\/\/obeabadosertao.com.br\/portal\/wp-json\/wp\/v2\/tags?post=18125"}],"curies":[{"name":"wp","href":"https:\/\/api.w.org\/{rel}","templated":true}]}}