{"id":18415,"date":"2023-10-31T08:31:40","date_gmt":"2023-10-31T11:31:40","guid":{"rendered":"https:\/\/obeabadosertao.com.br\/portal\/?p=18415"},"modified":"2023-10-27T16:57:28","modified_gmt":"2023-10-27T19:57:28","slug":"advogado-nao-pode-participar-constantemente-de-programa-de-tv-ou-radio","status":"publish","type":"post","link":"https:\/\/obeabadosertao.com.br\/portal\/2023\/10\/31\/advogado-nao-pode-participar-constantemente-de-programa-de-tv-ou-radio\/","title":{"rendered":"Advogado n\u00e3o pode participar constantemente de programa de TV ou r\u00e1dio"},"content":{"rendered":"<div id=\"tt-temp-estim\">Tempo de leitura: 1 minuto<\/div><h3><span style=\"color: #000080;\"><em><strong>Para TED da OAB\/SP, a presen\u00e7a habitual de advogados em programas de r\u00e1dio, representa despropositada promo\u00e7\u00e3o pessoal aos demais advogados que n\u00e3o tiveram a mesma oportunidade.<\/strong><\/em><\/span><\/h3>\n<p>&nbsp;<\/p>\n<p>\u00c9 vedado ao advogado participar com habitualidade em programa de televis\u00e3o ou r\u00e1dio, pois representa despropositada promo\u00e7\u00e3o pessoal aos demais advogados que n\u00e3o tiveram a mesma oportunidade. Decis\u00e3o \u00e9 da 1\u00aa turma do TED da OAB\/SP.<\/p>\n<p><img fetchpriority=\"high\" decoding=\"async\" class=\"size-medium aligncenter\" src=\"https:\/\/obeabadosertao.com.br\/filerun\/wl\/?id=AppWO8PGTFRwr4XaKPdmj4kFySoegff3\" width=\"700\" height=\"500\" \/><\/p>\n<p>O colegiado ressaltou a possibilidade da participa\u00e7\u00e3o na forma eventual, com objetivos exclusivamente ilustrativos, educacionais e instrutivos, sem prop\u00f3sito de promo\u00e7\u00e3o pessoal ou profissional, vedados pronunciamentos sobre m\u00e9todos de trabalho usados por colega de profiss\u00e3o.<\/p>\n<p>&#8220;<em>A presen\u00e7a habitual de advogados (as) em programas de r\u00e1dio, representar\u00e1 aos demais advogados (as) que n\u00e3o tiveram a mesma oportunidade, despropositada promo\u00e7\u00e3o pessoal, desaguando na concorr\u00eancia desleal, capta\u00e7\u00e3o indevida de causas e clientes, maculando os preceitos \u00e9ticos e estatut\u00e1rios vigentes<\/em>&#8220;.<\/p>\n<p><img decoding=\"async\" class=\"size-medium aligncenter\" src=\"https:\/\/obeabadosertao.com.br\/filerun\/wl\/?id=oCwhsm9GQZAXAynZqewrgNMLApRwivGy\" width=\"700\" height=\"500\" \/><\/p>\n<p><strong>Veja a \u00edntegra da ementa:<\/strong><\/p>\n<p><strong>PROGRAMA DE R\u00c1DIO &#8211; HABITUAL &#8211; IMPOSSIBILIDADE &#8211; ANTIETICIEDADE &#8211; CONFIGURADA A CONCORR\u00caNCIA DESLEAL E CAPTA\u00c7\u00c3O INDEVIDA DE CLIENTELA.<\/strong><\/p>\n<p>\u00c9 vedado ao advogado (a) participar com habitualidade em programa de televis\u00e3o ou r\u00e1dio.<\/p>\n<p>Possibilidade na forma eventual com objetivos exclusivamente ilustrativos, educacionais e instrutivos, sem prop\u00f3sito de promo\u00e7\u00e3o pessoal ou profissional, vedados pronunciamentos sobre m\u00e9todos de trabalho usados por colega de profiss\u00e3o, conforme disp\u00f5e o artigo 43 do CED.<\/p>\n<p><img decoding=\"async\" class=\"size-medium aligncenter\" src=\"https:\/\/obeabadosertao.com.br\/filerun\/wl\/?id=Sk5Ak74ny7yVv0buSwxsKf7ZLkqAXwcO\" width=\"700\" height=\"500\" \/><\/p>\n<p>A presen\u00e7a habitual de advogados (as) em programas de r\u00e1dio, representar\u00e1 aos demais advogados (as) que n\u00e3o tiveram a mesma oportunidade, despropositada promo\u00e7\u00e3o pessoal, desaguando na concorr\u00eancia desleal, capta\u00e7\u00e3o indevida de causas e clientes, maculando os preceitos \u00e9ticos e estatut\u00e1rios vigentes.<\/p>\n<h5><span style=\"color: #0000ff;\"><strong>Precedentes: E-4.910\/2017, E-5.341\/2019 e E5.928\/2022.<\/strong><\/span><\/h5>\n<h5><span style=\"color: #0000ff;\"><strong>Processo: E-6.081\/2023<\/strong><\/span><\/h5>\n<p>&nbsp;<\/p>\n<p>&nbsp;<\/p>\n<p>&nbsp;<\/p>\n<p>&nbsp;<\/p>\n<p><img loading=\"lazy\" decoding=\"async\" class=\"size-medium aligncenter\" src=\"https:\/\/obeabadosertao.com.br\/filerun\/wl\/?id=AuK2vKCjwKXmtWBzGNNpD2GN359EppUo\" width=\"700\" height=\"500\" \/><\/p>\n","protected":false},"excerpt":{"rendered":"<p>Tempo de leitura: 1 minutoPara TED da OAB\/SP, a presen\u00e7a habitual de advogados em programas de r\u00e1dio, representa despropositada promo\u00e7\u00e3o [&hellip;]<\/p>\n","protected":false},"author":1,"featured_media":18417,"comment_status":"open","ping_status":"open","sticky":false,"template":"","format":"standard","meta":[],"categories":[4,25,6],"tags":[18137,18139,18138,18140,18136,2625,18141,18135,18142,3419],"amp_enabled":true,"_links":{"self":[{"href":"https:\/\/obeabadosertao.com.br\/portal\/wp-json\/wp\/v2\/posts\/18415"}],"collection":[{"href":"https:\/\/obeabadosertao.com.br\/portal\/wp-json\/wp\/v2\/posts"}],"about":[{"href":"https:\/\/obeabadosertao.com.br\/portal\/wp-json\/wp\/v2\/types\/post"}],"author":[{"embeddable":true,"href":"https:\/\/obeabadosertao.com.br\/portal\/wp-json\/wp\/v2\/users\/1"}],"replies":[{"embeddable":true,"href":"https:\/\/obeabadosertao.com.br\/portal\/wp-json\/wp\/v2\/comments?post=18415"}],"version-history":[{"count":2,"href":"https:\/\/obeabadosertao.com.br\/portal\/wp-json\/wp\/v2\/posts\/18415\/revisions"}],"predecessor-version":[{"id":18418,"href":"https:\/\/obeabadosertao.com.br\/portal\/wp-json\/wp\/v2\/posts\/18415\/revisions\/18418"}],"wp:featuredmedia":[{"embeddable":true,"href":"https:\/\/obeabadosertao.com.br\/portal\/wp-json\/wp\/v2\/media\/18417"}],"wp:attachment":[{"href":"https:\/\/obeabadosertao.com.br\/portal\/wp-json\/wp\/v2\/media?parent=18415"}],"wp:term":[{"taxonomy":"category","embeddable":true,"href":"https:\/\/obeabadosertao.com.br\/portal\/wp-json\/wp\/v2\/categories?post=18415"},{"taxonomy":"post_tag","embeddable":true,"href":"https:\/\/obeabadosertao.com.br\/portal\/wp-json\/wp\/v2\/tags?post=18415"}],"curies":[{"name":"wp","href":"https:\/\/api.w.org\/{rel}","templated":true}]}}