{"id":18458,"date":"2023-11-03T15:18:13","date_gmt":"2023-11-03T18:18:13","guid":{"rendered":"https:\/\/obeabadosertao.com.br\/portal\/?p=18458"},"modified":"2023-11-03T13:04:05","modified_gmt":"2023-11-03T16:04:05","slug":"nasce-na-espanha-o-primeiro-bebe-europeu-concebido-por-duas-maes","status":"publish","type":"post","link":"https:\/\/obeabadosertao.com.br\/portal\/2023\/11\/03\/nasce-na-espanha-o-primeiro-bebe-europeu-concebido-por-duas-maes\/","title":{"rendered":"Nasce na Espanha o primeiro beb\u00ea europeu concebido por duas m\u00e3es"},"content":{"rendered":"<div id=\"tt-temp-estim\">Tempo de leitura: 1 minuto<\/div><h3><span style=\"color: #000080;\"><strong><em>Gesta\u00e7\u00e3o se deu por meio de m\u00e9todo INVOcell, no qual o embri\u00e3o se desenvolve no \u00fatero de ambas genitoras.<\/em><\/strong><\/span><\/h3>\n<p>&nbsp;<\/p>\n<p>O primeiro beb\u00ea da Europa concebido por um casal formado por duas mulheres nasceu na \u00faltima segunda-feira em um hospital situado em Maiorca, na Espanha.<\/p>\n<p>O menino, chamado Derek, veio ao mundo na maternidade do Hospital Juaneda Miramar. A crian\u00e7a tem sa\u00fade perfeita e 3,3 kg.<\/p>\n<p><img fetchpriority=\"high\" decoding=\"async\" class=\"size-medium aligncenter\" src=\"https:\/\/obeabadosertao.com.br\/filerun\/wl\/?id=lLwgxmXBkgwG24Cf1h0GNoLWvwjcaeUE\" width=\"700\" height=\"500\" \/><\/p>\n<p>Derek \u00e9 filho de Azahara, de 27 anos, e Estefan\u00eda, de 30. As duas recorreram ao novo sistema INVOcell. Trata-se de um aparelho que funciona como uma pequena incubadora, mas ao contr\u00e1rio dos de laborat\u00f3rio, \u00e9 colocado sob o colo do \u00fatero de uma das duas mulheres, o que permite que ocorra o desenvolvimento do embri\u00e3o durante os primeiros dias dentro do corpo, em vez de ser in vitro.<\/p>\n<p><img decoding=\"async\" class=\"size-medium aligncenter\" src=\"https:\/\/obeabadosertao.com.br\/filerun\/wl\/?id=LayYf2pyVXnhAP6vuL1hcGhefP26GApC\" width=\"700\" height=\"500\" \/><\/p>\n<p>Azahara foi quem ingeriu a c\u00e1psula de INVOcell, segundo a rede de televis\u00e3o espanhola IB3. Esta etapa do processo permitiu o in\u00edcio do desenvolvimento do embri\u00e3o.<\/p>\n<p>Uma vez desenvolvido, a INVOcell foi extra\u00edda com o embri\u00e3o em seu interior e transferida para o \u00fatero Estefan\u00eda, que o carregou por quase nove meses.<\/p>\n<p><img decoding=\"async\" class=\"size-medium aligncenter\" src=\"https:\/\/obeabadosertao.com.br\/filerun\/wl\/?id=e9ktZ23UZlIP7lFfl6qHmtOLbViia2a9\" width=\"700\" height=\"500\" \/><\/p>\n<p>&#8220;<em>Quando me ofereceram para t\u00ea-lo no colo do \u00fatero por cinco dias, foi como se eu tamb\u00e9m o tivesse dentro de mim<\/em>&#8220;, disse Azahara, \u00e0 IB3. O processo de gesta\u00e7\u00e3o come\u00e7ou em mar\u00e7o deste ano.<\/p>\n<p><img loading=\"lazy\" decoding=\"async\" class=\"alignnone size-medium\" src=\"https:\/\/obeabadosertao.com.br\/filerun\/wl\/?id=0RGGCDZ1RrBPMSaYPhIyuQY7Qxg4hJfD\" width=\"700\" height=\"500\" \/><\/p>\n<p>&#8220;<em>Esse procedimento proporciona grande valor emocional pelo fato de ambas as mulheres terem compartilhado a gesta\u00e7\u00e3o do embri\u00e3o<\/em>&#8220;, afirmou o Hospital Juaneda Miramar, por meio de nota publicada em seu site.<\/p>\n<p>&nbsp;<\/p>\n<p>&nbsp;<\/p>\n<p>&nbsp;<\/p>\n<p><img loading=\"lazy\" decoding=\"async\" class=\"size-medium aligncenter\" src=\"https:\/\/obeabadosertao.com.br\/filerun\/wl\/?id=AuK2vKCjwKXmtWBzGNNpD2GN359EppUo\" width=\"700\" height=\"500\" \/><\/p>\n","protected":false},"excerpt":{"rendered":"<p>Tempo de leitura: 1 minutoGesta\u00e7\u00e3o se deu por meio de m\u00e9todo INVOcell, no qual o embri\u00e3o se desenvolve no \u00fatero [&hellip;]<\/p>\n","protected":false},"author":1,"featured_media":18460,"comment_status":"open","ping_status":"open","sticky":false,"template":"","format":"standard","meta":[],"categories":[4,29,6],"tags":[18276,18272,18275,18280,3941,18277,18278,18273,18274,18279],"amp_enabled":true,"_links":{"self":[{"href":"https:\/\/obeabadosertao.com.br\/portal\/wp-json\/wp\/v2\/posts\/18458"}],"collection":[{"href":"https:\/\/obeabadosertao.com.br\/portal\/wp-json\/wp\/v2\/posts"}],"about":[{"href":"https:\/\/obeabadosertao.com.br\/portal\/wp-json\/wp\/v2\/types\/post"}],"author":[{"embeddable":true,"href":"https:\/\/obeabadosertao.com.br\/portal\/wp-json\/wp\/v2\/users\/1"}],"replies":[{"embeddable":true,"href":"https:\/\/obeabadosertao.com.br\/portal\/wp-json\/wp\/v2\/comments?post=18458"}],"version-history":[{"count":1,"href":"https:\/\/obeabadosertao.com.br\/portal\/wp-json\/wp\/v2\/posts\/18458\/revisions"}],"predecessor-version":[{"id":18459,"href":"https:\/\/obeabadosertao.com.br\/portal\/wp-json\/wp\/v2\/posts\/18458\/revisions\/18459"}],"wp:featuredmedia":[{"embeddable":true,"href":"https:\/\/obeabadosertao.com.br\/portal\/wp-json\/wp\/v2\/media\/18460"}],"wp:attachment":[{"href":"https:\/\/obeabadosertao.com.br\/portal\/wp-json\/wp\/v2\/media?parent=18458"}],"wp:term":[{"taxonomy":"category","embeddable":true,"href":"https:\/\/obeabadosertao.com.br\/portal\/wp-json\/wp\/v2\/categories?post=18458"},{"taxonomy":"post_tag","embeddable":true,"href":"https:\/\/obeabadosertao.com.br\/portal\/wp-json\/wp\/v2\/tags?post=18458"}],"curies":[{"name":"wp","href":"https:\/\/api.w.org\/{rel}","templated":true}]}}