{"id":18490,"date":"2023-11-10T08:29:40","date_gmt":"2023-11-10T11:29:40","guid":{"rendered":"https:\/\/obeabadosertao.com.br\/portal\/?p=18490"},"modified":"2023-11-07T15:36:09","modified_gmt":"2023-11-07T18:36:09","slug":"governo-estuda-ampliar-minha-casa-minha-vida-para-familias-com-renda-de-ate-r-12-mil","status":"publish","type":"post","link":"https:\/\/obeabadosertao.com.br\/portal\/2023\/11\/10\/governo-estuda-ampliar-minha-casa-minha-vida-para-familias-com-renda-de-ate-r-12-mil\/","title":{"rendered":"Governo estuda ampliar Minha Casa, Minha Vida para fam\u00edlias com renda de at\u00e9 R$ 12 mil"},"content":{"rendered":"<div id=\"tt-temp-estim\">Tempo de leitura: 1 minuto<\/div><h3><span style=\"color: #000080;\"><strong><em>Ministro das Cidades prev\u00ea superar meta de 2 milh\u00f5es de unidades habitacionais at\u00e9 o fim do mandato de Lula, em 2026.<\/em><\/strong><\/span><\/h3>\n<p>&nbsp;<\/p>\n<p>O governo estuda incluir fam\u00edlias com renda mensal de at\u00e9 R$ 12 mil no Minha Casa, Minha Vida. De acordo com o ministro das Cidades, Jader Fontenelle Barbalho Filho, a demanda partiu do presidente Lula da Silva e visa incluir a classe m\u00e9dia no programa habitacional.<\/p>\n<p><img fetchpriority=\"high\" decoding=\"async\" class=\"size-medium aligncenter\" src=\"https:\/\/obeabadosertao.com.br\/filerun\/wl\/?id=8Ok0UTXU6zDLYeB7c3CqhNeU3qpM2rH0\" width=\"700\" height=\"500\" \/><\/p>\n<p>A declara\u00e7\u00e3o do ministro foi feita na transmiss\u00e3o do\u00a0<em>Conversa com o Presidente<\/em>, nas redes sociais, nesta ter\u00e7a-feira (07Novembro2023).<\/p>\n<p>\u201c<em>Estamos neste momento em discuss\u00e3o dentro do Minist\u00e9rio das Cidades, da Secretaria Nacional de Habita\u00e7\u00e3o, estamos conversando com a Caixa e estamos discutindo com eles para a gente poder fazer uma faixa estendida at\u00e9 R$ 12 mil<\/em>\u201d, disse o chefe da pasta das Cidades.<\/p>\n<p><img decoding=\"async\" class=\"size-medium aligncenter\" src=\"https:\/\/obeabadosertao.com.br\/filerun\/wl\/?id=HZHCqI0kUhX6VNTCRe5ezn4NlrJyW6qx\" width=\"700\" height=\"500\" \/><\/p>\n<p>\u201c<em>Precisamos atender um maior n\u00famero de fam\u00edlias. Quanto mais fam\u00edlias n\u00f3s pudermos trazer e elas realizarem o sonho da casa pr\u00f3pria, \u00e9 importante que isso seja atendido<\/em>\u201d, completou o ministro.<\/p>\n<p>Segundo o Ministro Jader Filho, governo federal defende a amplia\u00e7\u00e3o das faixas de renda do programa e deve financiar im\u00f3veis para a popula\u00e7\u00e3o que quiser adquirir casas maiores. \u201c<em>Queremos, inclusive, Faixa 4 [no Minha Casa, Minha Vida]. Queremos que pessoas que querem uma casa de tr\u00eas quartos, de quatro quartos, possam ter uma casa financiada pelo governo<\/em>\u201d.<\/p>\n<p><img decoding=\"async\" class=\"size-medium aligncenter\" src=\"https:\/\/obeabadosertao.com.br\/filerun\/wl\/?id=GhMjheUlQLi6CUBXWwZBbr3tVrvnuFSN\" width=\"700\" height=\"500\" \/><\/p>\n<p>O ministro das Cidades tamb\u00e9m afirmou que o governo prev\u00ea superar a meta de 2 milh\u00f5es de unidades habitacionais at\u00e9 o fim do mandato de Lula, em 2026. \u201c<em>Vamos ultrapassar a meta de 2 milh\u00f5es de unidades habitacionais nestes pr\u00f3ximos quatro anos<\/em>\u201d, pontuou.<\/p>\n<p><img loading=\"lazy\" decoding=\"async\" class=\"size-medium aligncenter\" src=\"https:\/\/obeabadosertao.com.br\/filerun\/wl\/?id=sNGIG1biqsm33hWDykNPsf98tQmFSczO\" width=\"700\" height=\"500\" \/><\/p>\n<p>O<strong> Ministro Jader Fontenelle Barbalho Filho (<span style=\"color: #ff0000;\">Foto acima<\/span>)<\/strong> declarou, ainda, que os mutu\u00e1rios do Minha Casa, Minha Vida que tamb\u00e9m s\u00e3o benefici\u00e1rios do Benef\u00edcio de Presta\u00e7\u00e3o Continuada (BPC) e do Bolsa Fam\u00edlia ter\u00e3o os contratos de financiamento quitados.<\/p>\n<p>&nbsp;<\/p>\n<p>&nbsp;<\/p>\n<p>&nbsp;<\/p>\n<p><img loading=\"lazy\" decoding=\"async\" class=\"size-medium aligncenter\" src=\"https:\/\/obeabadosertao.com.br\/filerun\/wl\/?id=AuK2vKCjwKXmtWBzGNNpD2GN359EppUo\" width=\"700\" height=\"500\" \/><\/p>\n<p>&nbsp;<\/p>\n","protected":false},"excerpt":{"rendered":"<p>Tempo de leitura: 1 minutoMinistro das Cidades prev\u00ea superar meta de 2 milh\u00f5es de unidades habitacionais at\u00e9 o fim do [&hellip;]<\/p>\n","protected":false},"author":1,"featured_media":18492,"comment_status":"open","ping_status":"open","sticky":false,"template":"","format":"standard","meta":[],"categories":[48,4,6],"tags":[6043,183,6044,2557,18375,7999,18374,10221,7998,10222,18371,7997,18376,18372,18373],"amp_enabled":true,"_links":{"self":[{"href":"https:\/\/obeabadosertao.com.br\/portal\/wp-json\/wp\/v2\/posts\/18490"}],"collection":[{"href":"https:\/\/obeabadosertao.com.br\/portal\/wp-json\/wp\/v2\/posts"}],"about":[{"href":"https:\/\/obeabadosertao.com.br\/portal\/wp-json\/wp\/v2\/types\/post"}],"author":[{"embeddable":true,"href":"https:\/\/obeabadosertao.com.br\/portal\/wp-json\/wp\/v2\/users\/1"}],"replies":[{"embeddable":true,"href":"https:\/\/obeabadosertao.com.br\/portal\/wp-json\/wp\/v2\/comments?post=18490"}],"version-history":[{"count":1,"href":"https:\/\/obeabadosertao.com.br\/portal\/wp-json\/wp\/v2\/posts\/18490\/revisions"}],"predecessor-version":[{"id":18491,"href":"https:\/\/obeabadosertao.com.br\/portal\/wp-json\/wp\/v2\/posts\/18490\/revisions\/18491"}],"wp:featuredmedia":[{"embeddable":true,"href":"https:\/\/obeabadosertao.com.br\/portal\/wp-json\/wp\/v2\/media\/18492"}],"wp:attachment":[{"href":"https:\/\/obeabadosertao.com.br\/portal\/wp-json\/wp\/v2\/media?parent=18490"}],"wp:term":[{"taxonomy":"category","embeddable":true,"href":"https:\/\/obeabadosertao.com.br\/portal\/wp-json\/wp\/v2\/categories?post=18490"},{"taxonomy":"post_tag","embeddable":true,"href":"https:\/\/obeabadosertao.com.br\/portal\/wp-json\/wp\/v2\/tags?post=18490"}],"curies":[{"name":"wp","href":"https:\/\/api.w.org\/{rel}","templated":true}]}}