{"id":18718,"date":"2023-12-02T08:26:15","date_gmt":"2023-12-02T11:26:15","guid":{"rendered":"https:\/\/obeabadosertao.com.br\/portal\/?p=18718"},"modified":"2023-12-01T18:11:14","modified_gmt":"2023-12-01T21:11:14","slug":"obra-da-ponte-das-tres-ruas-devera-ser-entregue-em-fevereiro","status":"publish","type":"post","link":"https:\/\/obeabadosertao.com.br\/portal\/2023\/12\/02\/obra-da-ponte-das-tres-ruas-devera-ser-entregue-em-fevereiro\/","title":{"rendered":"Obra da &#8216;Ponte das Tr\u00eas Ruas&#8217; dever\u00e1 ser entregue em fevereiro"},"content":{"rendered":"<div id=\"tt-temp-estim\">Tempo de leitura: 2 minutos<\/div><h3><span style=\"color: #000080;\"><em><strong>A obra or\u00e7ada em R$ 15,8 milh\u00f5es, quando conclu\u00edda ter\u00e1 80 metros de comprimento, 15 de altura, 25 de largura, mais duas rotat\u00f3rias em cada extremidade da ponte.<\/strong><\/em><\/span><\/h3>\n<p>&nbsp;<\/p>\n<p>A obra da Ponte das Tr\u00eas Ruas, que ligar\u00e1 o bairro dos Banc\u00e1rios ao anel externo da Universidade Federal da Para\u00edba (UFPB), dever\u00e1 ser entregue ainda no primeiro trimestre de 2024. A obra de mais de R$ 15 milh\u00f5es est\u00e1 atualmente na fase de concretagem.<\/p>\n<p><img fetchpriority=\"high\" decoding=\"async\" class=\"size-medium aligncenter\" src=\"https:\/\/obeabadosertao.com.br\/filerun\/wl\/?id=oJIWHn7asLyCfVP8E5gqa0pDrPLXBfOD\" width=\"700\" height=\"500\" \/><\/p>\n<p>A informa\u00e7\u00e3o foi divulgada pelo governador Jo\u00e3o Azev\u00eado (PSB) em\u00a0<span style=\"color: #000080;\"><strong><a style=\"color: #000080;\" href=\"https:\/\/www.instagram.com\/reel\/C0PyiMKrF6o\/\" target=\"true\" rel=\"noopener\">v\u00eddeo<\/a><\/strong>\u00a0<span style=\"color: #000000;\">publicado recentemente nas redes sociais. &#8220;<em>Uma obra que j\u00e1 est\u00e1 na sua reta final sendo concretada toda a laje. Essa obra n\u00f3s optamos for faz\u00ea-la toda em concreto com os pilares nascendo dentro do talvegue<\/em>&#8220;, detalhou o gestor.<\/span><\/span><\/p>\n<p><img decoding=\"async\" class=\"size-medium aligncenter\" src=\"https:\/\/obeabadosertao.com.br\/filerun\/wl\/?id=XJM09qbwC6KWm3O4KzRc7uNXf4kLOEUL\" width=\"700\" height=\"500\" \/><\/p>\n<p>A ponte em constru\u00e7\u00e3o pela equipe de trabalhadores da construtora Plinio Cavalcanti &amp; Companhia Ltda est\u00e1 sob a responsabilidade do Departamento de Estradas de Rodagem da Para\u00edba (DER-PB).<\/p>\n<p>De acordo com o Departamento de Estradas de Rodagem da Para\u00edba (DER-PB), a concretagem est\u00e1 prevista para ser finalizada na pr\u00f3xima semana. A informa\u00e7\u00e3o foi detalhada pelo diretor de opera\u00e7\u00e3o do DER-PB, Armando Marinho.<\/p>\n<p><img decoding=\"async\" class=\"size-medium aligncenter\" src=\"https:\/\/obeabadosertao.com.br\/filerun\/wl\/?id=Xi5M5bmNmTwoWLVn1pTSVn4GNr4CRMhJ\" width=\"700\" height=\"500\" \/><\/p>\n<p>A obra est\u00e1 prevista para ser entregue no m\u00eas de fevereiro, caso n\u00e3o ocorram imprevistos. Atualmente est\u00e1 em execu\u00e7\u00e3o dos aterros de encontro da ponte. Logo depois, ocorrer\u00e1 a execu\u00e7\u00e3o das rotat\u00f3rias lados, Banc\u00e1rios e UFPB.<\/p>\n<p>A obra, uma das mais esperadas por quem mora na zona Sul da capital e vai interligar duas vias importantesm al\u00e9m do paisagismo do &#8216;Parque das Tr\u00eas Ruas&#8217;.<\/p>\n<p><img loading=\"lazy\" decoding=\"async\" class=\"size-medium aligncenter\" src=\"https:\/\/obeabadosertao.com.br\/filerun\/wl\/?id=nkQMjGwsb3is1jYc2PLRPMezehEnFsfl\" width=\"700\" height=\"500\" \/><\/p>\n<p>A conclus\u00e3o da obra de mobilidade urbana vai desafogar o tr\u00e2nsito para quem se desloca para a zona sul ou quem vem de l\u00e1 para o centro da cidade, movimento que atualmente registra engarrafamentos di\u00e1rios, especialmente nos hor\u00e1rios da manh\u00e3 e do final do dia.<\/p>\n<p><img loading=\"lazy\" decoding=\"async\" class=\"size-medium aligncenter\" src=\"https:\/\/obeabadosertao.com.br\/filerun\/wl\/?id=4nDnfaWbWrslEHn8D3AcRgqgCSlXWi91\" width=\"700\" height=\"500\" \/><\/p>\n<p>Quando conclu\u00edda, a ponte ter\u00e1 80 metros de comprimento, 15 de altura, 25 de largura, mais duas rotat\u00f3rias em cada extremidade da ponte para facilitar o tr\u00e1fego.<\/p>\n<p>O trecho total ter\u00e1 160 metros de comprimento, com pista dupla para o tr\u00e1fego no sentido Banc\u00e1rios-UFPB e mais duas no sentido contr\u00e1rio, com canteiro central, cal\u00e7adas para pedestres com dois metros de largura, al\u00e9m de uma ciclofaixas de cada lado.<\/p>\n<p><img loading=\"lazy\" decoding=\"async\" class=\"size-medium aligncenter\" src=\"https:\/\/obeabadosertao.com.br\/filerun\/wl\/?id=l9XSFJsU75EvYB0AszrYV53SUKNElWBe\" width=\"700\" height=\"500\" \/><\/p>\n<h2><span style=\"color: #000080;\"><strong>Estrutura da ponte<\/strong><\/span><\/h2>\n<p>A obra \u00e9 or\u00e7ada em R$ 15,8 milh\u00f5es e ser\u00e1 respons\u00e1vel por ligar o futuro &#8216;<em>Parque das Tr\u00eas Ruas&#8217;<\/em>, nos Banc\u00e1rios ao anel externo do campus I da Universidade Federal da Para\u00edba (UFPB). Ela teve in\u00edcio em novembro de 2022.<\/p>\n<p><img loading=\"lazy\" decoding=\"async\" class=\"size-medium aligncenter\" src=\"https:\/\/obeabadosertao.com.br\/filerun\/wl\/?id=Cwfj7VKRgXFWokmL16imK7RFBT9nFqm4\" width=\"700\" height=\"500\" \/><\/p>\n<p>Em novembro do ano passado, foram constru\u00eddas 30 vigas para a ponte, que dever\u00e1 ter mais de 100 metros de cumprimento e quatro faixas (duas de cada lado), al\u00e9m de espa\u00e7os para pedestres e ciclistas.<\/p>\n<p><img loading=\"lazy\" decoding=\"async\" class=\"size-medium aligncenter\" src=\"https:\/\/obeabadosertao.com.br\/filerun\/wl\/?id=c36csO7yk8aoniEBOlt6uf4FBqTi2l8U\" width=\"700\" height=\"500\" \/><\/p>\n<p>Segundo o engenheiro respons\u00e1vel pela obra, Francisco Rom\u00e1rio, cada viga pesa em m\u00e9dia 45 toneladas.<\/p>\n<p>&nbsp;<\/p>\n<p>&nbsp;<\/p>\n<p>&nbsp;<\/p>\n<p>&nbsp;<\/p>\n<p><img loading=\"lazy\" decoding=\"async\" class=\"size-medium aligncenter\" src=\"https:\/\/obeabadosertao.com.br\/filerun\/wl\/?id=AuK2vKCjwKXmtWBzGNNpD2GN359EppUo\" width=\"700\" height=\"500\" \/><\/p>\n","protected":false},"excerpt":{"rendered":"<p>Tempo de leitura: 2 minutosA obra or\u00e7ada em R$ 15,8 milh\u00f5es, quando conclu\u00edda ter\u00e1 80 metros de comprimento, 15 de [&hellip;]<\/p>\n","protected":false},"author":1,"featured_media":18720,"comment_status":"open","ping_status":"open","sticky":false,"template":"","format":"standard","meta":[],"categories":[21,4,6],"tags":[19071,19069,19072,6245,456,19074,19073,19070,242,831],"amp_enabled":true,"_links":{"self":[{"href":"https:\/\/obeabadosertao.com.br\/portal\/wp-json\/wp\/v2\/posts\/18718"}],"collection":[{"href":"https:\/\/obeabadosertao.com.br\/portal\/wp-json\/wp\/v2\/posts"}],"about":[{"href":"https:\/\/obeabadosertao.com.br\/portal\/wp-json\/wp\/v2\/types\/post"}],"author":[{"embeddable":true,"href":"https:\/\/obeabadosertao.com.br\/portal\/wp-json\/wp\/v2\/users\/1"}],"replies":[{"embeddable":true,"href":"https:\/\/obeabadosertao.com.br\/portal\/wp-json\/wp\/v2\/comments?post=18718"}],"version-history":[{"count":3,"href":"https:\/\/obeabadosertao.com.br\/portal\/wp-json\/wp\/v2\/posts\/18718\/revisions"}],"predecessor-version":[{"id":18722,"href":"https:\/\/obeabadosertao.com.br\/portal\/wp-json\/wp\/v2\/posts\/18718\/revisions\/18722"}],"wp:featuredmedia":[{"embeddable":true,"href":"https:\/\/obeabadosertao.com.br\/portal\/wp-json\/wp\/v2\/media\/18720"}],"wp:attachment":[{"href":"https:\/\/obeabadosertao.com.br\/portal\/wp-json\/wp\/v2\/media?parent=18718"}],"wp:term":[{"taxonomy":"category","embeddable":true,"href":"https:\/\/obeabadosertao.com.br\/portal\/wp-json\/wp\/v2\/categories?post=18718"},{"taxonomy":"post_tag","embeddable":true,"href":"https:\/\/obeabadosertao.com.br\/portal\/wp-json\/wp\/v2\/tags?post=18718"}],"curies":[{"name":"wp","href":"https:\/\/api.w.org\/{rel}","templated":true}]}}