{"id":18746,"date":"2023-12-07T08:27:13","date_gmt":"2023-12-07T11:27:13","guid":{"rendered":"https:\/\/obeabadosertao.com.br\/portal\/?p=18746"},"modified":"2023-12-06T13:57:14","modified_gmt":"2023-12-06T16:57:14","slug":"ibge-aponta-25-milhoes-de-mulheres-nao-trabalharam-para-cuidar-da-casa-e-da-familia","status":"publish","type":"post","link":"https:\/\/obeabadosertao.com.br\/portal\/2023\/12\/07\/ibge-aponta-25-milhoes-de-mulheres-nao-trabalharam-para-cuidar-da-casa-e-da-familia\/","title":{"rendered":"IBGE aponta: 2,5 milh\u00f5es de mulheres n\u00e3o trabalharam para cuidar da casa e da fam\u00edlia"},"content":{"rendered":"<div id=\"tt-temp-estim\">Tempo de leitura: 5 minutos<\/div><h3><span style=\"color: #000080;\"><strong><em>Mulheres s\u00e3o dois em cada tr\u00eas dos 10,8 milh\u00f5es de jovens brasileiros que n\u00e3o estudavam e nem estavam ocupados em 2022.<\/em><\/strong><\/span><\/h3>\n<p>&nbsp;<\/p>\n<p>Quase\u00a07 milh\u00f5es de mulheres\u00a0entre 15 e 29 anos n\u00e3o estudavam e nem estavam ocupadas em 2022. Elas representam nada menos que 63,4% dos\u00a0mais de 10,8 milh\u00f5es de brasileiros da mesma faixa et\u00e1ria que estavam nesta situa\u00e7\u00e3o no ano passado.<\/p>\n<p>Os dados s\u00e3o da S\u00edntese de Indicadores Sociais 2023, estudo do Instituto Brasileiro de Geografia e Estat\u00edstica (IBGE) divulgado nesta quarta-feira (06Dezembro2023).<\/p>\n<p><img fetchpriority=\"high\" decoding=\"async\" class=\"size-medium aligncenter\" src=\"https:\/\/obeabadosertao.com.br\/filerun\/wl\/?id=aTYzxZHaWujChX7xQWRFRWl4sja3A3Nd\" width=\"700\" height=\"500\" \/><\/p>\n<p>A pesquisa faz uma an\u00e1lise das condi\u00e7\u00f5es de vida da popula\u00e7\u00e3o brasileira em 2023, incluindo mercado de trabalho, indicadores de rendimentos, condi\u00e7\u00f5es de moradia e educa\u00e7\u00e3o. Um dos cortes tra\u00e7a o perfil da popula\u00e7\u00e3o conhecida popularmente como \u201cnem-nem\u201d (nem estuda, nem trabalha).<\/p>\n<p>O instituto, por\u00e9m, prefere a sigla \u201c<em>Neno<\/em>\u201d para definir os jovens que \u201c<em>n\u00e3o estudam e nem est\u00e3o ocupados<\/em>\u201d. E, apesar de uma queda de 14,3% em rela\u00e7\u00e3o ao ano anterior, consequ\u00eancia de um reaquecimento do mercado de trabalho, o padr\u00e3o demogr\u00e1fico dos Neno continua sem altera\u00e7\u00e3o.\u00a0A ampla maioria \u00e9 feminina, com 4,7 milh\u00f5es de mulheres pretas ou pardas e 2,1 milh\u00f5es de brancas.<\/p>\n<p><img decoding=\"async\" class=\"size-medium aligncenter\" src=\"https:\/\/obeabadosertao.com.br\/filerun\/wl\/?id=2MZ0kb0XsUGm5kRy1rusnWlBkG8VBX8W\" width=\"700\" height=\"500\" \/><\/p>\n<p>E o principal motivo que as tirou do mercado de trabalho foi o cuidado. Mais de\u00a02 milh\u00f5es\u00a0disseram que n\u00e3o buscaram trabalho\u00a0porque precisavam cuidar dos afazeres dom\u00e9sticos ou tomar conta de parentes.<\/p>\n<p>Outras\u00a0553 mil mulheres\u00a0que procuravam emprego tamb\u00e9m mencionaram esses fatores como impeditivos.\u00a0Ao todo, portanto, mais de 2,5 milh\u00f5es de mulheres n\u00e3o trabalharam em 2022 para cuidar de parentes ou de tarefas dom\u00e9sticas.<\/p>\n<p><img decoding=\"async\" class=\"size-medium aligncenter\" src=\"https:\/\/obeabadosertao.com.br\/filerun\/wl\/?id=n4cdipAXW48Nbh9Ug6vXVaoq5NgZBrLd\" width=\"700\" height=\"500\" \/><\/p>\n<p>A t\u00edtulo de compara\u00e7\u00e3o, o contingente de homens que sa\u00edram do mercado pelo mesmo motivo e n\u00e3o procuravam emprego foi de 80 mil &#8211; n\u00famero que n\u00e3o representa nem 4% do total de mulheres na mesma situa\u00e7\u00e3o. O principal motivo alegado por eles foram os problemas de sa\u00fade, com 420 mil.<\/p>\n<p>Entre aqueles\u00a0que queriam trabalhar, apenas 17 mil mencionaram quest\u00f5es dom\u00e9sticas. A alega\u00e7\u00e3o mais recorrente, para 356 mil homens, \u00e9 a de que n\u00e3o havia trabalho na localidade. Entre as mulheres, 484 mil mulheres disseram o mesmo.<\/p>\n<p><img loading=\"lazy\" decoding=\"async\" class=\"size-medium aligncenter\" src=\"https:\/\/obeabadosertao.com.br\/filerun\/wl\/?id=TeaxaPSKVNTCxirCMwMAW9ifaSFt2QSd\" width=\"700\" height=\"500\" \/><\/p>\n<p>Vale mencionar que essa diferencia\u00e7\u00e3o acontece porque os jovens Neno podem estar fora da for\u00e7a de trabalho ou desocupados. J\u00e1 quem procura emprego \u00e9 considerado desocupado pelo IBGE.\u00a0Em 2022, 65,9% estavam fora da for\u00e7a de trabalho e 34,1% desocupados.<\/p>\n<p>Por diferentes motivos &#8211; como estudo, falta de trabalho dispon\u00edvel ou cuidado &#8211; 4,7 milh\u00f5es de jovens n\u00e3o procuraram trabalho e nem gostariam de trabalhar, segundo o instituto.<\/p>\n<p><img loading=\"lazy\" decoding=\"async\" class=\"size-medium aligncenter\" src=\"https:\/\/obeabadosertao.com.br\/filerun\/wl\/?id=ZRr2mJCsiRhIgMALYW4LTS198MKrMg88\" width=\"700\" height=\"500\" \/><\/p>\n<h2><span style=\"color: #000080;\"><strong>Veja os n\u00fameros de g\u00eanero e ra\u00e7a:<\/strong><\/span><\/h2>\n<ul>\n<li>Entre os jovens de 15 a 29 anos do pa\u00eds,\u00a010,8 milh\u00f5es n\u00e3o estudavam nem estavam ocupados\u00a0em 2022;<\/li>\n<li>Um em cada cinco jovens brasileiros\u00a0desta faixa et\u00e1ria (22,3%) faziam parte do grupo dos Neno;<\/li>\n<li>Do total,\u00a06,9 milh\u00f5es s\u00e3o mulheres e 3,9 milh\u00f5es s\u00e3o homens;<\/li>\n<li>Tamb\u00e9m do total,\u00a07,4 milh\u00f5es s\u00e3o pretos ou pardos (67,6%)\u00a0e 3,4 milh\u00f5es s\u00e3o brancos (31,5%);<\/li>\n<li>No corte de ra\u00e7a, o maior grupo s\u00e3o as\u00a0mulheres pretas ou pardas, com 4,7 milh\u00f5es (43,3%);<\/li>\n<li>J\u00e1\u00a0o menor grupo s\u00e3o os homens brancos, com 1,2 milh\u00e3o (11,4%);<\/li>\n<li>Mulheres brancas s\u00e3o 2,1 milh\u00f5es (20,1%) e homens pretos ou pardos, 2,6 milh\u00f5es (24,3%);<\/li>\n<\/ul>\n<h2><span style=\"color: #000080;\"><strong>Negros e mulheres t\u00eam rendimentos piores<\/strong><\/span><\/h2>\n<p>A pesquisa do IBGE evidencia tamb\u00e9m dados cl\u00e1ssicos da desigualdade no mercado de trabalho.<\/p>\n<div id=\"chunk-chc7c\">\n<div class=\"mc-column content-text active-extra-styles \" data-block-type=\"unstyled\" data-block-weight=\"49\" data-block-id=\"21\">\n<p class=\" content-text__container \" data-track-category=\"Link no Texto\" data-track-links=\"\">No quesito renda, por exemplo, os profissionais brancos continuam a ganhar 61,4% a mais por hora trabalhada que pretos e pardos. A m\u00e9trica vale para todos os n\u00edveis de instru\u00e7\u00e3o, mas a m\u00e9dia geral \u00e9 de R$ 20 por hora para brancos e de R$ 12,40 para negros.<\/p>\n<p data-track-category=\"Link no Texto\" data-track-links=\"\"><img loading=\"lazy\" decoding=\"async\" class=\"size-medium aligncenter\" src=\"https:\/\/obeabadosertao.com.br\/filerun\/wl\/?id=E7bnfVBSA3LaUAoqifbgrgCV9IrurnxU\" width=\"700\" height=\"500\" \/><\/p>\n<p class=\" content-text__container \" data-track-category=\"Link no Texto\" data-track-links=\"\">Al\u00e9m disso, a s\u00e9rie hist\u00f3rica do IBGE mostra que essa distor\u00e7\u00e3o de ra\u00e7a pouco se mexeu ao longo dos \u00faltimos 10 anos. Em 2012, a m\u00e9dia de rendimentos de brancos era 69,8% maior que de negros.<\/p>\n<p>Dividido por instru\u00e7\u00e3o, a diferen\u00e7a mais relevante \u00e9 no n\u00edvel mais alto de instru\u00e7\u00e3o, o ensino superior. A diferen\u00e7a chega a 37,6%, sendo R$ 35,30 para brancos versus R$ 25,70 para pretos e pardos.<\/p>\n<h2><span style=\"color: #000080;\"><strong>Veja abaixo as demais, sempre com rendimento de brancos sendo o maior:<\/strong><\/span><\/h2>\n<ul>\n<li>Total:\u00a0R$ 20 x R$ 12,40<\/li>\n<li>Sem instru\u00e7\u00e3o ou fundamental incompleto:\u00a0R$ 10,90 x R$ 8,40<\/li>\n<li>Fundamental completo:\u00a0R$ 11,60 x R$ 9,30<\/li>\n<li>M\u00e9dio completo:\u00a0R$ 14,10 x R$ 11,10<\/li>\n<li>Superior completo:\u00a0R$ 35,30 x R$ 25,70<\/li>\n<\/ul>\n<p>O IBGE mostra, por fim, que o pa\u00eds prossegue com forte diferencia\u00e7\u00e3o na distribui\u00e7\u00e3o de atividades de trabalho, que impactam nos sal\u00e1rios.<\/p>\n<p><img loading=\"lazy\" decoding=\"async\" class=\"size-medium aligncenter\" src=\"https:\/\/obeabadosertao.com.br\/filerun\/wl\/?id=uuJybuQDa9z8Bvi3qmbGGrzgQOf7MgzM\" width=\"700\" height=\"500\" \/><\/p>\n<p>Enquanto brancos s\u00e3o maioria em setores como Informa\u00e7\u00e3o e Servi\u00e7os Financeiros, pretos e pardos s\u00e3o mais numerosos em atividades como Servi\u00e7os Dom\u00e9sticos (66,4%), Constru\u00e7\u00e3o (65,1%) e Agropecu\u00e1ria (62%).<\/p>\n<p>No recorte por g\u00eanero, a m\u00e9dia de rendimentos de homens \u00e9 14,9% maior que de mulheres. No ensino superior, a rela\u00e7\u00e3o sobe para 43,2% &#8211; diferen\u00e7a ainda mais agressiva que o corte interracial. Al\u00e9m disso, o n\u00edvel de ocupa\u00e7\u00e3o dos homens alcan\u00e7ou 63,3% e o das mulheres, 46,3%.<\/p>\n<p>Quanto \u00e0 qualidade de emprego, os pretos e pardos ficam bem atr\u00e1s dos brancos. As mulheres do grupo comp\u00f5em o maior percentual de informalidade no mercado de trabalho, com 46,8% das profissionais. Os homens negros n\u00e3o ficam t\u00e3o atr\u00e1s, com 46,6%.<\/p>\n<p><img loading=\"lazy\" decoding=\"async\" class=\"size-medium aligncenter\" src=\"https:\/\/obeabadosertao.com.br\/filerun\/wl\/?id=rUkM6kgemsse2mj4NODRc2xzSMPG29vZ\" width=\"700\" height=\"500\" \/><\/p>\n<p>Em compara\u00e7\u00e3o, mulheres brancas na informalidade s\u00e3o 34,5%. Os homens brancos, novamente no menor contingente, s\u00e3o 33,3% informais.<\/p>\n<p>Informais s\u00e3o empregados e trabalhadores dom\u00e9sticos sem carteira assinada, trabalhadores por conta pr\u00f3pria e empregadores que n\u00e3o contribuem para a previd\u00eancia social, al\u00e9m de trabalhadores familiares auxiliares.\u00a0Em 2022, 40,9% dos trabalhadores do pa\u00eds estavam em ocupa\u00e7\u00f5es informais.<\/p>\n<p><img loading=\"lazy\" decoding=\"async\" class=\"size-medium aligncenter\" src=\"https:\/\/obeabadosertao.com.br\/filerun\/wl\/?id=co0J5Pkk159klRAIM2IBeR7oDDfoK3Ri\" width=\"700\" height=\"500\" \/><\/p>\n<p>Mas h\u00e1 tamb\u00e9m os dados de subutiliza\u00e7\u00e3o, que s\u00e3o pessoas desocupadas, subocupadas por insufici\u00eancia de horas ou na for\u00e7a de trabalho potencial &#8211; aqui se encaixam os Neno.<\/p>\n<p>E para a taxa composta de subutiliza\u00e7\u00e3o, os \u00edndices tamb\u00e9m mais elevados s\u00e3o para as mulheres e para as pessoas de cor ou ra\u00e7a preta ou parda.<\/p>\n<p>A taxa de subutiliza\u00e7\u00e3o para homens era de 16,8%, enquanto chegava a 25,9% para as mulheres. Entre os brancos, eram 16,2%. Para negros, 24,6%.<\/p>\n<\/div>\n<\/div>\n<p>&nbsp;<\/p>\n<p>&nbsp;<\/p>\n<p>&nbsp;<\/p>\n<p><img loading=\"lazy\" decoding=\"async\" class=\"size-medium aligncenter\" src=\"https:\/\/obeabadosertao.com.br\/filerun\/wl\/?id=AuK2vKCjwKXmtWBzGNNpD2GN359EppUo\" width=\"700\" height=\"500\" \/><\/p>\n<p>&nbsp;<\/p>\n","protected":false},"excerpt":{"rendered":"<p>Tempo de leitura: 5 minutosMulheres s\u00e3o dois em cada tr\u00eas dos 10,8 milh\u00f5es de jovens brasileiros que n\u00e3o estudavam e [&hellip;]<\/p>\n","protected":false},"author":1,"featured_media":18748,"comment_status":"open","ping_status":"open","sticky":false,"template":"","format":"standard","meta":[],"categories":[48,4,6],"tags":[8657,19160,19163,4044,13342,916,19166,3767,17370,3306,19164,19161,19168,19162,19167,19159,19165],"amp_enabled":true,"_links":{"self":[{"href":"https:\/\/obeabadosertao.com.br\/portal\/wp-json\/wp\/v2\/posts\/18746"}],"collection":[{"href":"https:\/\/obeabadosertao.com.br\/portal\/wp-json\/wp\/v2\/posts"}],"about":[{"href":"https:\/\/obeabadosertao.com.br\/portal\/wp-json\/wp\/v2\/types\/post"}],"author":[{"embeddable":true,"href":"https:\/\/obeabadosertao.com.br\/portal\/wp-json\/wp\/v2\/users\/1"}],"replies":[{"embeddable":true,"href":"https:\/\/obeabadosertao.com.br\/portal\/wp-json\/wp\/v2\/comments?post=18746"}],"version-history":[{"count":3,"href":"https:\/\/obeabadosertao.com.br\/portal\/wp-json\/wp\/v2\/posts\/18746\/revisions"}],"predecessor-version":[{"id":18750,"href":"https:\/\/obeabadosertao.com.br\/portal\/wp-json\/wp\/v2\/posts\/18746\/revisions\/18750"}],"wp:featuredmedia":[{"embeddable":true,"href":"https:\/\/obeabadosertao.com.br\/portal\/wp-json\/wp\/v2\/media\/18748"}],"wp:attachment":[{"href":"https:\/\/obeabadosertao.com.br\/portal\/wp-json\/wp\/v2\/media?parent=18746"}],"wp:term":[{"taxonomy":"category","embeddable":true,"href":"https:\/\/obeabadosertao.com.br\/portal\/wp-json\/wp\/v2\/categories?post=18746"},{"taxonomy":"post_tag","embeddable":true,"href":"https:\/\/obeabadosertao.com.br\/portal\/wp-json\/wp\/v2\/tags?post=18746"}],"curies":[{"name":"wp","href":"https:\/\/api.w.org\/{rel}","templated":true}]}}