{"id":18815,"date":"2023-12-14T19:00:30","date_gmt":"2023-12-14T22:00:30","guid":{"rendered":"https:\/\/obeabadosertao.com.br\/portal\/?p=18815"},"modified":"2023-12-14T18:38:07","modified_gmt":"2023-12-14T21:38:07","slug":"210-milhoes-governo-autoriza-construcao-do-arco-metropolitano-de-joao-pessoa","status":"publish","type":"post","link":"https:\/\/obeabadosertao.com.br\/portal\/2023\/12\/14\/210-milhoes-governo-autoriza-construcao-do-arco-metropolitano-de-joao-pessoa\/","title":{"rendered":"210 milh\u00f5es: Governo autoriza constru\u00e7\u00e3o do Arco Metropolitano de Jo\u00e3o Pessoa"},"content":{"rendered":"<div id=\"tt-temp-estim\">Tempo de leitura: 3 minutos<\/div><p>O governador Jo\u00e3o Azev\u00eado assinou, na manh\u00e3 desta quinta-feira (14Dezembro2023), a ordem de servi\u00e7o do Arco Metropolitano da da Regi\u00e3o Metropolitana de Jo\u00e3o Pessoa.<\/p>\n<p>Ser\u00e3o constru\u00eddos dois viadutos que v\u00e3o interligar diretamente as rodovias BR-101 e BR-230.<\/p>\n<p><img fetchpriority=\"high\" decoding=\"async\" class=\"size-medium aligncenter\" src=\"https:\/\/obeabadosertao.com.br\/filerun\/wl\/?id=yvJWELZ3AvpAvVwTtcC48eBvnVocfMZk\" width=\"700\" height=\"500\" \/><\/p>\n<p>As obras representam investimentos de R$ 210 milh\u00f5es de recursos pr\u00f3prios do estado e ter\u00e3o uma extens\u00e3o de 18,7 Km.<\/p>\n<p>A interven\u00e7\u00e3o prev\u00ea a constru\u00e7\u00e3o de dois viadutos, dentre outros servi\u00e7os, que visam reduzir o tr\u00e1fego de ve\u00edculos no per\u00edmetro urbano da cidade, bem como reduzir o tempo de deslocamento das pessoas.<\/p>\n<p><img decoding=\"async\" class=\"size-medium aligncenter\" src=\"https:\/\/obeabadosertao.com.br\/filerun\/wl\/?id=yGpDEB6sSTc08VvqfbUdcQS8DS8RJAwi\" width=\"700\" height=\"500\" \/><\/p>\n<p>As obras tamb\u00e9m preveem a constru\u00e7\u00e3o de duas pontes com extens\u00e3o de 40 metros sobre o Rio Gramame e Mumbaba, passarela de pedestres em concreto, interse\u00e7\u00f5es de acesso e retorno a cada 4 km, implanta\u00e7\u00e3o do sistema de drenagem para escoamento de \u00e1guas pluviais, recupera\u00e7\u00e3o de \u00e1reas degradadas e paisagismo, contemplando diretamente os motoristas que se deslocam para o interior do Estado e para Recife, em Pernambuco.<\/p>\n<p>Os servi\u00e7os devem ser iniciados ainda no primeiro semestre de 2023 e t\u00eam uma previs\u00e3o de dois anos para a conclus\u00e3o.<\/p>\n<p><img decoding=\"async\" class=\"size-medium aligncenter\" src=\"https:\/\/obeabadosertao.com.br\/filerun\/wl\/?id=FMTMb1nvefXsJkKyDhD4mKzxKbZExcSl\" width=\"700\" height=\"500\" \/><\/p>\n<p>Na ocasi\u00e3o, o governador <strong>Jo\u00e3o Azev\u00eado (<span style=\"color: #ff0000;\">Foto acima<\/span>)<\/strong> ressaltou que a obra ir\u00e1 beneficiar toda a Para\u00edba, garantindo uma solu\u00e7\u00e3o definitiva para os congestionamentos nos trechos das Tr\u00eas Lagoas ao Hospital Metropolitano, em Santa Rita (PB).<\/p>\n<p><img loading=\"lazy\" decoding=\"async\" class=\"size-medium aligncenter\" src=\"https:\/\/obeabadosertao.com.br\/filerun\/wl\/?id=fnDnNdu38sKe8Z2P2DoTDWaiybvsDO4V\" width=\"700\" height=\"500\" \/><\/p>\n<p>\u201c<em>A BR-230 ficar\u00e1 conectada \u00e0 BR-101, evitando que os ve\u00edculos que se dirigem entre Recife e Campina Grande, Natal a Recife, passem por essa \u00e1rea com mais congestionamento atualmente. \u00c9 mais um investimento poss\u00edvel gra\u00e7as a uma gest\u00e3o fiscal eficiente, que gerou super\u00e1vit financeiro e a oportunidade de colocar a Para\u00edba em um novo patamar de desenvolvimento<\/em>\u201d, frisou.<\/p>\n<p><img loading=\"lazy\" decoding=\"async\" class=\"size-medium aligncenter\" src=\"https:\/\/obeabadosertao.com.br\/filerun\/wl\/?id=G5CjdHSvE4NOklDxnkx98DcJomFG1gTP\" width=\"700\" height=\"500\" \/><\/p>\n<p>Ele ainda ressaltou a satisfa\u00e7\u00e3o de assegurar a realiza\u00e7\u00e3o de grandes obras no estado. \u201c<em>Esse \u00e9 um momento de alegria, pois come\u00e7amos um novo ciclo com a\u00e7\u00f5es importantes para melhorar a vida das pessoas da Para\u00edba. A riqueza gerada pelo estado precisa ser compartilhada com todos os nossos cidad\u00e3os<\/em>\u201d, frisou.<\/p>\n<p>O secret\u00e1rio da Infraestrutura, dos Recursos H\u00eddricos e do Meio Ambiente, <strong>Deusdete Queiroga (<span style=\"color: #ff0000;\">Foto abaixo<\/span>)<\/strong>, evidenciou os investimentos do governo em obras estruturantes.<\/p>\n<p><img loading=\"lazy\" decoding=\"async\" class=\"size-medium aligncenter\" src=\"https:\/\/obeabadosertao.com.br\/filerun\/wl\/?id=6DWjUtn7FXwpB2tbbPEmGdbuvaQ3fhG4\" width=\"700\" height=\"500\" \/><\/p>\n<p>\u201c<em>Com planejamento, compet\u00eancia e equil\u00edbrio fiscal, o governo consegue fazer uma obra de R$ 210 milh\u00f5es com recursos pr\u00f3prios do estado. S\u00e3o mais de R$ 2 bilh\u00f5es em obras rodovi\u00e1rias em todas as regi\u00f5es, al\u00e9m de grandes interven\u00e7\u00f5es como o Centro de Conven\u00e7\u00f5es e o Arco Metropolitano Leste de Campina Grande, dragagem do Porto de Cabedelo, novas estradas asfaltadas, restaura\u00e7\u00e3o de rodovias, travessias urbanas em 194 munic\u00edpios, adutoras e seguiremos com grandes e relevantes a\u00e7\u00f5es por toda a Para\u00edba<\/em>\u201d, comentou.<\/p>\n<p><img loading=\"lazy\" decoding=\"async\" class=\"size-medium aligncenter\" src=\"https:\/\/obeabadosertao.com.br\/filerun\/wl\/?id=6YKtQXYCKtp5zMFgBOEH9XJ1EbDtAQs7\" width=\"700\" height=\"500\" \/><\/p>\n<p>O superintendente do DER, Carlos Pereira, destacou a import\u00e2ncia da obra do arco metropolitano para a mobilidade urbana da Grande Jo\u00e3o Pessoa. \u201c<em>N\u00f3s damos partida na constru\u00e7\u00e3o da maior obra rodovi\u00e1ria do segundo mandato do governador Jo\u00e3o Azev\u00eado<\/em>\u201d, comentou.<\/p>\n<p><img loading=\"lazy\" decoding=\"async\" class=\"size-medium aligncenter\" src=\"https:\/\/obeabadosertao.com.br\/filerun\/wl\/?id=OQ73jixrDg7Czl8iCYxAeWQ4HlF4p9dQ\" width=\"700\" height=\"500\" \/><\/p>\n<p>O presidente da Assembleia Legislativa da Para\u00edba, <strong>Adriano Galdino (<span style=\"color: #ff0000;\">Foto acima<\/span>)<\/strong>, parabenizou a gest\u00e3o estadual pelo compromisso com o desenvolvimento da Para\u00edba. \u201c<em>Eu tenho certeza de que vamos ter quatro anos de muitas obras e a\u00e7\u00f5es e \u00e9 uma satisfa\u00e7\u00e3o ver mais uma obra saindo do papel e se tornando realidade e j\u00e1 me vejo usando essa via para me deslocar a Recife, chegando mais r\u00e1pido porque mobilidade urbana \u00e9 uma preocupa\u00e7\u00e3o permanente para fazer uma Para\u00edba melhor e mais justa para todos<\/em>\u201d, afirmou.<\/p>\n<p><img loading=\"lazy\" decoding=\"async\" class=\"size-medium aligncenter\" src=\"https:\/\/obeabadosertao.com.br\/filerun\/wl\/?id=l77E7WHqqUVOvDdjYZllVxuAfTn4Zj4r\" width=\"700\" height=\"500\" \/><\/p>\n<p>A solenidade, ocorrida no audit\u00f3rio do Shopping Sebrae, em Jo\u00e3o Pessoa, contou com a presen\u00e7a do vice-governador Lucas Ribeiro, dos deputados estaduais Jo\u00e3o Gon\u00e7alves, Wilson Filho, Galego Souza e Ricardo Barbosa, vereadores de Jo\u00e3o Pessoa, prefeitos e auxiliares da gest\u00e3o estadual.<\/p>\n<p><img loading=\"lazy\" decoding=\"async\" class=\"size-medium aligncenter\" src=\"https:\/\/obeabadosertao.com.br\/filerun\/wl\/?id=KiSmTYSzAOwZAsUgQ8VcThVF7mrbVdjZ\" width=\"700\" height=\"500\" \/><\/p>\n<p><iframe title=\"Arco Metropolitano de Jo\u00e3o Pessoa\" width=\"500\" height=\"281\" src=\"https:\/\/www.youtube.com\/embed\/7TN1JiIztWI?feature=oembed\" frameborder=\"0\" allow=\"accelerometer; autoplay; clipboard-write; encrypted-media; gyroscope; picture-in-picture; web-share\" allowfullscreen><\/iframe><\/p>\n<p>&nbsp;<\/p>\n<p>&nbsp;<\/p>\n<p>&nbsp;<\/p>\n<p>&nbsp;<\/p>\n<p><img loading=\"lazy\" decoding=\"async\" class=\"size-medium aligncenter\" src=\"https:\/\/obeabadosertao.com.br\/filerun\/wl\/?id=AuK2vKCjwKXmtWBzGNNpD2GN359EppUo\" width=\"700\" height=\"500\" \/><\/p>\n","protected":false},"excerpt":{"rendered":"<p>Tempo de leitura: 3 minutosO governador Jo\u00e3o Azev\u00eado assinou, na manh\u00e3 desta quinta-feira (14Dezembro2023), a ordem de servi\u00e7o do Arco [&hellip;]<\/p>\n","protected":false},"author":1,"featured_media":18817,"comment_status":"open","ping_status":"open","sticky":false,"template":"","format":"standard","meta":[],"categories":[21,4,6],"tags":[8696,19356,19355,17296,19353,19359,19360,19357,19358,595,19362,19354,19361],"amp_enabled":true,"_links":{"self":[{"href":"https:\/\/obeabadosertao.com.br\/portal\/wp-json\/wp\/v2\/posts\/18815"}],"collection":[{"href":"https:\/\/obeabadosertao.com.br\/portal\/wp-json\/wp\/v2\/posts"}],"about":[{"href":"https:\/\/obeabadosertao.com.br\/portal\/wp-json\/wp\/v2\/types\/post"}],"author":[{"embeddable":true,"href":"https:\/\/obeabadosertao.com.br\/portal\/wp-json\/wp\/v2\/users\/1"}],"replies":[{"embeddable":true,"href":"https:\/\/obeabadosertao.com.br\/portal\/wp-json\/wp\/v2\/comments?post=18815"}],"version-history":[{"count":1,"href":"https:\/\/obeabadosertao.com.br\/portal\/wp-json\/wp\/v2\/posts\/18815\/revisions"}],"predecessor-version":[{"id":18816,"href":"https:\/\/obeabadosertao.com.br\/portal\/wp-json\/wp\/v2\/posts\/18815\/revisions\/18816"}],"wp:featuredmedia":[{"embeddable":true,"href":"https:\/\/obeabadosertao.com.br\/portal\/wp-json\/wp\/v2\/media\/18817"}],"wp:attachment":[{"href":"https:\/\/obeabadosertao.com.br\/portal\/wp-json\/wp\/v2\/media?parent=18815"}],"wp:term":[{"taxonomy":"category","embeddable":true,"href":"https:\/\/obeabadosertao.com.br\/portal\/wp-json\/wp\/v2\/categories?post=18815"},{"taxonomy":"post_tag","embeddable":true,"href":"https:\/\/obeabadosertao.com.br\/portal\/wp-json\/wp\/v2\/tags?post=18815"}],"curies":[{"name":"wp","href":"https:\/\/api.w.org\/{rel}","templated":true}]}}