{"id":18916,"date":"2024-01-02T15:26:54","date_gmt":"2024-01-02T18:26:54","guid":{"rendered":"https:\/\/obeabadosertao.com.br\/portal\/?p=18916"},"modified":"2024-01-01T09:10:13","modified_gmt":"2024-01-01T12:10:13","slug":"em-2024-quatro-feriados-cairao-no-fim-de-semana-veja-calendario","status":"publish","type":"post","link":"https:\/\/obeabadosertao.com.br\/portal\/2024\/01\/02\/em-2024-quatro-feriados-cairao-no-fim-de-semana-veja-calendario\/","title":{"rendered":"Em 2024, quatro feriados cair\u00e3o no fim de semana; veja calend\u00e1rio"},"content":{"rendered":"<div id=\"tt-temp-estim\">Tempo de leitura: 2 minutos<\/div><h3><span style=\"color: #000080;\"><strong><em>Com quatro feriados no fim de semana e poucas emendas, 2024 ser\u00e1 de pouco descanso para os trabalhadores brasileiros.<\/em><\/strong><\/span><\/h3>\n<p>&nbsp;<\/p>\n<p>O ano de 2024 ser\u00e1 de pouco descanso para os brasileiros, se depender dos\u00a0feriados nacionais. Ao contr\u00e1rio de 2023, em que v\u00e1rias datas ca\u00edram na segunda, quinta e sexta-feira, o pr\u00f3ximo ano ter\u00e1 poucas oportunidades de emendar feriados. Al\u00e9m disso, quatro deles ser\u00e3o no s\u00e1bado ou domingo.<\/p>\n<p><img fetchpriority=\"high\" decoding=\"async\" class=\"size-medium aligncenter\" src=\"https:\/\/obeabadosertao.com.br\/filerun\/wl\/?id=2wiGwdyyVyqDy0sljNW9P1Pvf8hnhXWM\" width=\"700\" height=\"500\" \/><\/p>\n<p>O 1\u00ba de janeiro, Dia da Confraterniza\u00e7\u00e3o Universal, \u00e9 o \u00fanico feriado nacional que cai na segunda-feira. J\u00e1 o 29 de mar\u00e7o, data em que se comemora a Paix\u00e3o de Cristo, e o 15 de novembro, Dia da Proclama\u00e7\u00e3o da Rep\u00fablica, ser\u00e3o na sexta-feira. Mas h\u00e1 um novo, em 20 de novembro, com a san\u00e7\u00e3o que transforma o Dia de Zumbi e da Consci\u00eancia Negra em feriado nacional.<\/p>\n<p>Enquanto isso, para a tristeza dos trabalhadores, Tiradentes (21 de abril) cair\u00e1 no domingo e Independ\u00eancia do Brasil (7 de Setembro), Nossa Sr\u00aa Aparecida, Padroeira do Brasil (12 de outubro) e Finados (2 de novembro) ser\u00e3o celebrados no s\u00e1bado.<\/p>\n<p>Com isso, entre 1\u00ba de maio at\u00e9 20 de novembro, os brasileiros ficar\u00e3o sem feriados nacionais no meio da semana.<\/p>\n<p><img decoding=\"async\" class=\"size-medium aligncenter\" src=\"https:\/\/obeabadosertao.com.br\/filerun\/wl\/?id=DKabgx4gnHFXh6Jgf1H6preq7xbkdmUg\" width=\"700\" height=\"500\" \/><\/p>\n<p>Os \u00fanicos feriados prolongados &#8211; em que se emenda at\u00e9 quatro dias &#8211; ocorrer\u00e3o em virtude de pontos facultativos.<\/p>\n<p>S\u00e3o eles: Carnaval, que neste ano ser\u00e1 em 10, 11, 12 e 13 de fevereiro; e Corpus Christi, na quinta-feira.<\/p>\n<p>Veja o calend\u00e1rio:<\/p>\n<h4>Feriados nacionais<\/h4>\n<ul>\n<li>1\u00ba de janeiro \u2013\u00a0Confraterniza\u00e7\u00e3o Universal (segunda-feira);<\/li>\n<li>29 de mar\u00e7o \u2013 Paix\u00e3o de Cristo (sexta-feira);<\/li>\n<li>21 de abril \u2013 Tiradentes (domingo);<\/li>\n<li>1\u00ba de maio \u2013 Dia do Trabalho (quarta-feira);<\/li>\n<li>7 de setembro \u2013 Independ\u00eancia do Brasil (s\u00e1bado);<\/li>\n<li>12 de outubro \u2013 Nossa Sr\u00aa Aparecida \u2013 Padroeira do Brasil (s\u00e1bado);<\/li>\n<li>2 de novembro \u2013 Finados (s\u00e1bado);<\/li>\n<li>15 de novembro \u2013 Proclama\u00e7\u00e3o da Rep\u00fablica (sexta-feira);<\/li>\n<li>20 de novembro \u2013 Dia Nacional de Zumbi e da Consci\u00eancia Negra (quarta-feira);<\/li>\n<li>25 de dezembro \u2013 Natal (quarta-feira).<\/li>\n<\/ul>\n<h4>Pontos facultativos<\/h4>\n<ul>\n<li>12 de fevereiro \u2013 Carnaval (segunda-feira);<\/li>\n<li>13 de fevereiro \u2013 Carnaval (ter\u00e7a-feira);<\/li>\n<li>14 de fevereiro \u2013 Quarta-Feira de Cinzas (quarta-feira);<\/li>\n<li>30 de maio \u2013 Corpus Christi (quinta-feira).<\/li>\n<\/ul>\n<p><img decoding=\"async\" class=\"size-medium aligncenter\" src=\"https:\/\/obeabadosertao.com.br\/filerun\/wl\/?id=DKabgx4gnHFXh6Jgf1H6preq7xbkdmUg\" width=\"700\" height=\"500\" \/><\/p>\n<h4>Ano ter\u00e1 mais um feriado<\/h4>\n<p>No fim de novembro, a\u00a0C\u00e2mara dos Deputados\u00a0aprovou um\u00a0projeto de lei que declara feriado nacional o 20 de novembro, dedicado ao Dia Nacional de Zumbi e da Consci\u00eancia Negra.<\/p>\n<p>A proposta, de autoria do senador Randolfe Rodrigues (Rede-AP), foi aprovada com 286 votos favor\u00e1veis, 121 contra e duas absten\u00e7\u00f5es. O presidente Lula sancionou a lei no \u00faltimo dia 22.<\/p>\n<p>Assim, mais um feriado foi adicionado ao calend\u00e1rio nacional. O Dia da Consci\u00eancia Negra cair\u00e1 numa quarta-feira em 2024.<\/p>\n<p>&nbsp;<\/p>\n<p>&nbsp;<\/p>\n<p>&nbsp;<\/p>\n<p>&nbsp;<\/p>\n<p><img decoding=\"async\" class=\"size-medium aligncenter\" src=\"https:\/\/obeabadosertao.com.br\/filerun\/wl\/?id=AuK2vKCjwKXmtWBzGNNpD2GN359EppUo\" width=\"700\" height=\"500\" \/><\/p>\n","protected":false},"excerpt":{"rendered":"<p>Tempo de leitura: 2 minutosCom quatro feriados no fim de semana e poucas emendas, 2024 ser\u00e1 de pouco descanso para [&hellip;]<\/p>\n","protected":false},"author":1,"featured_media":18962,"comment_status":"open","ping_status":"open","sticky":false,"template":"","format":"standard","meta":[],"categories":[48,4,6],"tags":[19802,18245,9,10255,19805,19801,4196,19803,19804,19810,19798,11802,11808,19800,19808,19806,6092,19807,3561,10528,19799,19809],"amp_enabled":true,"_links":{"self":[{"href":"https:\/\/obeabadosertao.com.br\/portal\/wp-json\/wp\/v2\/posts\/18916"}],"collection":[{"href":"https:\/\/obeabadosertao.com.br\/portal\/wp-json\/wp\/v2\/posts"}],"about":[{"href":"https:\/\/obeabadosertao.com.br\/portal\/wp-json\/wp\/v2\/types\/post"}],"author":[{"embeddable":true,"href":"https:\/\/obeabadosertao.com.br\/portal\/wp-json\/wp\/v2\/users\/1"}],"replies":[{"embeddable":true,"href":"https:\/\/obeabadosertao.com.br\/portal\/wp-json\/wp\/v2\/comments?post=18916"}],"version-history":[{"count":3,"href":"https:\/\/obeabadosertao.com.br\/portal\/wp-json\/wp\/v2\/posts\/18916\/revisions"}],"predecessor-version":[{"id":18961,"href":"https:\/\/obeabadosertao.com.br\/portal\/wp-json\/wp\/v2\/posts\/18916\/revisions\/18961"}],"wp:featuredmedia":[{"embeddable":true,"href":"https:\/\/obeabadosertao.com.br\/portal\/wp-json\/wp\/v2\/media\/18962"}],"wp:attachment":[{"href":"https:\/\/obeabadosertao.com.br\/portal\/wp-json\/wp\/v2\/media?parent=18916"}],"wp:term":[{"taxonomy":"category","embeddable":true,"href":"https:\/\/obeabadosertao.com.br\/portal\/wp-json\/wp\/v2\/categories?post=18916"},{"taxonomy":"post_tag","embeddable":true,"href":"https:\/\/obeabadosertao.com.br\/portal\/wp-json\/wp\/v2\/tags?post=18916"}],"curies":[{"name":"wp","href":"https:\/\/api.w.org\/{rel}","templated":true}]}}