{"id":18924,"date":"2023-12-30T16:18:23","date_gmt":"2023-12-30T19:18:23","guid":{"rendered":"https:\/\/obeabadosertao.com.br\/portal\/?p=18924"},"modified":"2023-12-28T18:07:10","modified_gmt":"2023-12-28T21:07:10","slug":"madri-na-espanha-revoga-20-leis-que-protegia-os-direitos-da-comunidade-lgbtqia","status":"publish","type":"post","link":"https:\/\/obeabadosertao.com.br\/portal\/2023\/12\/30\/madri-na-espanha-revoga-20-leis-que-protegia-os-direitos-da-comunidade-lgbtqia\/","title":{"rendered":"Madri, na Espanha, revoga 20 leis que protegia os direitos da comunidade LGBTQIA+"},"content":{"rendered":"<div id=\"tt-temp-estim\">Tempo de leitura: 1 minuto<\/div><h3><span style=\"color: #000080;\"><em><strong>Comunidade gay considera a decis\u00e3o inconstitucional.<\/strong><\/em><\/span><\/h3>\n<p>&nbsp;<\/p>\n<p>A Assembleia de Madri, na Espanha, modificou leis que foram criadas em apoio \u00e0 comunidade LGBTQIA+, aprovando um projeto de reforma da lei que vigorava desde 2016 na \u00faltima sess\u00e3o plen\u00e1ria do Parlamento da capital espanhola.<\/p>\n<div style=\"width: 710px\" class=\"wp-caption aligncenter\"><img fetchpriority=\"high\" decoding=\"async\" src=\"https:\/\/obeabadosertao.com.br\/filerun\/wl\/?id=035T6ChjsbLLUK2CgSymCW6JymtwycTV\" alt=\"\" width=\"700\" height=\"500\" \/><p class=\"wp-caption-text\"><span style=\"color: #000080;\"><strong>Assembleia de Madri, na Espanha.<\/strong><\/span><\/p><\/div>\n<p>A mudan\u00e7a revogou 20 artigos de prote\u00e7\u00e3o e direitos \u00e0 comunidade gay e alterou a reda\u00e7\u00e3o de outros quatro, entre eles a aboli\u00e7\u00e3o do Dia Internacional contra a homofobia e transfobia.<\/p>\n<p>Al\u00e9m disso, os termos \u201c<em>identidade de g\u00eanero<\/em>\u201d e \u201c<em>pessoas trans<\/em>\u201d foram rejeitados e agora ser\u00e3o substitu\u00eddos por \u201c<em>transexuais<\/em>\u201d e \u201c<em>transexualidade<\/em>\u201d.<\/p>\n<p>Outra mudan\u00e7a que afeta diretamente a comunidade trans \u00e9 que agora, antes de pedir mudan\u00e7as no registro civil, a pessoa transexual ter\u00e1 que apresentar um relat\u00f3rio m\u00e9dico para que o documento seja modificado.<\/p>\n<div style=\"width: 710px\" class=\"wp-caption aligncenter\"><img decoding=\"async\" src=\"https:\/\/obeabadosertao.com.br\/filerun\/wl\/?id=JJb7VXO7zfNAstd28rEFEluY8OuPOZfy\" alt=\"\" width=\"700\" height=\"500\" \/><p class=\"wp-caption-text\"><span style=\"color: #000080;\"><strong>LGBTQIA+<\/strong><\/span><\/p><\/div>\n<p>A presidente da Comunidade Aut\u00f4noma de Madri, Isabel D\u00edaz Ayuso, do Partido Popular, havia prometido essa reforma durante a campanha eleitoral. Ela assumiu o cargo correspondente ao que chamamos de governadora em 2019 e desde ent\u00e3o tem procurado formas de cumprir a promessa.<\/p>\n<p>D\u00edaz Ayuso se justificou dizendo que ativistas LGBTQIA+ criaram \u201c<em>um mundo paralelo para lobbies<\/em>\u201d que precisava ser eliminado e substitu\u00eddo pelo \u201c<em>rigor cient\u00edfico e jur\u00eddico<\/em>\u201d.<\/p>\n<p>&nbsp;<\/p>\n<p>&nbsp;<\/p>\n<p>&nbsp;<\/p>\n<p><img decoding=\"async\" class=\"size-medium aligncenter\" src=\"https:\/\/obeabadosertao.com.br\/filerun\/wl\/?id=AuK2vKCjwKXmtWBzGNNpD2GN359EppUo\" width=\"700\" height=\"500\" \/><\/p>\n","protected":false},"excerpt":{"rendered":"<p>Tempo de leitura: 1 minutoComunidade gay considera a decis\u00e3o inconstitucional. &nbsp; A Assembleia de Madri, na Espanha, modificou leis que [&hellip;]<\/p>\n","protected":false},"author":1,"featured_media":18926,"comment_status":"open","ping_status":"open","sticky":false,"template":"","format":"standard","meta":[],"categories":[4,39,6],"tags":[19744,19747,19750,19745,19756,19754,3941,19749,19751,4803,19752,19755,7126,19753,19746,19748,1574],"amp_enabled":true,"_links":{"self":[{"href":"https:\/\/obeabadosertao.com.br\/portal\/wp-json\/wp\/v2\/posts\/18924"}],"collection":[{"href":"https:\/\/obeabadosertao.com.br\/portal\/wp-json\/wp\/v2\/posts"}],"about":[{"href":"https:\/\/obeabadosertao.com.br\/portal\/wp-json\/wp\/v2\/types\/post"}],"author":[{"embeddable":true,"href":"https:\/\/obeabadosertao.com.br\/portal\/wp-json\/wp\/v2\/users\/1"}],"replies":[{"embeddable":true,"href":"https:\/\/obeabadosertao.com.br\/portal\/wp-json\/wp\/v2\/comments?post=18924"}],"version-history":[{"count":4,"href":"https:\/\/obeabadosertao.com.br\/portal\/wp-json\/wp\/v2\/posts\/18924\/revisions"}],"predecessor-version":[{"id":18929,"href":"https:\/\/obeabadosertao.com.br\/portal\/wp-json\/wp\/v2\/posts\/18924\/revisions\/18929"}],"wp:featuredmedia":[{"embeddable":true,"href":"https:\/\/obeabadosertao.com.br\/portal\/wp-json\/wp\/v2\/media\/18926"}],"wp:attachment":[{"href":"https:\/\/obeabadosertao.com.br\/portal\/wp-json\/wp\/v2\/media?parent=18924"}],"wp:term":[{"taxonomy":"category","embeddable":true,"href":"https:\/\/obeabadosertao.com.br\/portal\/wp-json\/wp\/v2\/categories?post=18924"},{"taxonomy":"post_tag","embeddable":true,"href":"https:\/\/obeabadosertao.com.br\/portal\/wp-json\/wp\/v2\/tags?post=18924"}],"curies":[{"name":"wp","href":"https:\/\/api.w.org\/{rel}","templated":true}]}}