{"id":18995,"date":"2024-01-09T15:21:39","date_gmt":"2024-01-09T18:21:39","guid":{"rendered":"https:\/\/obeabadosertao.com.br\/portal\/?p=18995"},"modified":"2024-01-08T13:57:01","modified_gmt":"2024-01-08T16:57:01","slug":"aposentados-do-inss-que-ganham-alem-do-minimo-nao-terao-aumento-real","status":"publish","type":"post","link":"https:\/\/obeabadosertao.com.br\/portal\/2024\/01\/09\/aposentados-do-inss-que-ganham-alem-do-minimo-nao-terao-aumento-real\/","title":{"rendered":"Aposentados do INSS que ganham al\u00e9m do m\u00ednimo n\u00e3o ter\u00e3o aumento real"},"content":{"rendered":"<div id=\"tt-temp-estim\">Tempo de leitura: 1 minuto<\/div><h3><span style=\"color: #000080;\"><strong><em>Reajuste com os benef\u00edcios previdenci\u00e1rios do INSS deve ser publicado ap\u00f3s a divulga\u00e7\u00e3o do INPC 2023, com previs\u00e3o para esta semana.<\/em><\/strong><\/span><\/h3>\n<p>&nbsp;<\/p>\n<p>O governo federal aguarda a divulga\u00e7\u00e3o da infla\u00e7\u00e3o medida pelo \u00cdndice Nacional de Pre\u00e7os ao Consumidor (INPC), que deve ser divulgado pelo IBGE nesta quinta-feira (11Janeiro2024), para anunciar o reajuste dos benef\u00edcios do INSS para quem recebe acima de um sal\u00e1rio m\u00ednimo.<\/p>\n<p>Aposentados e pensionistas n\u00e3o ter\u00e3o aumento real, ficando apenas com a reposi\u00e7\u00e3o da infla\u00e7\u00e3o.<\/p>\n<p data-gtm-vis-recent-on-screen104869357_94=\"31951\" data-gtm-vis-first-on-screen104869357_94=\"31951\" data-gtm-vis-total-visible-time104869357_94=\"100\" data-gtm-vis-has-fired104869357_94=\"1\"><img fetchpriority=\"high\" decoding=\"async\" class=\"size-medium aligncenter\" src=\"https:\/\/obeabadosertao.com.br\/filerun\/wl\/?id=Esn96kxCqKfalWMN06xHPpRGoEnXi8El\" width=\"700\" height=\"500\" \/><\/p>\n<p>Entre janeiro e novembro, o \u00edndice acumulado estava em 3,14% e, nos 12 meses, 3,85%. A expectativa \u00e9 que o INPC de 2023 fique em torno de 3,4%, entre janeiro e dezembro, segundo especialistas.<\/p>\n<h2><span style=\"color: #000080;\"><strong>Ganho real do INSS<\/strong><\/span><\/h2>\n<p>Os benefici\u00e1rios pagos pela Previd\u00eancia Social, incluindo o Benef\u00edcio de Presta\u00e7\u00e3o Continuada (BPC), que ganham at\u00e9 um sal\u00e1rio m\u00ednimo, ter\u00e3o ganho real, acima da infla\u00e7\u00e3o.<\/p>\n<p>Neste caso, o valor do benef\u00edcio acompanha o piso nacional, que teve alta de 6,97% em compara\u00e7\u00e3o aos R$ 1.320 em vigor no ano passado.<\/p>\n<p><img decoding=\"async\" class=\"size-medium aligncenter\" src=\"https:\/\/obeabadosertao.com.br\/filerun\/wl\/?id=Rku25odGGN8vvZ9W4hUpLsS4BH67jSfn\" width=\"700\" height=\"500\" \/><\/p>\n<p>O novo sal\u00e1rio m\u00ednimo para 2024 ficou estipulado em R$ 1.412 e foi definido com base na infla\u00e7\u00e3o entre dezembro\/2022 e novembro\/2023, de 3,85% e mais tr\u00eas pontos percentuais (ganho real) relativos \u00e0 expans\u00e3o do Produto Interno Bruto (PIB) 2022.<\/p>\n<p>Atualmente, 39 milh\u00f5es de pessoas s\u00e3o benefici\u00e1rias da Previd\u00eancia, incluindo o BPC. Do total, 67% recebem at\u00e9 um sal\u00e1rio m\u00ednimo.<\/p>\n<p><img decoding=\"async\" class=\"size-medium aligncenter\" src=\"https:\/\/obeabadosertao.com.br\/filerun\/wl\/?id=YV6Er4dSLlLRuXtOPMo8g95xKRCBm3cq\" width=\"700\" height=\"500\" \/><\/p>\n<p>Assim que foi divulgado o INPC , os Minist\u00e9rios da Previd\u00eancia e da Fazenda editaram uma portaria conjunta com o reajuste dos benef\u00edcios previdenci\u00e1rios.<\/p>\n<p>O percentual corrigir\u00e1 tamb\u00e9m as faixas de contribui\u00e7\u00e3o e o teto do INSS, que est\u00e1 em R$ 7.507,49.<\/p>\n<p>&nbsp;<\/p>\n<p>&nbsp;<\/p>\n<p>&nbsp;<\/p>\n<p><img loading=\"lazy\" decoding=\"async\" class=\"size-medium aligncenter\" src=\"https:\/\/obeabadosertao.com.br\/filerun\/wl\/?id=AuK2vKCjwKXmtWBzGNNpD2GN359EppUo\" width=\"700\" height=\"500\" \/><\/p>\n","protected":false},"excerpt":{"rendered":"<p>Tempo de leitura: 1 minutoReajuste com os benef\u00edcios previdenci\u00e1rios do INSS deve ser publicado ap\u00f3s a divulga\u00e7\u00e3o do INPC 2023, [&hellip;]<\/p>\n","protected":false},"author":1,"featured_media":18997,"comment_status":"open","ping_status":"open","sticky":false,"template":"","format":"standard","meta":[],"categories":[48,4,6],"tags":[1717,6043,1722,6044,19930,916,19931,1108,1109,19928,793,8134,13092,426,1789,2069,1107,19929],"amp_enabled":true,"_links":{"self":[{"href":"https:\/\/obeabadosertao.com.br\/portal\/wp-json\/wp\/v2\/posts\/18995"}],"collection":[{"href":"https:\/\/obeabadosertao.com.br\/portal\/wp-json\/wp\/v2\/posts"}],"about":[{"href":"https:\/\/obeabadosertao.com.br\/portal\/wp-json\/wp\/v2\/types\/post"}],"author":[{"embeddable":true,"href":"https:\/\/obeabadosertao.com.br\/portal\/wp-json\/wp\/v2\/users\/1"}],"replies":[{"embeddable":true,"href":"https:\/\/obeabadosertao.com.br\/portal\/wp-json\/wp\/v2\/comments?post=18995"}],"version-history":[{"count":1,"href":"https:\/\/obeabadosertao.com.br\/portal\/wp-json\/wp\/v2\/posts\/18995\/revisions"}],"predecessor-version":[{"id":18996,"href":"https:\/\/obeabadosertao.com.br\/portal\/wp-json\/wp\/v2\/posts\/18995\/revisions\/18996"}],"wp:featuredmedia":[{"embeddable":true,"href":"https:\/\/obeabadosertao.com.br\/portal\/wp-json\/wp\/v2\/media\/18997"}],"wp:attachment":[{"href":"https:\/\/obeabadosertao.com.br\/portal\/wp-json\/wp\/v2\/media?parent=18995"}],"wp:term":[{"taxonomy":"category","embeddable":true,"href":"https:\/\/obeabadosertao.com.br\/portal\/wp-json\/wp\/v2\/categories?post=18995"},{"taxonomy":"post_tag","embeddable":true,"href":"https:\/\/obeabadosertao.com.br\/portal\/wp-json\/wp\/v2\/tags?post=18995"}],"curies":[{"name":"wp","href":"https:\/\/api.w.org\/{rel}","templated":true}]}}