{"id":18998,"date":"2024-01-08T18:08:23","date_gmt":"2024-01-08T21:08:23","guid":{"rendered":"https:\/\/obeabadosertao.com.br\/portal\/?p=18998"},"modified":"2024-01-08T13:31:04","modified_gmt":"2024-01-08T16:31:04","slug":"barco-de-arthur-lira-afunda-enquanto-atracava-em-marina-em-alagoas","status":"publish","type":"post","link":"https:\/\/obeabadosertao.com.br\/portal\/2024\/01\/08\/barco-de-arthur-lira-afunda-enquanto-atracava-em-marina-em-alagoas\/","title":{"rendered":"Barco de Arthur Lira afunda enquanto atracava em marina em Alagoas"},"content":{"rendered":"<div id=\"tt-temp-estim\">Tempo de leitura: 2 minutos<\/div><h3><span style=\"color: #000080;\"><strong><em>Incidente ocorreu em uma marina na qual o ex-ministro do Turismo, Jos\u00e9 Medeiros Nicolau, \u00e9 administrador.<\/em><\/strong><\/span><\/h3>\n<p>&nbsp;<\/p>\n<p>Uma lancha que pertence ao presidente da C\u00e2mara dos Deputados, <strong>Arthur<\/strong> C\u00e9sar Pereira de <strong>Lira<\/strong> (PP-AL), afundou em uma marina na paradis\u00edaca Barra de S\u00e3o Miguel, no litoral sul de Alagoas. O incidente teria ocorrido enquanto a embarca\u00e7\u00e3o era atracada.<\/p>\n<p>Em contato com a assessoria de Lira, que n\u00e3o confirmou o caso e afirmou que se trata de um epis\u00f3dio privado. No entanto, o epis\u00f3dio foi confirmado por Lira. \u201c<em>Est\u00e1 tudo bem, j\u00e1. Deu um problema no pier da Marina, mas j\u00e1 resolvido<\/em>\u201d.<\/p>\n<div style=\"width: 710px\" class=\"wp-caption aligncenter\"><img fetchpriority=\"high\" decoding=\"async\" src=\"https:\/\/obeabadosertao.com.br\/filerun\/wl\/?id=IQLewPemaDSO9O6RJZkEJwo1J0icSihn\" alt=\"\" width=\"700\" height=\"500\" \/><p class=\"wp-caption-text\"><span style=\"color: #000080;\">Lancha do presidente da C\u00e2mara dos Deputados,<strong> Arthur Lira<\/strong>, afundou em Alagoas.<\/span><\/p><\/div>\n<p>A embarca\u00e7\u00e3o era atracada na marina Stella Marina, na qual o ex-ministro do Turismo, Jos\u00e9 Medeiros Nicolau, o \u201c<em>Zezeco<\/em>\u201d, \u00e9 administrador da marina e que j\u00e1 foi Prefeito do munic\u00edpio hoje administrado pelo pai do presidente da C\u00e2mara, o ex-senador Benedito de Lira (PP-AL).<\/p>\n<p>&#8220;<em>Zezeco<\/em>&#8221; um empres\u00e1rio milion\u00e1rio de 34 anos \u00e9 paulista, de Bela Vista, que foi eleito prefeito da Barra por dois mandatos, entre 2012 e 2020, ap\u00f3s criar uma ONG no munic\u00edpio. Ele assumiu a pasta do Turismo do ex-presidente Jair Bolsonaro (PL), por um breve per\u00edodo em 2022.<\/p>\n<div style=\"width: 710px\" class=\"wp-caption aligncenter\"><img decoding=\"async\" src=\"https:\/\/obeabadosertao.com.br\/filerun\/wl\/?id=Fd2fFMeTB6bAR85HRSYokU3vVvzvBlvt\" alt=\"\" width=\"700\" height=\"500\" \/><p class=\"wp-caption-text\"><span style=\"color: #000080;\"><strong>Arthur<\/strong> C\u00e9sar Pereira de<strong> Lira<\/strong> \u00e9 um advogado, agropecuarista, empres\u00e1rio e pol\u00edtico brasileiro, filiado ao Progressistas. Atualmente \u00e9 deputado federal pelo estado de Alagoas, servindo como o 55\u00ba Presidente da C\u00e2mara dos Deputados. \u00c9 considerado um dos l\u00edderes do bloco suprapartid\u00e1rio conhecido como &#8220;centr\u00e3o&#8221;.<\/span><\/p><\/div>\n<p>Lira confirmou neste domingo (07Janeiro2024), que n\u00e3o houve feridos no incidente, que j\u00e1 foi solucionado. A informa\u00e7\u00e3o foi confirmada pela reportagem junto ao portal da Rede Nacional para Simplifica\u00e7\u00e3o do Registro Legal e da Legaliza\u00e7\u00e3o de Empresas e Neg\u00f3cios (RedeSim), ligado \u00e0 Fazenda Nacional.<\/p>\n<p>Ap\u00f3s descansar e visitar suas bases eleitorais em seu reduto pol\u00edtico, o presidente da C\u00e2mara deveria estar de volta a Bras\u00edlia, nesta segunda-feira (08Janeiro2024), para participar do evento denominado \u201c<em>Democracia Inabalada<\/em>\u201d, convocado pelos chefes dos Poderes da Rep\u00fablica, na celebra\u00e7\u00e3o de um ano da manifesta\u00e7\u00e3o do 8 de Janeiro de 2023, em que foram invadidas as sedes do Congresso Nacional, do Pal\u00e1cio do Planalto e do Supremo Tribunal Federal (STF).<\/p>\n<p>De acordo com a assessoria do presidente da C\u00e2mara, Lira est\u00e1 em Alagoas e deve ficar no estado em raz\u00e3o de problemas de sa\u00fade na fam\u00edlia.<\/p>\n<p>&nbsp;<\/p>\n<p>&nbsp;<\/p>\n<p>&nbsp;<\/p>\n<p><img decoding=\"async\" class=\"size-medium aligncenter\" src=\"https:\/\/obeabadosertao.com.br\/filerun\/wl\/?id=AuK2vKCjwKXmtWBzGNNpD2GN359EppUo\" width=\"700\" height=\"500\" \/><\/p>\n","protected":false},"excerpt":{"rendered":"<p>Tempo de leitura: 2 minutosIncidente ocorreu em uma marina na qual o ex-ministro do Turismo, Jos\u00e9 Medeiros Nicolau, \u00e9 administrador. [&hellip;]<\/p>\n","protected":false},"author":1,"featured_media":19000,"comment_status":"open","ping_status":"open","sticky":false,"template":"","format":"standard","meta":[],"categories":[48,4,6],"tags":[5412,12056,19933,19935,19942,291,22,19932,19944,19939,19941,19937,19940,19934,4265,30,1304,19936,6258,19938,19943],"amp_enabled":true,"_links":{"self":[{"href":"https:\/\/obeabadosertao.com.br\/portal\/wp-json\/wp\/v2\/posts\/18998"}],"collection":[{"href":"https:\/\/obeabadosertao.com.br\/portal\/wp-json\/wp\/v2\/posts"}],"about":[{"href":"https:\/\/obeabadosertao.com.br\/portal\/wp-json\/wp\/v2\/types\/post"}],"author":[{"embeddable":true,"href":"https:\/\/obeabadosertao.com.br\/portal\/wp-json\/wp\/v2\/users\/1"}],"replies":[{"embeddable":true,"href":"https:\/\/obeabadosertao.com.br\/portal\/wp-json\/wp\/v2\/comments?post=18998"}],"version-history":[{"count":5,"href":"https:\/\/obeabadosertao.com.br\/portal\/wp-json\/wp\/v2\/posts\/18998\/revisions"}],"predecessor-version":[{"id":19005,"href":"https:\/\/obeabadosertao.com.br\/portal\/wp-json\/wp\/v2\/posts\/18998\/revisions\/19005"}],"wp:featuredmedia":[{"embeddable":true,"href":"https:\/\/obeabadosertao.com.br\/portal\/wp-json\/wp\/v2\/media\/19000"}],"wp:attachment":[{"href":"https:\/\/obeabadosertao.com.br\/portal\/wp-json\/wp\/v2\/media?parent=18998"}],"wp:term":[{"taxonomy":"category","embeddable":true,"href":"https:\/\/obeabadosertao.com.br\/portal\/wp-json\/wp\/v2\/categories?post=18998"},{"taxonomy":"post_tag","embeddable":true,"href":"https:\/\/obeabadosertao.com.br\/portal\/wp-json\/wp\/v2\/tags?post=18998"}],"curies":[{"name":"wp","href":"https:\/\/api.w.org\/{rel}","templated":true}]}}