{"id":19093,"date":"2024-01-29T08:26:57","date_gmt":"2024-01-29T11:26:57","guid":{"rendered":"https:\/\/obeabadosertao.com.br\/portal\/?p=19093"},"modified":"2024-01-23T16:36:09","modified_gmt":"2024-01-23T19:36:09","slug":"conta-de-luz-deve-subir-56-em-media-em-2024-diz-aneel","status":"publish","type":"post","link":"https:\/\/obeabadosertao.com.br\/portal\/2024\/01\/29\/conta-de-luz-deve-subir-56-em-media-em-2024-diz-aneel\/","title":{"rendered":"Conta de luz deve subir 5,6% em m\u00e9dia em 2024, diz Aneel"},"content":{"rendered":"<div id=\"tt-temp-estim\">Tempo de leitura: 1 minuto<\/div><h3><span style=\"color: #000080;\"><strong><em>Estimativa est\u00e1 acima da infla\u00e7\u00e3o projetada para o per\u00edodo, de 3,87%.<\/em><\/strong><\/span><\/h3>\n<p>&nbsp;<\/p>\n<p>A Ag\u00eancia Nacional de Energia El\u00e9trica (Aneel) calcula que a conta de luz dos brasileiros deve subir, em m\u00e9dia, 5,6% em 2024, segundo afirmou o diretor-geral da ag\u00eancia, Sandoval Feitosa.<\/p>\n<p>A proje\u00e7\u00e3o para os reajustes m\u00e9dios deste ano supera as estimativas de mercado para infla\u00e7\u00e3o (3,86%) captada no \u00faltimo boletim Focus, divulgado semanalmente pelo Banco Central (BC).<\/p>\n<p><img fetchpriority=\"high\" decoding=\"async\" class=\"size-medium aligncenter\" src=\"https:\/\/obeabadosertao.com.br\/filerun\/wl\/?id=p3YBBWfJb6ZsbTEWl9PJ2K2Aa6nKr1Ax\" width=\"700\" height=\"500\" \/><\/p>\n<p>Em 2023, a Aneel, que reajusta anualmente as tarifas de energia, havia estimado um aumento m\u00e9dio de 6,8% nas tarifas das distribuidoras. Contudo, o aumento efetivo foi de 5,9%.<\/p>\n<p>Al\u00e9m da infla\u00e7\u00e3o no per\u00edodo, os reajustes levam em considera\u00e7\u00e3o fatores como o custo da gera\u00e7\u00e3o e transmiss\u00e3o de energia, encargos setoriais e custos pr\u00f3prios da opera\u00e7\u00e3o da distribuidora.<\/p>\n<p>Presidente da Frente Nacional dos Consumidores de Energia, Luiz Eduardo Barata, explicou em entrevista recente que quase 40% do valor pago com energia el\u00e9trica no Pa\u00eds \u00e9 voltado a tributos, encargos e perdas.<\/p>\n<p><img decoding=\"async\" class=\"size-medium aligncenter\" src=\"https:\/\/obeabadosertao.com.br\/filerun\/wl\/?id=uKEY2VoHJXTefDNXWT8M9nMva1QIq2kL\" width=\"700\" height=\"500\" \/><\/p>\n<p>Os c\u00e1lculos t\u00e9cnicos da Frente indicam um total de 515,86 Terawatt-hora (TWh) consumidos at\u00e9 o dia 31 de dezembro de 2023.<\/p>\n<p>Do total de R$ 342,8 bilh\u00f5es a serem pagos, 61,40% (R$ 210,6 bi) deve ser voltado a gastos com energia, transmiss\u00e3o, distribui\u00e7\u00e3o e ilumina\u00e7\u00e3o p\u00fablica.<\/p>\n<p>J\u00e1 os outros 38,60% (R$ 132,2 bi) correspondentes a custos com perda t\u00e9cnica, furto de energia, tributos e encargos.<\/p>\n<p>&nbsp;<\/p>\n<p>&nbsp;<\/p>\n<p>&nbsp;<\/p>\n<p><img decoding=\"async\" class=\"size-medium aligncenter\" src=\"https:\/\/obeabadosertao.com.br\/filerun\/wl\/?id=AuK2vKCjwKXmtWBzGNNpD2GN359EppUo\" width=\"700\" height=\"500\" \/><\/p>\n","protected":false},"excerpt":{"rendered":"<p>Tempo de leitura: 1 minutoEstimativa est\u00e1 acima da infla\u00e7\u00e3o projetada para o per\u00edodo, de 3,87%. &nbsp; A Ag\u00eancia Nacional de [&hellip;]<\/p>\n","protected":false},"author":1,"featured_media":19095,"comment_status":"open","ping_status":"open","sticky":false,"template":"","format":"standard","meta":[],"categories":[48,4,6],"tags":[13061,201,744,3408,9,5304,5072,20359,20360,20358],"amp_enabled":true,"_links":{"self":[{"href":"https:\/\/obeabadosertao.com.br\/portal\/wp-json\/wp\/v2\/posts\/19093"}],"collection":[{"href":"https:\/\/obeabadosertao.com.br\/portal\/wp-json\/wp\/v2\/posts"}],"about":[{"href":"https:\/\/obeabadosertao.com.br\/portal\/wp-json\/wp\/v2\/types\/post"}],"author":[{"embeddable":true,"href":"https:\/\/obeabadosertao.com.br\/portal\/wp-json\/wp\/v2\/users\/1"}],"replies":[{"embeddable":true,"href":"https:\/\/obeabadosertao.com.br\/portal\/wp-json\/wp\/v2\/comments?post=19093"}],"version-history":[{"count":2,"href":"https:\/\/obeabadosertao.com.br\/portal\/wp-json\/wp\/v2\/posts\/19093\/revisions"}],"predecessor-version":[{"id":19096,"href":"https:\/\/obeabadosertao.com.br\/portal\/wp-json\/wp\/v2\/posts\/19093\/revisions\/19096"}],"wp:featuredmedia":[{"embeddable":true,"href":"https:\/\/obeabadosertao.com.br\/portal\/wp-json\/wp\/v2\/media\/19095"}],"wp:attachment":[{"href":"https:\/\/obeabadosertao.com.br\/portal\/wp-json\/wp\/v2\/media?parent=19093"}],"wp:term":[{"taxonomy":"category","embeddable":true,"href":"https:\/\/obeabadosertao.com.br\/portal\/wp-json\/wp\/v2\/categories?post=19093"},{"taxonomy":"post_tag","embeddable":true,"href":"https:\/\/obeabadosertao.com.br\/portal\/wp-json\/wp\/v2\/tags?post=19093"}],"curies":[{"name":"wp","href":"https:\/\/api.w.org\/{rel}","templated":true}]}}