{"id":19107,"date":"2024-01-31T08:26:44","date_gmt":"2024-01-31T11:26:44","guid":{"rendered":"https:\/\/obeabadosertao.com.br\/portal\/?p=19107"},"modified":"2024-01-25T16:43:35","modified_gmt":"2024-01-25T19:43:35","slug":"nova-portaria-que-regula-o-trabalho-no-comercio-entra-em-vigor-apos-carnaval","status":"publish","type":"post","link":"https:\/\/obeabadosertao.com.br\/portal\/2024\/01\/31\/nova-portaria-que-regula-o-trabalho-no-comercio-entra-em-vigor-apos-carnaval\/","title":{"rendered":"Nova portaria que regula o trabalho no com\u00e9rcio entra em vigor ap\u00f3s Carnaval"},"content":{"rendered":"<div id=\"tt-temp-estim\">Tempo de leitura: 2 minutos<\/div><h3><span style=\"color: #000080;\"><strong><em>Novo regramento dever\u00e1 ser publicado no dia 19 de fevereiro e corrige uma inconformidade contida na Portaria n\u00ba 671\/2021, que liberou o trabalho aos feriados sem a negocia\u00e7\u00e3o coletiva.<\/em><\/strong><\/span><\/h3>\n<p>&nbsp;<\/p>\n<p>O ministro do Trabalho e Emprego (MTE), Luiz Marinho, juntamente a representantes de entidades de trabalhadores e empregadores que comp\u00f5e a Mesa Nacional de Negocia\u00e7\u00e3o anunciaram nesta quarta-feira (24Janeiro202) o fechamento de acordo para a regula\u00e7\u00e3o do trabalho no com\u00e9rcio aos feriados.<\/p>\n<p>A nova portaria, que est\u00e1 em reda\u00e7\u00e3o final, dever\u00e1 ser publicada depois do Carnaval, no dia 19 de fevereiro.<\/p>\n<div style=\"width: 710px\" class=\"wp-caption aligncenter\"><img fetchpriority=\"high\" decoding=\"async\" src=\"https:\/\/obeabadosertao.com.br\/filerun\/wl\/?id=0yNV2LnBiZ6SOR7u7UQji8lnie4LTwJr\" alt=\"\" width=\"700\" height=\"500\" \/><p class=\"wp-caption-text\"><span style=\"color: #000080;\"><strong>Luiz Marinho<\/strong>, Ministro do Trabalho e Emprego (MTE).<\/span><\/p><\/div>\n<p>A decis\u00e3o \u00e9 resultado de ampla negocia\u00e7\u00e3o das partes reunidas da Mesa Nacional, criada para discuss\u00e3o com as entidades patronais e de trabalhadores para negocia\u00e7\u00f5es sobre como essa determina\u00e7\u00e3o da Lei ser\u00e1 regulamentada.<\/p>\n<div style=\"width: 710px\" class=\"wp-caption aligncenter\"><img decoding=\"async\" src=\"https:\/\/obeabadosertao.com.br\/filerun\/wl\/?id=SCL4a83odZ4JKuy1VzcieuUEVnW27mcM\" alt=\"\" width=\"700\" height=\"500\" \/><p class=\"wp-caption-text\"><span style=\"color: #000080;\">A nova portaria, que est\u00e1 em reda\u00e7\u00e3o final, dever\u00e1 ser publicada depois do Carnaval.<\/span><\/p><\/div>\n<p>A Portaria n\u00ba 3.665\/2023 corrige uma ilegalidade contida na Portaria n\u00ba 671\/2021, que liberou o trabalho aos feriados sem a negocia\u00e7\u00e3o coletiva, e que confirma o que diz a Lei n\u00ba 10.101\/2000, que regulamentou o trabalho no com\u00e9rcio em geral.<\/p>\n<p>\u201c<em>N\u00f3s n\u00e3o estamos falando de eliminar atividades, estamos tratando de estabelecer a necessidade de negocia\u00e7\u00e3o coletiva e as partes envolvidas est\u00e3o plenamente de acordo<\/em>\u201d, explicou Marinho.<\/p>\n<div style=\"width: 710px\" class=\"wp-caption aligncenter\"><img decoding=\"async\" src=\"https:\/\/obeabadosertao.com.br\/filerun\/wl\/?id=r8EdkaMAMRPICZ9ecmFnpnlaIelrHNwV\" alt=\"\" width=\"700\" height=\"500\" \/><p class=\"wp-caption-text\"><span style=\"color: #000080;\"><strong>Julimar Roberto de Oliveira Nonato<\/strong>, comerci\u00e1rio do Distrito Federal, \u00e9 o Presidente da Confedera\u00e7\u00e3o Nacional dos Trabalhadores no Com\u00e9rcio e Servi\u00e7os (Contracs).<\/span><\/p><\/div>\n<p>De acordo com Julimar Roberto, presidente da Confedera\u00e7\u00e3o Nacional dos Trabalhadores no Com\u00e9rcio e Servi\u00e7os (Contracs), \u00f3rg\u00e3o ligado \u00e0 CUT, ser\u00e1 publicado um anexo junto com a portaria indicando quais setores poder\u00e3o funcionar independentemente da negocia\u00e7\u00e3o coletiva, como postos de gasolina e farm\u00e1cias.<\/p>\n<p>\u201c<em>Existem alguns tipos de trabalhos que precisam funcionar por conta do atendimento \u00e0 popula\u00e7\u00e3o exemplo, que pode salvar a vida de uma pessoa. \u00c9 primordial<\/em>\u201d, afirmou.<\/p>\n<div style=\"width: 710px\" class=\"wp-caption aligncenter\"><img loading=\"lazy\" decoding=\"async\" src=\"https:\/\/obeabadosertao.com.br\/filerun\/wl\/?id=EW1WmREBY25aExD22yxTzsuo8OU75bW0\" alt=\"\" width=\"700\" height=\"500\" \/><p class=\"wp-caption-text\"><span style=\"color: #000080;\"><strong>Ivo Dall Acqua J\u00fanior<\/strong>, do FecomercioSP, representante da Confedera\u00e7\u00e3o Nacional do Com\u00e9rcio de Bens, Servi\u00e7os e Turismo (CNC) no Conselho Nacional do Trabalho.<\/span><\/p><\/div>\n<p>Segundo Ivo Dall&#8217;Acqua, da Confedera\u00e7\u00e3o Nacional do Com\u00e9rcio (CNC), a lista de exce\u00e7\u00f5es deve passar de 200. \u201c<em>A lei n\u00e3o contempla bares e restaurantes, que s\u00e3o do grupo de turismo e hospitalidade<\/em>\u201d, explicou Dall&#8217;Acqua.<\/p>\n<p>Segundo ele, a portaria estabelecer\u00e1 categorias que poder\u00e3o funcionar sete dias da semana, como hot\u00e9is e outras atividades. \u201c<em>A lei diz respeito \u00e0 parte do com\u00e9rcio que cuida do atacado e varejo, com\u00e9rcio de mercadorias, compra e vendas<\/em>\u201d, avaliou ele.<\/p>\n<p>&nbsp;<\/p>\n<p>&nbsp;<\/p>\n<p>&nbsp;<\/p>\n<p>&nbsp;<\/p>\n","protected":false},"excerpt":{"rendered":"<p>Tempo de leitura: 2 minutosNovo regramento dever\u00e1 ser publicado no dia 19 de fevereiro e corrige uma inconformidade contida na [&hellip;]<\/p>\n","protected":false},"author":1,"featured_media":19111,"comment_status":"open","ping_status":"open","sticky":false,"template":"","format":"standard","meta":[],"categories":[48,4,6],"tags":[1443,1444,20382,20383,20384,20391,20390,20387,8548,20388,20389,11079,8857,20381,20393,20392,20385,20386],"amp_enabled":true,"_links":{"self":[{"href":"https:\/\/obeabadosertao.com.br\/portal\/wp-json\/wp\/v2\/posts\/19107"}],"collection":[{"href":"https:\/\/obeabadosertao.com.br\/portal\/wp-json\/wp\/v2\/posts"}],"about":[{"href":"https:\/\/obeabadosertao.com.br\/portal\/wp-json\/wp\/v2\/types\/post"}],"author":[{"embeddable":true,"href":"https:\/\/obeabadosertao.com.br\/portal\/wp-json\/wp\/v2\/users\/1"}],"replies":[{"embeddable":true,"href":"https:\/\/obeabadosertao.com.br\/portal\/wp-json\/wp\/v2\/comments?post=19107"}],"version-history":[{"count":3,"href":"https:\/\/obeabadosertao.com.br\/portal\/wp-json\/wp\/v2\/posts\/19107\/revisions"}],"predecessor-version":[{"id":19110,"href":"https:\/\/obeabadosertao.com.br\/portal\/wp-json\/wp\/v2\/posts\/19107\/revisions\/19110"}],"wp:featuredmedia":[{"embeddable":true,"href":"https:\/\/obeabadosertao.com.br\/portal\/wp-json\/wp\/v2\/media\/19111"}],"wp:attachment":[{"href":"https:\/\/obeabadosertao.com.br\/portal\/wp-json\/wp\/v2\/media?parent=19107"}],"wp:term":[{"taxonomy":"category","embeddable":true,"href":"https:\/\/obeabadosertao.com.br\/portal\/wp-json\/wp\/v2\/categories?post=19107"},{"taxonomy":"post_tag","embeddable":true,"href":"https:\/\/obeabadosertao.com.br\/portal\/wp-json\/wp\/v2\/tags?post=19107"}],"curies":[{"name":"wp","href":"https:\/\/api.w.org\/{rel}","templated":true}]}}