{"id":19167,"date":"2024-02-08T17:25:30","date_gmt":"2024-02-08T20:25:30","guid":{"rendered":"https:\/\/obeabadosertao.com.br\/portal\/?p=19167"},"modified":"2024-02-08T13:54:23","modified_gmt":"2024-02-08T16:54:23","slug":"correicao-cgu-aplica-demissao-a-ex-ministro-da-educacao-por-inassiduidade-habitual","status":"publish","type":"post","link":"https:\/\/obeabadosertao.com.br\/portal\/2024\/02\/08\/correicao-cgu-aplica-demissao-a-ex-ministro-da-educacao-por-inassiduidade-habitual\/","title":{"rendered":"Correi\u00e7\u00e3o: CGU aplica demiss\u00e3o a ex-ministro da Educa\u00e7\u00e3o por inassiduidade habitual"},"content":{"rendered":"<div id=\"tt-temp-estim\">Tempo de leitura: 1 minuto<\/div><h3><span style=\"color: #000080;\"><strong><em>Abraham Weintraub foi demitido do cargo de professor do Magist\u00e9rio Superior da Universidade Federal de S\u00e3o Paulo por faltas n\u00e3o justificadas ao servi\u00e7o.<\/em><\/strong><\/span><\/h3>\n<p>&nbsp;<\/p>\n<p>A Controladoria-Geral da Uni\u00e3o (CGU) aplicou a san\u00e7\u00e3o de demiss\u00e3o a Abraham Weintraub, ex-ministro da Educa\u00e7\u00e3o, em raz\u00e3o de inassiduidade habitual.<\/p>\n<p>A penalidade decorreu de Processo Administrativo Disciplinar (PAD) instaurado com base na Lei n\u00ba 8.112\/1990.<\/p>\n<div style=\"width: 710px\" class=\"wp-caption aligncenter\"><img fetchpriority=\"high\" decoding=\"async\" src=\"https:\/\/obeabadosertao.com.br\/filerun\/wl\/?id=r2iO1vHelltu9uIypnwext83n11Bmt2D\" alt=\"\" width=\"700\" height=\"500\" \/><p class=\"wp-caption-text\"><span style=\"color: #000080;\">Controladoria-Geral da Uni\u00e3o <strong>(CGU)<\/strong> em Bras\u00edlia (DF).<\/span><\/p><\/div>\n<p>A decis\u00e3o expuls\u00f3ria est\u00e1 publicada no Di\u00e1rio Oficial da Uni\u00e3o (DOU) desta quarta-feira (07Fevereiro2024).<\/p>\n<p>No PAD, que garantiu o direito \u00e0 ampla defesa e ao contradit\u00f3rio, foram comprovadas 218 faltas n\u00e3o justificadas ao servi\u00e7o na Universidade Federal de S\u00e3o Paulo (Unifesp), do qual ocupava o cargo de professor do Magist\u00e9rio Superior, no per\u00edodo de outubro de 2022 a setembro de 2023.<\/p>\n<div style=\"width: 710px\" class=\"wp-caption aligncenter\"><img decoding=\"async\" src=\"https:\/\/obeabadosertao.com.br\/filerun\/wl\/?id=N7O2DE4mkicymtpjqNVqfolzeVrqum71\" alt=\"\" width=\"700\" height=\"500\" \/><p class=\"wp-caption-text\"><span style=\"color: #000080;\"><strong>Abraham<\/strong> Bragan\u00e7a de Vasconcellos <strong>Weintraub<\/strong> \u00e9 um economista, ex-professor e pol\u00edtico brasileiro, filiado ao Partido da Mulher Brasileira e ex-docente da Universidade Federal de S\u00e3o Paulo.<\/span><\/p><\/div>\n<p>Como decorr\u00eancia da penalidade, Abraham Weintraub fica ineleg\u00edvel pelo prazo de oito anos, conforme previsto no artigo 1\u00ba, inciso I, al\u00ednea &#8220;o&#8221;, da Lei Complementar n\u00ba 64\/1990.<\/p>\n","protected":false},"excerpt":{"rendered":"<p>Tempo de leitura: 1 minutoAbraham Weintraub foi demitido do cargo de professor do Magist\u00e9rio Superior da Universidade Federal de S\u00e3o [&hellip;]<\/p>\n","protected":false},"author":1,"featured_media":19169,"comment_status":"open","ping_status":"open","sticky":false,"template":"","format":"standard","meta":[],"categories":[48,4,6],"tags":[20563,3159,3161,20566,312,1510,20568,20567,20565,5395,5394,20569,20564,13288],"amp_enabled":true,"_links":{"self":[{"href":"https:\/\/obeabadosertao.com.br\/portal\/wp-json\/wp\/v2\/posts\/19167"}],"collection":[{"href":"https:\/\/obeabadosertao.com.br\/portal\/wp-json\/wp\/v2\/posts"}],"about":[{"href":"https:\/\/obeabadosertao.com.br\/portal\/wp-json\/wp\/v2\/types\/post"}],"author":[{"embeddable":true,"href":"https:\/\/obeabadosertao.com.br\/portal\/wp-json\/wp\/v2\/users\/1"}],"replies":[{"embeddable":true,"href":"https:\/\/obeabadosertao.com.br\/portal\/wp-json\/wp\/v2\/comments?post=19167"}],"version-history":[{"count":1,"href":"https:\/\/obeabadosertao.com.br\/portal\/wp-json\/wp\/v2\/posts\/19167\/revisions"}],"predecessor-version":[{"id":19168,"href":"https:\/\/obeabadosertao.com.br\/portal\/wp-json\/wp\/v2\/posts\/19167\/revisions\/19168"}],"wp:featuredmedia":[{"embeddable":true,"href":"https:\/\/obeabadosertao.com.br\/portal\/wp-json\/wp\/v2\/media\/19169"}],"wp:attachment":[{"href":"https:\/\/obeabadosertao.com.br\/portal\/wp-json\/wp\/v2\/media?parent=19167"}],"wp:term":[{"taxonomy":"category","embeddable":true,"href":"https:\/\/obeabadosertao.com.br\/portal\/wp-json\/wp\/v2\/categories?post=19167"},{"taxonomy":"post_tag","embeddable":true,"href":"https:\/\/obeabadosertao.com.br\/portal\/wp-json\/wp\/v2\/tags?post=19167"}],"curies":[{"name":"wp","href":"https:\/\/api.w.org\/{rel}","templated":true}]}}