{"id":19174,"date":"2024-02-08T19:40:59","date_gmt":"2024-02-08T22:40:59","guid":{"rendered":"https:\/\/obeabadosertao.com.br\/portal\/?p=19174"},"modified":"2024-02-09T10:13:32","modified_gmt":"2024-02-09T13:13:32","slug":"concurso-nacional-unificado-conheca-as-alteracoes-feitas-nos-editais","status":"publish","type":"post","link":"https:\/\/obeabadosertao.com.br\/portal\/2024\/02\/08\/concurso-nacional-unificado-conheca-as-alteracoes-feitas-nos-editais\/","title":{"rendered":"Concurso Nacional Unificado: conhe\u00e7a as altera\u00e7\u00f5es feitas nos editais"},"content":{"rendered":"<div id=\"tt-temp-estim\">Tempo de leitura: 8 minutos<\/div><h3><span style=\"color: #000080;\"><em>Entre outras mudan\u00e7as, h\u00e1 retifica\u00e7\u00f5es relacionadas \u00e0s reservas para pessoas com defici\u00eancia, \u00e0s provas discursivas de pessoas negras e \u00e0s forma\u00e7\u00f5es exigidas alguns cargos.<\/em><\/span><\/h3>\n<p>&nbsp;<\/p>\n<p>Os editais do Concurso P\u00fablico Nacional Unificado (CNPU) foram alterados, e os candidatos devem ler com aten\u00e7\u00e3o, j\u00e1 que h\u00e1 altera\u00e7\u00f5es pontuais. O Minist\u00e9rio da Gest\u00e3o e da Inova\u00e7\u00e3o em Servi\u00e7os P\u00fablicos (MGI) recomenda a leitura do pr\u00f3prio <strong><a href=\"https:\/\/www.in.gov.br\/en\/web\/dou\/-\/editalretificacao-do-edital-542190758\">edital de retifica\u00e7\u00e3o<\/a><\/strong>.<\/p>\n<p><strong><a href=\"https:\/\/www.in.gov.br\/en\/web\/dou\/-\/editalretificacao-do-edital-542190758\">Edital de retifica\u00e7\u00e3o nos editais do Concurso P\u00fablico Nacional Unificado (CPNU) foi publicado no Di\u00e1rio Oficial da Uni\u00e3o desta quinta-feira (08Fevereiro2024).<\/a><\/strong><\/p>\n<p><img fetchpriority=\"high\" decoding=\"async\" class=\"size-medium aligncenter\" src=\"https:\/\/obeabadosertao.com.br\/filerun\/wl\/?id=34I9aB7zLs3VIVdkNtQCNrzAGpFMn3UR\" width=\"700\" height=\"500\" \/><\/p>\n<p>As regras previstas nos editais do CPNU foram retificadas para evitar ambiguidades, corrigir informa\u00e7\u00f5es imprecisas e garantir a observ\u00e2ncia dos princ\u00edpios constitucionais da isonomia, da legalidade, impessoalidade, moralidade, publicidade, efici\u00eancia, efic\u00e1cia e efetividade na sele\u00e7\u00e3o de agentes p\u00fablicos para ingresso no servi\u00e7o p\u00fablico.<\/p>\n<p>Al\u00e9m disso, busca-se ampliar as oportunidades de participa\u00e7\u00e3o no concurso, potencializando as chances de sele\u00e7\u00e3o de profissionais aptos ao exerc\u00edcio das atribui\u00e7\u00f5es.<\/p>\n<p>Entre as altera\u00e7\u00f5es, est\u00e3o as relacionadas a exclus\u00e3o de al\u00edneas e subitens, al\u00e9m de inclus\u00f5es, substitui\u00e7\u00f5es e complementa\u00e7\u00f5es; provas de t\u00edtulos; especialidade de cargos; exig\u00eancias de registro em conselho profissional; acr\u00e9scimo de cursos e modalidades aceitas na forma\u00e7\u00e3o exigida; curso de forma\u00e7\u00e3o; regras para apresenta\u00e7\u00e3o de documenta\u00e7\u00e3o caracterizadora da defici\u00eancia; quantitativo de candidatos \u00e0s vagas reservadas \u00e0s pessoas negras considerados aprovados na prova discursiva; e carateriza\u00e7\u00e3o de pessoa com defici\u00eancia (PcD).<\/p>\n<h2><span style=\"color: #000080;\"><strong>Vagas reservadas \u00e0s pessoas com defici\u00eancias (PcD)<\/strong><\/span><\/h2>\n<p>Nos oito editais, foram feitas altera\u00e7\u00f5es referentes \u00e0s vagas reservadas \u00e0s pessoas com defici\u00eancia (PcD) e \u00e0 respectiva avalia\u00e7\u00e3o da equipe multiprofissional.<\/p>\n<p>&nbsp;<\/p>\n<p>A apresenta\u00e7\u00e3o de documenta\u00e7\u00e3o caracterizadora de defici\u00eancia foi ampliada, da restri\u00e7\u00e3o de laudo exclusivamente m\u00e9dico, passando a abranger relat\u00f3rio que pode ser emitido por outros profissionais da \u00e1rea da sa\u00fade, como fisioterapeuta, fonoaudi\u00f3logo, terapeuta ocupacional e\/ou psic\u00f3logo, desde que inscritos no respectivo Conselho Regional.<\/p>\n<p>O modelo de documento caracterizador de defici\u00eancia, que antes era exclusivo para a inscri\u00e7\u00e3o e avalia\u00e7\u00e3o da equipe multiprofissional, passa a ser preferencial. Para os candidatos a essa reserva, a leitura da retifica\u00e7\u00e3o \u00e9 imprescind\u00edvel.<\/p>\n<h2><span style=\"color: #000080;\"><strong>Prova discursiva dos candidatos \u00e0s vagas reservadas \u00e0s pessoas negras<\/strong><\/span><\/h2>\n<p>Tamb\u00e9m abrangendo os oito editais, o n\u00famero de candidatos \u00e0s vagas reservadas \u00e0s pessoas negras que ter\u00e1 as provas discursivas corrigidas ser\u00e1 igual ao n\u00famero de candidatos da ampla concorr\u00eancia, desde que atinjam a nota m\u00ednima nas provas objetivas. A altera\u00e7\u00e3o est\u00e1 em conson\u00e2ncia com a <strong><a href=\"https:\/\/www.in.gov.br\/en\/web\/dou\/-\/instrucao-normativa-mgi-n-23-de-25-de-julho-de-2023-499276293\">Instru\u00e7\u00e3o Normativa MGI n\u00b0 23\/2023<\/a><\/strong>, que disciplina a aplica\u00e7\u00e3o da reserva de vagas para pessoas negras em concursos p\u00fablicos em geral.<\/p>\n<p><img decoding=\"async\" class=\"size-medium aligncenter\" src=\"https:\/\/obeabadosertao.com.br\/filerun\/wl\/?id=N0LiURAUYJW6jWpwLGuzxuoHmJy26D8M\" width=\"700\" height=\"500\" \/><\/p>\n<p><strong>Confira as altera\u00e7\u00f5es por edital, isto \u00e9, em cada um dos oito blocos tem\u00e1ticos.<\/strong><\/p>\n<h2><strong><span style=\"color: #000080;\">Bloco 1 &#8211; Infraestrutura, Exatas e Engenharias<\/span><\/strong><\/h2>\n<p>Foram ampliadas as possibilidades de forma\u00e7\u00e3o exigida para dois cargos do Instituto Brasileiro de Geografia e Estat\u00edstica (IBGE): Analista de Planejamento, Gest\u00e3o e Infraestrutura em Informa\u00e7\u00f5es Geogr\u00e1ficas e Estat\u00edsticas, especialidade Geoprocessamento; e Tecnologista em Informa\u00e7\u00f5es Geogr\u00e1ficas e Estat\u00edsticas, especialidade Geoprocessamento.<\/p>\n<h2><strong><span style=\"color: #000080;\">Bloco 2 &#8211; Tecnologia, Dados e Informa\u00e7\u00e3o<\/span><\/strong><\/h2>\n<p>Foi alterada a forma\u00e7\u00e3o exigida para o cargo de Estat\u00edstico do Minist\u00e9rio da Gest\u00e3o e da Inova\u00e7\u00e3o em Servi\u00e7os P\u00fablicos (MGI). O item 1.7 do conte\u00fado program\u00e1tico do eixo tem\u00e1tico n\u00famero 3 tamb\u00e9m foi alterado.<\/p>\n<p><img decoding=\"async\" class=\"size-medium aligncenter\" src=\"https:\/\/obeabadosertao.com.br\/filerun\/wl\/?id=sPWZ2EzmhAGtF9txRW4sdXcoYFfGSeL3\" width=\"700\" height=\"500\" \/><\/p>\n<p>O cargo de Especialista em Pol\u00edticas P\u00fablicas e Gest\u00e3o Governamental (EPPGG) passa ter novo quadro de atribui\u00e7\u00e3o de pontos por avalia\u00e7\u00e3o de t\u00edtulos.<\/p>\n<h2><strong><span style=\"color: #000080;\">Bloco 3 &#8211; Ambiental, Agr\u00e1rio e Biol\u00f3gicas<\/span><\/strong><\/h2>\n<p>O cargo de EPPGG passa a ter por especialidade \u201c<em>qualquer \u00e1rea de forma\u00e7\u00e3o<\/em>\u201d. Foram ampliadas as forma\u00e7\u00f5es exigidas para os cargos de Tecnologista em Informa\u00e7\u00f5es Geogr\u00e1ficas e Estat\u00edsticas, especialidade An\u00e1lise Ambiental; e de Tecnologista em Informa\u00e7\u00f5es Geogr\u00e1ficas e Estat\u00edstica, especialidade Geografia, ambos do IBGE.<\/p>\n<p><img loading=\"lazy\" decoding=\"async\" class=\"size-medium aligncenter\" src=\"https:\/\/obeabadosertao.com.br\/filerun\/wl\/?id=OMAXucNi6zBNIfPRSv52187wzUwAQbSn\" width=\"700\" height=\"500\" \/><\/p>\n<p>As vagas de EPPGG previstas para o bloco 3 tamb\u00e9m tiveram o quadro de atribui\u00e7\u00e3o de pontos para a avalia\u00e7\u00e3o de t\u00edtulos alterado.<\/p>\n<h2><span style=\"color: #000080;\"><strong>Bloco 4 &#8211; Trabalho e Sa\u00fade do Servidor<\/strong><\/span><\/h2>\n<p>A forma\u00e7\u00e3o exigida para o cargo de Psic\u00f3logo do MGI foi alterada. Mais uma vez, foi modificado o quadro de atribui\u00e7\u00e3o de pontos para a avalia\u00e7\u00e3o de t\u00edtulos referente \u00e0s vagas de EPPGG do bloco.<\/p>\n<p><img loading=\"lazy\" decoding=\"async\" class=\"size-medium aligncenter\" src=\"https:\/\/obeabadosertao.com.br\/filerun\/wl\/?id=Flq3Cuj1fTO6mrfWyF3ZCyJE5bzhTbpj\" width=\"700\" height=\"500\" \/><\/p>\n<h2><strong><span style=\"color: #000080;\">Bloco 5 &#8211; Educa\u00e7\u00e3o, Sa\u00fade, Desenvolvimento Social e Direitos Humanos<\/span><\/strong><\/h2>\n<p>A terceira etapa do concurso passar a estar prevista para o cargo de Analista T\u00e9cnico de Pol\u00edticas Sociais.<\/p>\n<p>O cargo da Funda\u00e7\u00e3o Nacional dos Povos Ind\u00edgenas (FUNAI) de Especialista em Indigenismo, especialidade Antropologia, passar a ter como forma\u00e7\u00e3o exigida o certificado de conclus\u00e3o ou diploma, devidamente registrado em Antropologia, ou em Ci\u00eancias Sociais com habilita\u00e7\u00e3o em Antropologia, ou qualquer outro de gradua\u00e7\u00e3o de n\u00edvel superior com p\u00f3s-gradua\u00e7\u00e3o em Antropologia, fornecido por institui\u00e7\u00e3o de ensino credenciada pelo \u00f3rg\u00e3o competente.<\/p>\n<p><img loading=\"lazy\" decoding=\"async\" class=\"size-medium aligncenter\" src=\"https:\/\/obeabadosertao.com.br\/filerun\/wl\/?id=mRlOPbaMEO8i45csikXXF90Bf874Utld\" width=\"700\" height=\"500\" \/><\/p>\n<p>Qualquer \u00e1rea de conhecimento, no cargo de Especialista em Indigenismo da FUNAI, passar a ser a especialidade, antes prevista como indigenismo.<\/p>\n<p>Os locais de exerc\u00edcio do cargo de Especialista em Indigenismo, especialidade Assist\u00eancia Social, foram ampliados para Acre, Amazonas, Par\u00e1, Mato Grosso, Mato Grosso do Sul, Roraima, Rond\u00f4nia, Bras\u00edlia\/DF, Rio de Janeiro\/RJ. J\u00e1 os Especialistas em Indigenismo, especialidade Pedagogia, que tiveram a forma\u00e7\u00e3o exigida modificada, ser\u00e3o lotados na capital federal.<\/p>\n<p><img loading=\"lazy\" decoding=\"async\" class=\"size-medium aligncenter\" src=\"https:\/\/obeabadosertao.com.br\/filerun\/wl\/?id=9lZC4XzSy6DTfzsYclSv5RfED2LegfXk\" width=\"700\" height=\"500\" \/><\/p>\n<p>Para o cargo de Pesquisador em Informa\u00e7\u00f5es Geogr\u00e1ficas e Estat\u00edsticas, especialidade Demografia, do IBGE, foram ampliadas as possibilidades de forma\u00e7\u00e3o exigida, bem como alterada a tabela remunerat\u00f3ria.<\/p>\n<p>As op\u00e7\u00f5es de forma\u00e7\u00e3o exigida tamb\u00e9m foram ampliadas para o cargo do IBGE de Tecnologista em Informa\u00e7\u00f5es Geogr\u00e1ficas e Estat\u00edsticas, especialidade Demografia.<\/p>\n<p><img loading=\"lazy\" decoding=\"async\" class=\"size-medium aligncenter\" src=\"https:\/\/obeabadosertao.com.br\/filerun\/wl\/?id=GX6Q2NK11HAukKFYl1XEViBDA5qqY6Ix\" width=\"700\" height=\"500\" \/><\/p>\n<p>As vagas de EPGG do bloco 5 contam com novo quadro de atribui\u00e7\u00e3o de pontos para avalia\u00e7\u00e3o de t\u00edtulos.<\/p>\n<h2><span style=\"color: #000080;\">Bloco 6 &#8211; Setores Econ\u00f4micos e Regula\u00e7\u00e3o<\/span><\/h2>\n<p>Foi alterada a forma\u00e7\u00e3o exigida para o cargo de Economista, com vagas previstas para os minist\u00e9rios da Gest\u00e3o e da Inova\u00e7\u00e3o em Servi\u00e7os P\u00fablicos (MGI), do Planejamento e Or\u00e7amento (MPO) e do Desenvolvimento, Ind\u00fastria, Com\u00e9rcio e Servi\u00e7os (MDIC).<\/p>\n<p><img loading=\"lazy\" decoding=\"async\" class=\"size-medium aligncenter\" src=\"https:\/\/obeabadosertao.com.br\/filerun\/wl\/?id=NAELOARQ35vGlKH0bIcRNWob7IRoinVP\" width=\"700\" height=\"500\" \/><\/p>\n<p>EPPGGs contam com novo quadro de atribui\u00e7\u00e3o de pontos para avalia\u00e7\u00e3o de t\u00edtulos.<\/p>\n<h2><span style=\"color: #000080;\"><strong>Bloco 7 &#8211; Gest\u00e3o Governamental e Administra\u00e7\u00e3o P\u00fablica<\/strong><\/span><\/h2>\n<p>Foi alterada a forma\u00e7\u00e3o exigida para o cargo de Arquivista da Advocacia-Geral da Uni\u00e3o, bem como para o de Arquivista do MGI.<\/p>\n<p>Bras\u00edlia passar a ser o local de exerc\u00edcio para o cargo de Especialista em Indigenismo, especialidade Arquivologia, da FUNAI.<\/p>\n<p><img loading=\"lazy\" decoding=\"async\" class=\"size-medium aligncenter\" src=\"https:\/\/obeabadosertao.com.br\/filerun\/wl\/?id=q7wzzszHpJSD8N0Rtsrs4MDc41xrkhzx\" width=\"700\" height=\"500\" \/><\/p>\n<p>S\u00e3o locais de exerc\u00edcio do cargo de Tecnologista em Informa\u00e7\u00f5es Geogr\u00e1ficas e Estat\u00edsticas, do IBGE, Macei\u00f3\/AL, Manaus\/AM, Macap\u00e1\/AP, Goi\u00e2nia\/GO, S\u00e3o Lu\u00eds\/MA, Belo Horizonte\/MG, Campo Grande\/MS, Jo\u00e3o Pessoa\/PB, Recife\/PE, Curitiba\/PR, Rio de Janeiro\/RJ, Boa Vista\/RR, Porto Alegre\/RS, e Florian\u00f3polis\/SC.<\/p>\n<p>Assim como nas vagas previstas para o mesmo cargo nos demais blocos, EPPGGs contam com novo quadro de atribui\u00e7\u00e3o de pontos para avalia\u00e7\u00e3o de t\u00edtulos.<\/p>\n<h2><span style=\"color: #000080;\"><strong>Bloco 8 &#8211; N\u00edvel Intermedi\u00e1rio<\/strong><\/span><\/h2>\n<p>Foi exclu\u00eddo o item 7.1.1.1.2.1.3 do edital n\u00b0 8. T\u00e9cnicos em Informa\u00e7\u00f5es Geogr\u00e1ficas e Estat\u00edsticas, especialidade N\u00edvel M\u00e9dio, do IBGE, foram inclu\u00eddos nas provas de t\u00edtulos.<\/p>\n<p><img loading=\"lazy\" decoding=\"async\" class=\"size-medium aligncenter\" src=\"https:\/\/obeabadosertao.com.br\/filerun\/wl\/?id=6ZUygAek3YX8pZxpjNBAytifQBSrqQMp\" width=\"700\" height=\"500\" \/><\/p>\n<p>Por fim, foram alteradas as forma\u00e7\u00f5es exigidas para dois cargos do Minist\u00e9rio da Agricultura e Pecu\u00e1ria (MAPA): Agente de atividades agropecu\u00e1rias, especialidade e Curso T\u00e9cnico Agr\u00edcola com registro em Conselho de Classe; e Agente de inspe\u00e7\u00e3o sanit\u00e1ria e industrial de produtos de origem animal, Curso T\u00e9cnico Agr\u00edcola com registro em Conselho de Classe.<\/p>\n<p><strong>Para acessar todas as retifica\u00e7\u00f5es, leia o pr\u00f3prio edital:<\/strong><\/p>\n<p><strong><a href=\"https:\/\/www.in.gov.br\/en\/web\/dou\/-\/editalretificacao-do-edital-542190758\">Edital de retifica\u00e7\u00e3o CPNU publicado no DOU de 26\/01\/2024<\/a><\/strong><\/p>\n<h2><span style=\"color: #000080;\"><strong>CPNU<\/strong><\/span><\/h2>\n<p>O \u201c<em>Enem dos concursos<\/em>\u201d vai selecionar, de uma s\u00f3 vez, 6.640 servidores para 21 \u00f3rg\u00e3os p\u00fablicos federais (\u00f3rg\u00e3os e das entidades da Administra\u00e7\u00e3o P\u00fablica Federal direta, aut\u00e1rquica e fundacional).<\/p>\n<p>As inscri\u00e7\u00f5es est\u00e3o abertas entre 19 de janeiro e 9 de fevereiro. A prova do dia 5 de maio ser\u00e1 aplicada em\u202f220 cidades, localizadas em todas as Unidades da Federa\u00e7\u00e3o, com quest\u00f5es objetivas espec\u00edficas e dissertativas, por \u00e1rea de atua\u00e7\u00e3o.<\/p>\n<p><img loading=\"lazy\" decoding=\"async\" class=\"size-medium aligncenter\" src=\"https:\/\/obeabadosertao.com.br\/filerun\/wl\/?id=K2OdX5z4frV3a2GChOz5e2TlFQigBBVH\" width=\"700\" height=\"500\" \/><\/p>\n<p>A divulga\u00e7\u00e3o dos resultados das provas objetivas e preliminares das provas discursivas e reda\u00e7\u00f5es ser\u00e1 realizada em 3 de junho. Os resultados finais ser\u00e3o anunciados em 30 de julho. Em 5 de agosto ter\u00e1 in\u00edcio a etapa de convoca\u00e7\u00e3o para posse e realiza\u00e7\u00e3o de cursos de forma\u00e7\u00e3o.<\/p>\n<p>O Minist\u00e9rio da Gest\u00e3o e da Inova\u00e7\u00e3o em Servi\u00e7os P\u00fablicos (MGI) destaca que a execu\u00e7\u00e3o do CPNU \u00e9 um dos instrumentos de reconstru\u00e7\u00e3o do Estado brasileiro, ao promover a recupera\u00e7\u00e3o das capacidades governamentais. O concurso, capilarizado e democr\u00e1tico, tamb\u00e9m mira na constru\u00e7\u00e3o de um servi\u00e7o p\u00fablico com a cara do Brasil.<\/p>\n<p><strong><a href=\"https:\/\/www.gov.br\/gestao\/pt-br\/concursonacional\">Acesse a p\u00e1gina do Concurso P\u00fablico Nacional Unificado<\/a><\/strong><\/p>\n<p><strong><a href=\"https:\/\/www.gov.br\/gestao\/pt-br\/concursonacional\/editais\">Acesse a se\u00e7\u00e3o\u202fde\u202fEditais e Retifica\u00e7\u00f5es na p\u00e1gina do Concurso P\u00fablico Nacional Unificado<\/a><\/strong><\/p>\n<p><a href=\"https:\/\/www.youtube.com\/playlist?list=PLyamWeGB05we4rR1NpKj7Oy-2vxZqZrYG\"><strong>Confira no canal do Minist\u00e9rio da Gest\u00e3o no Youtube , uma s\u00e9rie de v\u00eddeos de \u201ctira d\u00favidas\u201d sobre os editais do Concurso Nacional<\/strong><\/a><strong>.<\/strong><\/p>\n<p>&nbsp;<\/p>\n<p>&nbsp;<\/p>\n<p>&nbsp;<\/p>\n<p><img loading=\"lazy\" decoding=\"async\" class=\"size-medium aligncenter\" src=\"https:\/\/obeabadosertao.com.br\/filerun\/wl\/?id=AuK2vKCjwKXmtWBzGNNpD2GN359EppUo\" width=\"700\" height=\"500\" \/><\/p>\n","protected":false},"excerpt":{"rendered":"<p>Tempo de leitura: 8 minutosEntre outras mudan\u00e7as, h\u00e1 retifica\u00e7\u00f5es relacionadas \u00e0s reservas para pessoas com defici\u00eancia, \u00e0s provas discursivas de [&hellip;]<\/p>\n","protected":false},"author":1,"featured_media":19176,"comment_status":"open","ping_status":"open","sticky":false,"template":"","format":"standard","meta":[],"categories":[48,4,6],"tags":[3733,10921,20624,1996,7370,20613,20626,14611,14961,988,6015,19697,20609,3456,20615,312,4782,31,20634,20633,20632,19695,20617,20625,20618,3879,1462,20616,20620,14608,916,20629,20611,20636,3767,456,20628,20623,14614,6558,5248,5384,3732,18017,13034,10360,7956,20630,20627,20621,3730,1521,20610,14609,20631,9466,999,6921,7379,2728,2894,20635,20619,20612,20622,20614],"amp_enabled":true,"_links":{"self":[{"href":"https:\/\/obeabadosertao.com.br\/portal\/wp-json\/wp\/v2\/posts\/19174"}],"collection":[{"href":"https:\/\/obeabadosertao.com.br\/portal\/wp-json\/wp\/v2\/posts"}],"about":[{"href":"https:\/\/obeabadosertao.com.br\/portal\/wp-json\/wp\/v2\/types\/post"}],"author":[{"embeddable":true,"href":"https:\/\/obeabadosertao.com.br\/portal\/wp-json\/wp\/v2\/users\/1"}],"replies":[{"embeddable":true,"href":"https:\/\/obeabadosertao.com.br\/portal\/wp-json\/wp\/v2\/comments?post=19174"}],"version-history":[{"count":3,"href":"https:\/\/obeabadosertao.com.br\/portal\/wp-json\/wp\/v2\/posts\/19174\/revisions"}],"predecessor-version":[{"id":19182,"href":"https:\/\/obeabadosertao.com.br\/portal\/wp-json\/wp\/v2\/posts\/19174\/revisions\/19182"}],"wp:featuredmedia":[{"embeddable":true,"href":"https:\/\/obeabadosertao.com.br\/portal\/wp-json\/wp\/v2\/media\/19176"}],"wp:attachment":[{"href":"https:\/\/obeabadosertao.com.br\/portal\/wp-json\/wp\/v2\/media?parent=19174"}],"wp:term":[{"taxonomy":"category","embeddable":true,"href":"https:\/\/obeabadosertao.com.br\/portal\/wp-json\/wp\/v2\/categories?post=19174"},{"taxonomy":"post_tag","embeddable":true,"href":"https:\/\/obeabadosertao.com.br\/portal\/wp-json\/wp\/v2\/tags?post=19174"}],"curies":[{"name":"wp","href":"https:\/\/api.w.org\/{rel}","templated":true}]}}