{"id":19345,"date":"2024-03-10T08:26:59","date_gmt":"2024-03-10T11:26:59","guid":{"rendered":"https:\/\/obeabadosertao.com.br\/portal\/?p=19345"},"modified":"2024-03-08T14:23:50","modified_gmt":"2024-03-08T17:23:50","slug":"pf-defende-certidao-nacional-para-liberacao-de-armas-no-pais","status":"publish","type":"post","link":"https:\/\/obeabadosertao.com.br\/portal\/2024\/03\/10\/pf-defende-certidao-nacional-para-liberacao-de-armas-no-pais\/","title":{"rendered":"PF defende certid\u00e3o nacional para libera\u00e7\u00e3o de armas no pa\u00eds"},"content":{"rendered":"<div id=\"tt-temp-estim\">Tempo de leitura: 1 minuto<\/div><h3><span style=\"color: #000080;\"><em><strong>Documento mostraria os antecedentes criminais e seria usado na aquisi\u00e7\u00e3o de armas de fogo e porte de armas.<\/strong><\/em><\/span><\/h3>\n<p>&nbsp;<\/p>\n<p>A Pol\u00edcia Federal (PF) afirmou, nesta quarta-feira (06Mar\u00e7o2024), que quer a disponibiliza\u00e7\u00e3o, por meio do Poder Judici\u00e1rio, de uma certid\u00e3o de antecedentes criminais nacional para aprimorar o processo de libera\u00e7\u00e3o de armas e \u201c<em>evitar a burla do sistema de controle<\/em>\u201d no pa\u00eds.<\/p>\n<p><img fetchpriority=\"high\" decoding=\"async\" class=\"size-medium aligncenter\" src=\"https:\/\/obeabadosertao.com.br\/filerun\/wl\/?id=0EmY8Z1fmgZV5oskfRoQrsFDr6TdNqtM\" width=\"700\" height=\"500\" \/><\/p>\n<p>Hoje, o fornecimento dos documentos \u00e9 descentralizado, com cada tribunal emitindo sua certid\u00e3o de forma separada e independente.<\/p>\n<p>A falta de uma base de dados \u00fanica para a confer\u00eancia dos antecedentes de quem solicita a licen\u00e7a de Ca\u00e7adores, Atiradores e Colecionadores (CACs) \u00e9 um dos principais t\u00f3picos elencados por auditoria do Tribunal de Contas da Uni\u00e3o (TCU), conforme revelado pelo Estad\u00e3o.<\/p>\n<p><img decoding=\"async\" class=\"size-medium aligncenter\" src=\"https:\/\/obeabadosertao.com.br\/filerun\/wl\/?id=LWRPJkrlnmm0XHNpjHnIaykp87xJvQ9x\" width=\"700\" height=\"500\" \/><\/p>\n<p>\u00c9 poss\u00edvel que CACs respondendo a processos em um estado tenham solicitado acesso a arma com certid\u00e3o emitida em outra unidade da federa\u00e7\u00e3o.<\/p>\n<p>A PF afirmou ainda que tem destinado \u201c<em>aten\u00e7\u00e3o especial \u00e0s recomenda\u00e7\u00f5es expedidas por \u00f3rg\u00e3os de controle<\/em>\u201d na concess\u00e3o de licen\u00e7as a CACs.<\/p>\n<p><img decoding=\"async\" class=\"size-medium aligncenter\" src=\"https:\/\/obeabadosertao.com.br\/filerun\/wl\/?id=Sy8QotWH838ZqYcuLkf3nTSsQm2ROnhk\" width=\"700\" height=\"500\" \/><\/p>\n<p>Desde julho de 2023, a Pol\u00edcia Federal est\u00e1 em transi\u00e7\u00e3o para emitir e fiscalizar as licen\u00e7as aos CACs, atribui\u00e7\u00f5es que, historicamente, estiveram na al\u00e7ada do Ex\u00e9rcito, respons\u00e1vel por um registro denominado de Sigma (Sistema de Gerenciamento Militar de Armas).<\/p>\n<p>A PF era gestora de outra base de cadastros de armas, chamada de Sinarm (Sistema Nacional de Armas), destinada ao armamento para prote\u00e7\u00e3o pessoal de civis. Com a transi\u00e7\u00e3o, a corpora\u00e7\u00e3o passar\u00e1 a lidar com os dois registros.<\/p>\n<p><img loading=\"lazy\" decoding=\"async\" class=\"size-medium aligncenter\" src=\"https:\/\/obeabadosertao.com.br\/filerun\/wl\/?id=JieACFZFmtRTL0afMATmlVeEGR4o6Dt7\" width=\"700\" height=\"500\" \/><\/p>\n<p>A migra\u00e7\u00e3o da responsabilidade de fiscaliza\u00e7\u00e3o tem conclus\u00e3o prevista para 2025. A mudan\u00e7a foi uma estrat\u00e9gia de Lula (PT) para reverter a pol\u00edtica armamentista da gest\u00e3o Bolsonaro (PL).<\/p>\n<p>&nbsp;<\/p>\n<p>&nbsp;<\/p>\n<p>&nbsp;<\/p>\n<p>&nbsp;<\/p>\n<p>&nbsp;<\/p>\n<p>&nbsp;<\/p>\n<p>&nbsp;<\/p>\n<p>&nbsp;<\/p>\n<p>&nbsp;<\/p>\n","protected":false},"excerpt":{"rendered":"<p>Tempo de leitura: 1 minutoDocumento mostraria os antecedentes criminais e seria usado na aquisi\u00e7\u00e3o de armas de fogo e porte [&hellip;]<\/p>\n","protected":false},"author":1,"featured_media":19348,"comment_status":"open","ping_status":"open","sticky":false,"template":"","format":"standard","meta":[],"categories":[4,19,6],"tags":[12571,9,7942,21163,21162,21165,264,533,521,21170,21164,21168,21166,21169,21167,1675,1674],"amp_enabled":true,"_links":{"self":[{"href":"https:\/\/obeabadosertao.com.br\/portal\/wp-json\/wp\/v2\/posts\/19345"}],"collection":[{"href":"https:\/\/obeabadosertao.com.br\/portal\/wp-json\/wp\/v2\/posts"}],"about":[{"href":"https:\/\/obeabadosertao.com.br\/portal\/wp-json\/wp\/v2\/types\/post"}],"author":[{"embeddable":true,"href":"https:\/\/obeabadosertao.com.br\/portal\/wp-json\/wp\/v2\/users\/1"}],"replies":[{"embeddable":true,"href":"https:\/\/obeabadosertao.com.br\/portal\/wp-json\/wp\/v2\/comments?post=19345"}],"version-history":[{"count":1,"href":"https:\/\/obeabadosertao.com.br\/portal\/wp-json\/wp\/v2\/posts\/19345\/revisions"}],"predecessor-version":[{"id":19347,"href":"https:\/\/obeabadosertao.com.br\/portal\/wp-json\/wp\/v2\/posts\/19345\/revisions\/19347"}],"wp:featuredmedia":[{"embeddable":true,"href":"https:\/\/obeabadosertao.com.br\/portal\/wp-json\/wp\/v2\/media\/19348"}],"wp:attachment":[{"href":"https:\/\/obeabadosertao.com.br\/portal\/wp-json\/wp\/v2\/media?parent=19345"}],"wp:term":[{"taxonomy":"category","embeddable":true,"href":"https:\/\/obeabadosertao.com.br\/portal\/wp-json\/wp\/v2\/categories?post=19345"},{"taxonomy":"post_tag","embeddable":true,"href":"https:\/\/obeabadosertao.com.br\/portal\/wp-json\/wp\/v2\/tags?post=19345"}],"curies":[{"name":"wp","href":"https:\/\/api.w.org\/{rel}","templated":true}]}}