{"id":19438,"date":"2024-03-20T15:45:10","date_gmt":"2024-03-20T18:45:10","guid":{"rendered":"https:\/\/obeabadosertao.com.br\/portal\/?p=19438"},"modified":"2024-03-20T15:45:08","modified_gmt":"2024-03-20T18:45:08","slug":"justica-da-espanha-concede-liberdade-provisoria-a-daniel-alves","status":"publish","type":"post","link":"https:\/\/obeabadosertao.com.br\/portal\/2024\/03\/20\/justica-da-espanha-concede-liberdade-provisoria-a-daniel-alves\/","title":{"rendered":"Justi\u00e7a da Espanha concede liberdade provis\u00f3ria a Daniel Alves"},"content":{"rendered":"<div id=\"tt-temp-estim\">Tempo de leitura: 2 minutos<\/div><h3><span style=\"color: #000080;\"><em><strong>Lateral-direito foi condenado por estupro em Barcelona no m\u00eas passado.<\/strong><\/em><\/span><\/h3>\n<p>&nbsp;<\/p>\n<p>A Justi\u00e7a da Espanha concedeu liberdade provis\u00f3ria ao jogador brasileiro de futebol Daniel Alves, condenado por estupro em Barcelona.<\/p>\n<p>Para isso, o ex-jogador da Sele\u00e7\u00e3o Brasileira precisar\u00e1 pagar fian\u00e7a de 1 milh\u00e3o de euros (R$ 5,4 milh\u00f5es).<\/p>\n<p><img fetchpriority=\"high\" decoding=\"async\" class=\"size-medium aligncenter\" src=\"https:\/\/obeabadosertao.com.br\/filerun\/wl\/?id=BbHXy8EhU97ZLadzjD0hI7scHUFOu8Ia\" width=\"701\" height=\"501\" \/><\/p>\n<p>Se fizer o pagamento, Daniel Alves tamb\u00e9m precisar\u00e1 entregar os passaportes brasileiro e espanhol \u00e0s autoridades, al\u00e9m da obrigatoriedade de comparecer semanalmente aos tribunais e manter ao menos 1 km de dist\u00e2ncia da v\u00edtima.<\/p>\n<p>Em audi\u00eancia nesta ter\u00e7a-feira (19Mar\u00e7o2024), a defesa do lateral-direito havia solicitado sua liberdade provis\u00f3ria e sugerido o pagamento de uma fian\u00e7a de 50 mil euros (R$ 273 mil).<\/p>\n<p>&nbsp;<\/p>\n<p>O atleta, que participou de maneira remota, prometeu que \u201c<em>n\u00e3o fugiria (da Espanha)<\/em>\u201d durante o andamento do processo.<\/p>\n<p>Daniel Alves foi condenado a quatro anos e meio de pris\u00e3o, em fevereiro. O Minist\u00e9rio P\u00fablico recorreu \u00e0 decis\u00e3o, pois havia pedido uma condena\u00e7\u00e3o de nove anos pelo estupro ocorrido em uma boate de Barcelona em dezembro de 2022.<\/p>\n<p>&nbsp;<\/p>\n<p>A defesa da v\u00edtima e a Promotoria alegam que existe o risco de fuga e pediram que Daniel Alves continuasse cumprindo a pena na pris\u00e3o.<\/p>\n<h2><span style=\"color: #000080;\"><strong>A condena\u00e7\u00e3o por estupro<\/strong><\/span><\/h2>\n<p>O lateral-direito brasileiro Daniel Alves foi condenado a quatro anos e seis meses de pris\u00e3o por estupro na Espanha.<\/p>\n<p><img decoding=\"async\" class=\"size-medium aligncenter\" src=\"https:\/\/obeabadosertao.com.br\/filerun\/wl\/?id=ClL1pfqXt29vHyyze4LexD2bRf781vzm\" width=\"700\" height=\"500\" \/><\/p>\n<p>A senten\u00e7a foi comunicada pelo Tribunal Superior de Justi\u00e7a da Catalunha no \u00faltimo dia 22 de fevereiro.<\/p>\n<p>O jogador j\u00e1 passou mais de um ano na pris\u00e3o, tempo que ser\u00e1 descontado da condena\u00e7\u00e3o.<\/p>\n<h2><span style=\"color: #000080;\"><strong>O julgamento<\/strong><\/span><\/h2>\n<p>O julgamento de Daniel Alves, acusado de agredir sexualmente uma mulher em uma boate de Barcelona em dezembro de 2022, chegou ao fim no dia 7 de fevereiro e durou tr\u00eas dias. Foram ouvidas testemunhas, a v\u00edtima, peritos e o acusado.<\/p>\n<p><img decoding=\"async\" class=\"size-medium aligncenter\" src=\"https:\/\/obeabadosertao.com.br\/filerun\/wl\/?id=2CQfI7Sgzx6y2UbQV5k37Ie1XXjBUTQI\" width=\"700\" height=\"500\" \/><\/p>\n<p>O Tribunal de Barcelona decidiu manter o julgamento mesmo com o pedido da defesa do atleta para que houvesse uma suspens\u00e3o por viola\u00e7\u00e3o de direitos como o da presun\u00e7\u00e3o de inoc\u00eancia.<\/p>\n<p>Os magistrados consideraram que nenhum direito foi violado. O tribunal disse que Daniel Alves contou com a presen\u00e7a de uma advogada desde o momento em que foi preso, o que n\u00e3o caracteriza viola\u00e7\u00e3o de direitos.<\/p>\n<p><img loading=\"lazy\" decoding=\"async\" class=\"size-medium aligncenter\" src=\"https:\/\/obeabadosertao.com.br\/filerun\/wl\/?id=jgOflrRhxAFvoNNfB8Gbf2XNA6SJ7MEb\" width=\"700\" height=\"500\" \/><\/p>\n<p>Em depoimento, o jogador chorou, alegou uso excessivo de bebida alc\u00f3olica e negou que tenha praticado estupro. Na \u00e9poca, a v\u00edtima tinha 23 anos. Ela acusa o jogador de agress\u00e3o sexual.<\/p>\n<p>&nbsp;<\/p>\n<h2><span style=\"color: #ff0000;\"><strong>MAT\u00c9RIAS RELACIONADAS<\/strong><\/span><\/h2>\n<h3><span style=\"color: #000080;\"><a style=\"color: #000080;\" href=\"https:\/\/obeabadosertao.com.br\/portal\/2023\/02\/21\/daniel-alves-alega-que-recebeu-sexo-oral-sem-consentimento\/\"><strong>Daniel Alves alega que recebeu sexo oral sem consentimento<\/strong><\/a><\/span><\/h3>\n<h3><span style=\"color: #000080;\"><strong><a style=\"color: #000080;\" href=\"https:\/\/obeabadosertao.com.br\/portal\/2023\/01\/20\/sem-fianca-justica-da-espanha-determina-prisao-preventiva-de-daniel-alves\/\">Sem fian\u00e7a: Justi\u00e7a da Espanha determina pris\u00e3o preventiva de Daniel Alves<\/a><\/strong><\/span><\/h3>\n<h3><span style=\"color: #000080;\"><strong><a style=\"color: #000080;\" href=\"https:\/\/obeabadosertao.com.br\/portal\/2023\/01\/25\/tatuagem-descrita-por-mulher-fez-daniel-alves-admitir-que-houve-sexo\/\">Tatuagem descrita por mulher fez Daniel Alves admitir que houve sexo<\/a><\/strong><\/span><\/h3>\n<h3><span style=\"color: #000080;\"><strong><a style=\"color: #000080;\" href=\"https:\/\/obeabadosertao.com.br\/portal\/2023\/01\/28\/o-cumplice-silencio-dos-jogadores-da-selecao-quanto-a-daniel-alves\/\">O c\u00famplice sil\u00eancio dos jogadores da Sele\u00e7\u00e3o quanto a Daniel Alves<\/a><\/strong><\/span><\/h3>\n<h3><span style=\"color: #000080;\"><strong><a style=\"color: #000080;\" href=\"https:\/\/obeabadosertao.com.br\/portal\/2023\/02\/08\/daniel-alves-muda-versao-e-relato-da-vitima-de-estupro-ganha-forca\/\">Daniel Alves muda vers\u00e3o, e relato da v\u00edtima de estupro ganha for\u00e7a<\/a><\/strong><\/span><\/h3>\n<p>&nbsp;<\/p>\n<p>&nbsp;<\/p>\n<p>&nbsp;<\/p>\n<p><img loading=\"lazy\" decoding=\"async\" class=\"size-medium aligncenter\" src=\"https:\/\/obeabadosertao.com.br\/filerun\/wl\/?id=AuK2vKCjwKXmtWBzGNNpD2GN359EppUo\" width=\"700\" height=\"500\" \/><\/p>\n<p>&nbsp;<\/p>\n<p>&nbsp;<\/p>\n<p>&nbsp;<\/p>\n<p>&nbsp;<\/p>\n<p>&nbsp;<\/p>\n<p>&nbsp;<\/p>\n<p>&nbsp;<\/p>\n<p>&nbsp;<\/p>\n<p>&nbsp;<\/p>\n<p>&nbsp;<\/p>\n<p>&nbsp;<\/p>\n","protected":false},"excerpt":{"rendered":"<p>Tempo de leitura: 2 minutosLateral-direito foi condenado por estupro em Barcelona no m\u00eas passado. &nbsp; A Justi\u00e7a da Espanha concedeu [&hellip;]<\/p>\n","protected":false},"author":1,"featured_media":19441,"comment_status":"open","ping_status":"open","sticky":false,"template":"","format":"standard","meta":[],"categories":[4,25,6],"tags":[10330,894,21566,4723,3941,4725,21567,8944,21565,21563,21564,21568],"amp_enabled":true,"_links":{"self":[{"href":"https:\/\/obeabadosertao.com.br\/portal\/wp-json\/wp\/v2\/posts\/19438"}],"collection":[{"href":"https:\/\/obeabadosertao.com.br\/portal\/wp-json\/wp\/v2\/posts"}],"about":[{"href":"https:\/\/obeabadosertao.com.br\/portal\/wp-json\/wp\/v2\/types\/post"}],"author":[{"embeddable":true,"href":"https:\/\/obeabadosertao.com.br\/portal\/wp-json\/wp\/v2\/users\/1"}],"replies":[{"embeddable":true,"href":"https:\/\/obeabadosertao.com.br\/portal\/wp-json\/wp\/v2\/comments?post=19438"}],"version-history":[{"count":1,"href":"https:\/\/obeabadosertao.com.br\/portal\/wp-json\/wp\/v2\/posts\/19438\/revisions"}],"predecessor-version":[{"id":19440,"href":"https:\/\/obeabadosertao.com.br\/portal\/wp-json\/wp\/v2\/posts\/19438\/revisions\/19440"}],"wp:featuredmedia":[{"embeddable":true,"href":"https:\/\/obeabadosertao.com.br\/portal\/wp-json\/wp\/v2\/media\/19441"}],"wp:attachment":[{"href":"https:\/\/obeabadosertao.com.br\/portal\/wp-json\/wp\/v2\/media?parent=19438"}],"wp:term":[{"taxonomy":"category","embeddable":true,"href":"https:\/\/obeabadosertao.com.br\/portal\/wp-json\/wp\/v2\/categories?post=19438"},{"taxonomy":"post_tag","embeddable":true,"href":"https:\/\/obeabadosertao.com.br\/portal\/wp-json\/wp\/v2\/tags?post=19438"}],"curies":[{"name":"wp","href":"https:\/\/api.w.org\/{rel}","templated":true}]}}