{"id":19459,"date":"2024-03-28T08:27:28","date_gmt":"2024-03-28T11:27:28","guid":{"rendered":"https:\/\/obeabadosertao.com.br\/portal\/?p=19459"},"modified":"2024-03-22T15:12:26","modified_gmt":"2024-03-22T18:12:26","slug":"o-que-e-o-ramada-periodo-considerado-sagrado-para-os-muculmanos","status":"publish","type":"post","link":"https:\/\/obeabadosertao.com.br\/portal\/2024\/03\/28\/o-que-e-o-ramada-periodo-considerado-sagrado-para-os-muculmanos\/","title":{"rendered":"O que \u00e9 o Ramad\u00e3? Per\u00edodo considerado sagrado para os mu\u00e7ulmanos"},"content":{"rendered":"<div id=\"tt-temp-estim\">Tempo de leitura: 4 minutos<\/div><p>O Ramad\u00e3 sempre acontece no nono m\u00eas do calend\u00e1rio lunar isl\u00e2mico. Os praticantes v\u00e3o fazer jejum entre o nascer e o p\u00f4r do sol, aumentar a quantidade de ora\u00e7\u00f5es e se fortalecer na cren\u00e7a isl\u00e2mica.<\/p>\n<p>O Ramad\u00e3, um m\u00eas sagrado para os mu\u00e7ulmanos do mundo inteiro, come\u00e7ou no domingo (10Mar\u00e7o2024).<\/p>\n<p><img fetchpriority=\"high\" decoding=\"async\" class=\"size-medium aligncenter\" src=\"https:\/\/obeabadosertao.com.br\/filerun\/wl\/?id=IdBLlgnNSgSlcBYJy8D00Gl1swtkvrHG\" width=\"700\" height=\"500\" \/><\/p>\n<p>Os praticantes v\u00e3o fazer jejum entre o nascer e o p\u00f4r do sol, aumentar a quantidade de ora\u00e7\u00f5es e se esfor\u00e7ar mais em praticar caridade, um dos preceitos da religi\u00e3o.<\/p>\n<p>Quem faz jejum tamb\u00e9m n\u00e3o deve praticar atos considerados negativos, como fofocar, e precisa praticar boas a\u00e7\u00f5es.<\/p>\n<p>Eles passam a ter duas refei\u00e7\u00f5es importantes no dia:<\/p>\n<ul>\n<li>Antes do nascer do sol h\u00e1 o &#8220;suhoor&#8221;.<\/li>\n<li>Ap\u00f3s o p\u00f4r-do-sol h\u00e1 o \u201c<em>iftar<\/em>\u201d, que geralmente \u00e9 uma refei\u00e7\u00e3o festiva, com familiares e amigos.<\/li>\n<\/ul>\n<p><img decoding=\"async\" class=\"size-medium aligncenter\" src=\"https:\/\/obeabadosertao.com.br\/filerun\/wl\/?id=Lhqt2ek94M6V7qCbhCUnDTudhJb70Keu\" width=\"700\" height=\"500\" \/><\/p>\n<p>Neste ano, o Ramad\u00e3 acontece em meio \u00e0 guerra entre Israel e o grupo terrorista Hamas. O conflito come\u00e7ou depois que os terroristas invadiram e mataram israelenses, em outubro.<\/p>\n<p>Meses depois, a guerra deixou grande parte de Gaza em ru\u00ednas e criou uma cat\u00e1strofe humanit\u00e1ria, com muitos palestinos sem ter o que comer.<\/p>\n<p>Os mu\u00e7ulmanos dever\u00e3o aumentar suas doa\u00e7\u00f5es para os palestinos por causa da guerra entre Israel e o grupo terrorista Hamas, da Faixa de Gaza, al\u00e9m de incorporar s\u00edmbolos palestinos.<\/p>\n<p><img decoding=\"async\" class=\"size-medium aligncenter\" src=\"https:\/\/obeabadosertao.com.br\/filerun\/wl\/?id=gss84GbFLGJo8YTXJgLtliseta3JTm1F\" width=\"700\" height=\"500\" \/><\/p>\n<h2><strong><span style=\"color: #000080;\">Quando acontece?<\/span><\/strong><\/h2>\n<p>O Ramad\u00e3 sempre acontece no nono m\u00eas do calend\u00e1rio lunar isl\u00e2mico. O m\u00eas \u00e9 marcado pela lua crescente.<\/p>\n<p>Algumas comunidades mu\u00e7ulmanas come\u00e7am o Ramad\u00e3 em dias diferentes, de acordo com determina\u00e7\u00f5es de autoridades religiosas locais e tamb\u00e9m com o surgimento da lua crescente.<\/p>\n<h2><strong><span style=\"color: #000080;\">Quando termina?<\/span><\/strong><\/h2>\n<p>O Ramad\u00e3 termina com o feriado de Idul Fitri (&#8220;<em>celebra\u00e7\u00e3o do fim do jejum<\/em>&#8220;), em 10 de abril.<\/p>\n<p><img loading=\"lazy\" decoding=\"async\" class=\"size-medium aligncenter\" src=\"https:\/\/obeabadosertao.com.br\/filerun\/wl\/?id=TDHJ1GRQGiYiVl4h4OpnCfeS16J3BRbB\" width=\"700\" height=\"500\" \/><\/p>\n<h2><span style=\"color: #000080;\"><strong>O jejum<\/strong><\/span><\/h2>\n<p>O islamismo tem cinco pilares:<\/p>\n<ul>\n<li>A pr\u00e1tica de caridade com as pessoas em necessidade.<\/li>\n<li>A profiss\u00e3o de f\u00e9: s\u00f3 h\u00e1 um Deus, e Maom\u00e9 \u00e9 seu profeta.<\/li>\n<li>A pr\u00e1tica da ora\u00e7\u00e3o.<\/li>\n<li>A peregrina\u00e7\u00e3o.<\/li>\n<li>O jejum.<\/li>\n<\/ul>\n<p>Os religiosos consideram que o jejum \u00e9 uma forma de louva\u00e7\u00e3o, de submiss\u00e3o a Deus e de chegar a uma consci\u00eancia religiosa.<\/p>\n<p><img loading=\"lazy\" decoding=\"async\" class=\"size-medium aligncenter\" src=\"https:\/\/obeabadosertao.com.br\/filerun\/wl\/?id=SMCilRGgTD6Q4mDGPPy3WSpIAUaG2Jzg\" width=\"700\" height=\"500\" \/><\/p>\n<p>Para os mu\u00e7ulmanos, ficar sem comer \u00e9 uma maneira de praticar o autocontrole, de cultivar o sentimento de gratid\u00e3o, de se aproximar de Deus e tamb\u00e9m de criar empatia pelas pessoas pobres e famintas.<\/p>\n<p>N\u00e3o \u00e9 permitido comer e nem beber entre o nascer do sol e o p\u00f4r-do-sol.<\/p>\n<p>Geralmente, eles passam a frequentar ainda mais as mesquitas para as ora\u00e7\u00f5es e dedicam mais tempo ao livro sagrado, o Alcor\u00e3o.<\/p>\n<h2><strong><span style=\"color: #000080;\">Caridade<\/span><\/strong><\/h2>\n<p>A caridade \u00e9 importante para os mu\u00e7ulmanos no ano todo, mas durante o m\u00eas de Ramad\u00e3 eles d\u00e3o ainda mais \u00eanfase a isso.<\/p>\n<p><img loading=\"lazy\" decoding=\"async\" class=\"size-medium aligncenter\" src=\"https:\/\/obeabadosertao.com.br\/filerun\/wl\/?id=nwqIYIiPwr8NuXpi3JZvtiaxChqp5qVb\" width=\"700\" height=\"500\" \/><\/p>\n<p>Uma das formas mais comuns de praticar caridade \u00e9 distribuir comida para a refei\u00e7\u00e3o de fim de jejum di\u00e1rio, a \u201c<em>iftar<\/em>\u201d.<\/p>\n<h2><span style=\"color: #000080;\"><strong>Todo mundo jejua?<\/strong><\/span><\/h2>\n<p>H\u00e1 algumas exce\u00e7\u00f5es, como aqueles que est\u00e3o doentes ou os que est\u00e3o viajando. No entanto, quem n\u00e3o consegue ficar sem comer um dia deve \u201c<em>compensar<\/em>\u201d com um outro dia.<\/p>\n<h2><span style=\"color: #000080;\"><strong>Como \u00e9 no mundo?<\/strong><\/span><\/h2>\n<p>H\u00e1 muita diversidade entre os mu\u00e7ulmanos, afinal, \u00e9 uma religi\u00e3o praticada por povos diferentes, em v\u00e1rios pa\u00edses, e h\u00e1 tradi\u00e7\u00f5es culturais que n\u00e3o s\u00e3o ligadas \u00e0 pr\u00e1tica religiosa em si, mas acabam sendo associadas ao m\u00eas do Ramad\u00e3.<\/p>\n<p><img loading=\"lazy\" decoding=\"async\" class=\"size-medium aligncenter\" src=\"https:\/\/obeabadosertao.com.br\/filerun\/wl\/?id=4J3oq01Qz7sau0yjwTpnerha8y2iZ7pv\" width=\"700\" height=\"500\" \/><\/p>\n<p>Alguns mu\u00e7ulmanos decoram a casa com itens tem\u00e1ticos.<\/p>\n<p>No Egito \u00e9 um per\u00edodo especialmente festivo. A decora\u00e7\u00e3o \u00e9 colorida, h\u00e1 m\u00fasicas de Ramad\u00e3 e tendas com comida e divers\u00e3o.<\/p>\n<p>Antes da aurora, h\u00e1 grupos que tocam tambores pelas ruas &#8211; \u00e9 uma esp\u00e9cie de convoca\u00e7\u00e3o para que as pessoas fa\u00e7am a refei\u00e7\u00e3o antes do nascer do sol.<\/p>\n<p><img loading=\"lazy\" decoding=\"async\" class=\"size-medium aligncenter\" src=\"https:\/\/obeabadosertao.com.br\/filerun\/wl\/?id=9HHTnhODcpWlBS9HLGcquiQtmB3F2UNq\" width=\"700\" height=\"500\" \/><\/p>\n<p>Em alguns pa\u00edses h\u00e1 muitas estreias de programas de TV e as empresas fazem campanhas de publicidade especial (h\u00e1 alguns religiosos que n\u00e3o gostam desse aspecto, por considerar que \u00e9 uma mercantiliza\u00e7\u00e3o do Ramad\u00e3).<\/p>\n<p>Na Indon\u00e9sia, o pa\u00eds mu\u00e7ulmano mais populoso do mundo, h\u00e1 alguns rituais que s\u00e3o influenciados por outras religi\u00f5es, como o hindu\u00edsmo e o budismo. Por exemplo: os religiosos visitam e lavam os t\u00famulos dos parentes.<\/p>\n<p>Tamb\u00e9m h\u00e1 sacrif\u00edcio de animais, e a carne \u00e9 compartilhada com familiares e pobres e \u00f3rf\u00e3os.<\/p>\n<p><img loading=\"lazy\" decoding=\"async\" class=\"size-medium aligncenter\" src=\"https:\/\/obeabadosertao.com.br\/filerun\/wl\/?id=86ck4zKvBDfj0XRgs2VE71G7OzCXnVH3\" width=\"700\" height=\"500\" \/><\/p>\n<p>Em uma outra regi\u00e3o do pa\u00eds, os mu\u00e7ulmanos v\u00e3o a um rio e se limpam com um shampoo especial, feito de palha de arroz.<\/p>\n<p>Na \u00cdndia, onde h\u00e1 200 milh\u00f5es de mu\u00e7ulmanos, apesar de eles serem uma minoria, h\u00e1 venda de comida t\u00edpica na rua e decora\u00e7\u00e3o especial.<\/p>\n<p>&nbsp;<\/p>\n<p>&nbsp;<\/p>\n<p>&nbsp;<\/p>\n<p><img loading=\"lazy\" decoding=\"async\" class=\"size-medium aligncenter\" src=\"https:\/\/obeabadosertao.com.br\/filerun\/wl\/?id=AuK2vKCjwKXmtWBzGNNpD2GN359EppUo\" width=\"700\" height=\"500\" \/><\/p>\n<p>&nbsp;<\/p>\n<p>&nbsp;<\/p>\n<p>&nbsp;<\/p>\n<p>&nbsp;<\/p>\n<p>&nbsp;<\/p>\n<p>&nbsp;<\/p>\n<p>&nbsp;<\/p>\n<p>&nbsp;<\/p>\n<p>&nbsp;<\/p>\n<p>&nbsp;<\/p>\n<p>&nbsp;<\/p>\n<p>&nbsp;<\/p>\n","protected":false},"excerpt":{"rendered":"<p>Tempo de leitura: 4 minutosO Ramad\u00e3 sempre acontece no nono m\u00eas do calend\u00e1rio lunar isl\u00e2mico. Os praticantes v\u00e3o fazer jejum [&hellip;]<\/p>\n","protected":false},"author":1,"featured_media":19464,"comment_status":"open","ping_status":"open","sticky":false,"template":"","format":"standard","meta":[],"categories":[4,40,6],"tags":[21665,21679,21673,21664,21663,1377,21676,21670,21678,17593,21671,21669,21675,21674,21672,21668,21666,21667,21662,21677],"amp_enabled":true,"_links":{"self":[{"href":"https:\/\/obeabadosertao.com.br\/portal\/wp-json\/wp\/v2\/posts\/19459"}],"collection":[{"href":"https:\/\/obeabadosertao.com.br\/portal\/wp-json\/wp\/v2\/posts"}],"about":[{"href":"https:\/\/obeabadosertao.com.br\/portal\/wp-json\/wp\/v2\/types\/post"}],"author":[{"embeddable":true,"href":"https:\/\/obeabadosertao.com.br\/portal\/wp-json\/wp\/v2\/users\/1"}],"replies":[{"embeddable":true,"href":"https:\/\/obeabadosertao.com.br\/portal\/wp-json\/wp\/v2\/comments?post=19459"}],"version-history":[{"count":1,"href":"https:\/\/obeabadosertao.com.br\/portal\/wp-json\/wp\/v2\/posts\/19459\/revisions"}],"predecessor-version":[{"id":19463,"href":"https:\/\/obeabadosertao.com.br\/portal\/wp-json\/wp\/v2\/posts\/19459\/revisions\/19463"}],"wp:featuredmedia":[{"embeddable":true,"href":"https:\/\/obeabadosertao.com.br\/portal\/wp-json\/wp\/v2\/media\/19464"}],"wp:attachment":[{"href":"https:\/\/obeabadosertao.com.br\/portal\/wp-json\/wp\/v2\/media?parent=19459"}],"wp:term":[{"taxonomy":"category","embeddable":true,"href":"https:\/\/obeabadosertao.com.br\/portal\/wp-json\/wp\/v2\/categories?post=19459"},{"taxonomy":"post_tag","embeddable":true,"href":"https:\/\/obeabadosertao.com.br\/portal\/wp-json\/wp\/v2\/tags?post=19459"}],"curies":[{"name":"wp","href":"https:\/\/api.w.org\/{rel}","templated":true}]}}