{"id":19501,"date":"2024-03-27T16:00:41","date_gmt":"2024-03-27T19:00:41","guid":{"rendered":"https:\/\/obeabadosertao.com.br\/portal\/?p=19501"},"modified":"2024-03-27T18:01:30","modified_gmt":"2024-03-27T21:01:30","slug":"luiz-couto-declara-apoio-a-pre-candidatura-de-cartaxo-a-prefeitura-de-joao-pessoa","status":"publish","type":"post","link":"https:\/\/obeabadosertao.com.br\/portal\/2024\/03\/27\/luiz-couto-declara-apoio-a-pre-candidatura-de-cartaxo-a-prefeitura-de-joao-pessoa\/","title":{"rendered":"Luiz Couto declara apoio a pr\u00e9-candidatura de Cartaxo \u00e0 Prefeitura de Jo\u00e3o Pessoa"},"content":{"rendered":"<div id=\"tt-temp-estim\">Tempo de leitura: 1 minuto<\/div><p>O deputado federal Luiz Albuquerque Couto (PT) fez uso da tribuna da C\u00e2mara dos Deputados, nesta quarta-feira (27Mar\u00e7o2024), para defender a pr\u00e9-candidatura do deputado estadual Luciano Cartaxo (PT) a prefeito de Jo\u00e3o Pessoa.<\/p>\n<p>O parlamentar petista destacou a decis\u00e3o do diret\u00f3rio nacional do Partido dos Trabalhadores, ocorrida na ter\u00e7a-feira (26Mar\u00e7o2024), quando a Executiva Nacional do PT cancelou a realiza\u00e7\u00e3o das pr\u00e9vias optando por escolher posteriormente a melhor t\u00e1tica eleitoral para as cidades de Jo\u00e3o Pessoa, Recife, Rio de Janeiro e Curitiba, definindo sobre\u00a0quem ser\u00e1 o candidato do partido.<\/p>\n<p><img fetchpriority=\"high\" decoding=\"async\" class=\"size-medium aligncenter\" src=\"https:\/\/obeabadosertao.com.br\/filerun\/wl\/?id=ibRs3jE47SHicdCDR7mAeOuvm5pSXObv\" width=\"700\" height=\"500\" \/><\/p>\n<p>Durante a sess\u00e3o Luiz Couto <strong>(<span style=\"color: #ff0000;\">Foto acima<\/span>)<\/strong> aproveitou a oportunidade para expressar seu total apoio \u00e0 candidatura do deputado Estadual e ex-prefeito Luciano Cartaxo \u00e0 prefeitura de Jo\u00e3o Pessoa. \u201c<em>Luciano \u00e9 o nome preparado para vencer as elei\u00e7\u00f5es, para fortalecer o partido para desafios futuros<\/em>\u201d, declarou o deputado.<\/p>\n<p>O pronunciamento de Luiz Couto reflete, segundo a assessoria do parlamentar, n\u00e3o apenas seu apoio pessoal a Luciano Cartaxo <strong>(<span style=\"color: #ff0000;\">Foto abaixo<\/span>)<\/strong>, mas tamb\u00e9m destaca as din\u00e2micas internas do Partido dos Trabalhadores na defini\u00e7\u00e3o de suas estrat\u00e9gias eleitorais, especialmente em importantes capitais do pa\u00eds.<\/p>\n<p><img decoding=\"async\" class=\"size-medium aligncenter\" src=\"https:\/\/obeabadosertao.com.br\/filerun\/wl\/?id=A6AFcPBsYo1YbVk8BTORMUK7bfnCfUDR\" width=\"700\" height=\"500\" \/><\/p>\n<p>\u201c<em>Em primeiro lugar, sa\u00fado o Diret\u00f3rio Nacional do Partido dos Trabalhadores pela s\u00e1bia decis\u00e3o que encaminhou para a Executiva Nacional a decis\u00e3o sobre a t\u00e1tica eleitoral para as capitais de Jo\u00e3o Pessoa, Recife, Rio de Janeiro e Curitiba<\/em>\u201d, afirmou o deputado, em seu discurso na Tribuna da C\u00e2mara.<\/p>\n<p>O parlamentar fez um apelo \u00e0 unidade interna do partido, ressaltando-a como condi\u00e7\u00e3o necess\u00e1ria para uma grande constru\u00e7\u00e3o coletiva. \u201c<em>N\u00e3o podemos ir a reboque, apoiando C\u00edcero Lucena. Devemos sim, ser protagonistas<\/em>\u201d, concluiu Couto.<\/p>\n<p>&nbsp;<\/p>\n<p>&nbsp;<\/p>\n<p>&nbsp;<\/p>\n<p>&nbsp;<\/p>\n","protected":false},"excerpt":{"rendered":"<p>Tempo de leitura: 1 minutoO deputado federal Luiz Albuquerque Couto (PT) fez uso da tribuna da C\u00e2mara dos Deputados, nesta [&hellip;]<\/p>\n","protected":false},"author":1,"featured_media":19513,"comment_status":"open","ping_status":"open","sticky":false,"template":"","format":"standard","meta":[],"categories":[4,20,6],"tags":[5985,10188,963,21806,21807,2593,21805,21804,6331,3680,2787,5008,819,21808],"amp_enabled":true,"_links":{"self":[{"href":"https:\/\/obeabadosertao.com.br\/portal\/wp-json\/wp\/v2\/posts\/19501"}],"collection":[{"href":"https:\/\/obeabadosertao.com.br\/portal\/wp-json\/wp\/v2\/posts"}],"about":[{"href":"https:\/\/obeabadosertao.com.br\/portal\/wp-json\/wp\/v2\/types\/post"}],"author":[{"embeddable":true,"href":"https:\/\/obeabadosertao.com.br\/portal\/wp-json\/wp\/v2\/users\/1"}],"replies":[{"embeddable":true,"href":"https:\/\/obeabadosertao.com.br\/portal\/wp-json\/wp\/v2\/comments?post=19501"}],"version-history":[{"count":1,"href":"https:\/\/obeabadosertao.com.br\/portal\/wp-json\/wp\/v2\/posts\/19501\/revisions"}],"predecessor-version":[{"id":19512,"href":"https:\/\/obeabadosertao.com.br\/portal\/wp-json\/wp\/v2\/posts\/19501\/revisions\/19512"}],"wp:featuredmedia":[{"embeddable":true,"href":"https:\/\/obeabadosertao.com.br\/portal\/wp-json\/wp\/v2\/media\/19513"}],"wp:attachment":[{"href":"https:\/\/obeabadosertao.com.br\/portal\/wp-json\/wp\/v2\/media?parent=19501"}],"wp:term":[{"taxonomy":"category","embeddable":true,"href":"https:\/\/obeabadosertao.com.br\/portal\/wp-json\/wp\/v2\/categories?post=19501"},{"taxonomy":"post_tag","embeddable":true,"href":"https:\/\/obeabadosertao.com.br\/portal\/wp-json\/wp\/v2\/tags?post=19501"}],"curies":[{"name":"wp","href":"https:\/\/api.w.org\/{rel}","templated":true}]}}