{"id":19507,"date":"2024-03-27T16:55:04","date_gmt":"2024-03-27T19:55:04","guid":{"rendered":"https:\/\/obeabadosertao.com.br\/portal\/?p=19507"},"modified":"2024-03-27T17:04:24","modified_gmt":"2024-03-27T20:04:24","slug":"mdb-e-uniao-brasil-oficializam-alianca-politica-com-ruy-carneiro","status":"publish","type":"post","link":"https:\/\/obeabadosertao.com.br\/portal\/2024\/03\/27\/mdb-e-uniao-brasil-oficializam-alianca-politica-com-ruy-carneiro\/","title":{"rendered":"MDB e Uni\u00e3o Brasil oficializam alian\u00e7a pol\u00edtica com Ruy Carneiro"},"content":{"rendered":"<div id=\"tt-temp-estim\">Tempo de leitura: 2 minutos<\/div><h3><span style=\"color: #000080;\"><strong><em>Ruy Carneiro comemorou o apoio de Efraim Filho e Veneziano \u00e0 sua pr\u00e9-candidatura.<\/em><\/strong><\/span><\/h3>\n<p>&nbsp;<\/p>\n<p>O deputado federal Ruy Carneiro (Podemos),\u00a0 pr\u00e9-candidato a prefeito de Jo\u00e3o Pessoa, oficializou na manh\u00e3 desta quarta-feira (27Mar\u00e7o2024) a alian\u00e7a pol\u00edtica com o MDB e o Uni\u00e3o Brasil, comandados na Para\u00edba pelos senadores Veneziano Vital do R\u00eago e Efraim Filho, respectivamente.<\/p>\n<p>Ruy Carneiro comemorou o apoio de Efraim Filho e Veneziano \u00e0 sua pr\u00e9-candidatura, em evento ocorrido por voltas das 10h20m no audit\u00f3rio do Eco Business Center, no bairro do Miramar.<\/p>\n<p>Com a chegada das legendas, o deputado passa a contar com a presen\u00e7a do Podemos, PSDB, PRB, MDB e Uni\u00e3o em sua coliga\u00e7\u00e3o.<\/p>\n<p><img fetchpriority=\"high\" decoding=\"async\" class=\"size-medium aligncenter\" src=\"https:\/\/obeabadosertao.com.br\/filerun\/wl\/?id=lSXfXrtetShoBNakXyoikSJElv0K4CYy\" width=\"700\" height=\"500\" \/><\/p>\n<p>A confirma\u00e7\u00e3o dos apoios de legendas como o Uni\u00e3o Brasil e o MDB, segundo ele, demonstra a consolida\u00e7\u00e3o de sua pr\u00e9-candidatura.<\/p>\n<p>Na opini\u00e3o de Ruy Carneiro, a uni\u00e3o das siglas representa \u201c<em>um passo para a mudan\u00e7a em Jo\u00e3o Pessoa<\/em>\u201d.\u00a0\u201c<em>Essa \u00e9 a chapa da mudan\u00e7a. Momento importante para Jo\u00e3o Pessoa. A consolida\u00e7\u00e3o n\u00e3o apenas da nossa candidatura, mas uma proposta de mudan\u00e7a para a cidade. Mudan\u00e7a de uma administra\u00e7\u00e3o que est\u00e1 cansada, n\u00e3o tem entregado o que a cidade precisa. \u00c9 isso que vamos tratar aqui. Temos dois senadores (Efraim Filho e Veneziano Vital do R\u00eago), nosso candidato a governador (Pedro Cunha Lima) que venceu a elei\u00e7\u00e3o em Jo\u00e3o Pessoa, sinalizando esse sentimento de mudan\u00e7a, de que as pessoas n\u00e3o est\u00e3o satisfeitas com vida que t\u00eam e com os servi\u00e7os que recebem<\/em>\u201d, disse Ruy.<\/p>\n<p><img decoding=\"async\" class=\"size-medium aligncenter\" src=\"https:\/\/obeabadosertao.com.br\/filerun\/wl\/?id=ySdKGv7ERb9ovTTf3AUzWrln0XZaTZA2\" width=\"700\" height=\"500\" \/><\/p>\n<p>O senador Veneziano Vital do R\u00eago, presidente do MDB da Para\u00edba, disse que a escolha por Ruy Carneiro visa dar continuidade \u00e0 alian\u00e7a realizada entre MDB e PSDB em 2022 na disputa pelo Governo da Para\u00edba.\u00a0\u201c<em>A sinaliza\u00e7\u00e3o que estamos dando \u00e9 a de que mantivemos coerente com aquilo que nasceu em 2022. Ou seja, as pessoas que muitas vezes n\u00e3o enxergam consist\u00eancias nessas uni\u00f5es, enxergam aqui na capital que aquilo que foi constru\u00eddo teve continuidade<\/em>\u201d, avaliou.<\/p>\n<p>Presidente do Uni\u00e3o Brasil na Para\u00edba, o senador Efraim Filho afirmou que a decis\u00e3o por apoio a Ruy Carneiro se deu por converg\u00eancia de pensamentos pol\u00edticos.\u00a0\u201c<em>Levamos em considera\u00e7\u00e3o dois quesitos. Primeiro, foi de preservar um grupo que saiu vencedor das elei\u00e7\u00f5es em Jo\u00e3o Pessoa, onde tivemos um resultado expressivo. Outra quest\u00e3o, \u00e9 a agenda pol\u00edtica de Ruy Carneiro. Ruy \u00e9 amigo da sa\u00fade, tema que defendemos. Uma agenda voltada para o desenvolvimento da cidade<\/em>\u201d, pontuou.<\/p>\n<p><img decoding=\"async\" class=\"size-medium aligncenter\" src=\"https:\/\/obeabadosertao.com.br\/filerun\/wl\/?id=mYGfDN7CfRQejsATSUco8sg27Itej4MZ\" width=\"700\" height=\"500\" \/><\/p>\n<p>O ex-deputado federal Pedro Cunha Lima (PSDB) disse que a alian\u00e7a marca a uni\u00e3o da oposi\u00e7\u00e3o. \u201c<em>N\u00f3s temos uma oposi\u00e7\u00e3o unida, mostrando que nosso estado pode mais. Existe um time que est\u00e1 unido e tem for\u00e7a<\/em>\u201d, frisou.<\/p>\n<h2><span style=\"color: #000080;\"><strong>Escolha do candidato a vice<\/strong><\/span><\/h2>\n<p>O deputado federal Ruy Carneiro pontuou que ainda n\u00e3o h\u00e1 delibera\u00e7\u00e3o sobre o nome do pr\u00e9-candidato a vice-prefeito que ir\u00e1 compor a chapa como candidato a vice e que est\u00e1 em aberto.\u00a0\u201cEstamos discutindo com os partidos essa quest\u00e3o de vice. Ser\u00e1 um vice que tenha compromisso com a mudan\u00e7a em Jo\u00e3o Pessoa. N\u00e3o \u00e9 a quest\u00e3o de indicar cargos, mas de rela\u00e7\u00e3o de amor com a cidade\u201d, destacou \u201c<em>Ser\u00e1 um nome bom, que tenha rela\u00e7\u00e3o com a cidade, independente de partido, e se \u00e9 homem ou mulher<\/em>\u201d, assinalou.<\/p>\n<p>&nbsp;<\/p>\n<p>&nbsp;<\/p>\n<p>&nbsp;<\/p>\n","protected":false},"excerpt":{"rendered":"<p>Tempo de leitura: 2 minutosRuy Carneiro comemorou o apoio de Efraim Filho e Veneziano \u00e0 sua pr\u00e9-candidatura. &nbsp; O deputado [&hellip;]<\/p>\n","protected":false},"author":1,"featured_media":19509,"comment_status":"open","ping_status":"open","sticky":false,"template":"","format":"standard","meta":[],"categories":[4,20,6],"tags":[5415,21802,15896,574,448,88,3675,21803,21801,20517,2787,451,689,21800,13020,577],"amp_enabled":true,"_links":{"self":[{"href":"https:\/\/obeabadosertao.com.br\/portal\/wp-json\/wp\/v2\/posts\/19507"}],"collection":[{"href":"https:\/\/obeabadosertao.com.br\/portal\/wp-json\/wp\/v2\/posts"}],"about":[{"href":"https:\/\/obeabadosertao.com.br\/portal\/wp-json\/wp\/v2\/types\/post"}],"author":[{"embeddable":true,"href":"https:\/\/obeabadosertao.com.br\/portal\/wp-json\/wp\/v2\/users\/1"}],"replies":[{"embeddable":true,"href":"https:\/\/obeabadosertao.com.br\/portal\/wp-json\/wp\/v2\/comments?post=19507"}],"version-history":[{"count":3,"href":"https:\/\/obeabadosertao.com.br\/portal\/wp-json\/wp\/v2\/posts\/19507\/revisions"}],"predecessor-version":[{"id":19511,"href":"https:\/\/obeabadosertao.com.br\/portal\/wp-json\/wp\/v2\/posts\/19507\/revisions\/19511"}],"wp:featuredmedia":[{"embeddable":true,"href":"https:\/\/obeabadosertao.com.br\/portal\/wp-json\/wp\/v2\/media\/19509"}],"wp:attachment":[{"href":"https:\/\/obeabadosertao.com.br\/portal\/wp-json\/wp\/v2\/media?parent=19507"}],"wp:term":[{"taxonomy":"category","embeddable":true,"href":"https:\/\/obeabadosertao.com.br\/portal\/wp-json\/wp\/v2\/categories?post=19507"},{"taxonomy":"post_tag","embeddable":true,"href":"https:\/\/obeabadosertao.com.br\/portal\/wp-json\/wp\/v2\/tags?post=19507"}],"curies":[{"name":"wp","href":"https:\/\/api.w.org\/{rel}","templated":true}]}}