{"id":19533,"date":"2024-04-10T14:23:58","date_gmt":"2024-04-10T17:23:58","guid":{"rendered":"https:\/\/obeabadosertao.com.br\/portal\/?p=19533"},"modified":"2024-04-09T18:13:14","modified_gmt":"2024-04-09T21:13:14","slug":"schumacher-acidentado-ha-mais-de-10-anos-seu-estado-de-saude-e-enigma","status":"publish","type":"post","link":"https:\/\/obeabadosertao.com.br\/portal\/2024\/04\/10\/schumacher-acidentado-ha-mais-de-10-anos-seu-estado-de-saude-e-enigma\/","title":{"rendered":"Schumacher: acidentado h\u00e1 mais de 10 anos seu estado de sa\u00fade \u00e9 enigma"},"content":{"rendered":"<div id=\"tt-temp-estim\">Tempo de leitura: 17 minutos<\/div><h3><span style=\"color: #000080;\"><strong><em>O que disse a esposa de Schumacher e quais os mist\u00e9rios que o cercam ap\u00f3s o acidente?<\/em><\/strong><\/span><\/h3>\n<p>&nbsp;<\/p>\n<p>Pouco se sabe sobre o real estado de sa\u00fade de Michael Schumacher, sete vezes campe\u00e3o de F\u00f3rmula 1.<\/p>\n<p>Desde o acidente de esqui no dia 29 de dezembro de 2013, na Fran\u00e7a, onde o alem\u00e3o sofreu uma grave les\u00e3o cerebral, a fam\u00edlia optou por manter o tratamento em segredo, al\u00e9m de deixar o ex-piloto longe dos holofotes.<\/p>\n<p>Os m\u00e9dicos e amigos pr\u00f3ximos tamb\u00e9m est\u00e3o proibidos de passar informa\u00e7\u00f5es para a imprensa, o que s\u00f3 faz aumentar as especula\u00e7\u00f5es.<\/p>\n<p>Confira a trajet\u00f3ria de Schumacher e todos os boatos sobre sua situa\u00e7\u00e3o at\u00e9 aqui, al\u00e9m de rara declara\u00e7\u00e3o de sua esposa sobre seu estado de sa\u00fade.<\/p>\n<h2><strong><span style=\"color: #000080;\">Entenda o acidente<\/span><\/strong><\/h2>\n<p><img fetchpriority=\"high\" decoding=\"async\" class=\"size-medium aligncenter\" src=\"https:\/\/obeabadosertao.com.br\/filerun\/wl\/?id=BdmVd1TNH2xz4ice4muZizkJxUvnO192\" width=\"700\" height=\"500\" \/><\/p>\n<p>O alem\u00e3o Michael Schumacher sofreu um grave acidente de esqui nos Alpes Franceses, no dia 29 de dezembro de 2013.<\/p>\n<p>De acordo com as investiga\u00e7\u00f5es, o ex-piloto descia uma das pistas do complexo de M\u00e9ribel, juntamente com o filho Mick e alguns amigos, quando bateu com a cabe\u00e7a fortemente em uma pedra e sofreu um severo traumatismo craniano.<\/p>\n<h2><span style=\"color: #000080;\"><strong>Momentos de incertezas<\/strong><\/span><\/h2>\n<p><img decoding=\"async\" class=\"size-medium aligncenter\" src=\"https:\/\/obeabadosertao.com.br\/filerun\/wl\/?id=ZRwwLr8MGF4np8pSjMMh07QHGxCmXhwn\" width=\"700\" height=\"500\" \/><\/p>\n<p>Depois de bater a cabe\u00e7a e ficar desacordado, o ex-piloto foi resgatado por um helic\u00f3ptero e levado at\u00e9 o centro m\u00e9dico de Moutier.<\/p>\n<p>Em seguida, ele foi encaminhado ao Hospital de Grenoble, onde passou por cirurgia no c\u00e9rebro e ficou em coma induzido por seis meses.<\/p>\n<p>Ainda segundo as investiga\u00e7\u00f5es, o capacete conseguiu evitar a morte. Por\u00e9m, o acess\u00f3rio n\u00e3o o livrou dos profundos danos ao c\u00e9rebro.<\/p>\n<h2><strong><span style=\"color: #000080;\">Homem rouba prontu\u00e1rios<\/span><\/strong><\/h2>\n<p><img decoding=\"async\" class=\"size-medium aligncenter\" src=\"https:\/\/obeabadosertao.com.br\/filerun\/wl\/?id=IINkc9zLZ2IOgBmyGaClwMD9ZDzNuq8f\" width=\"700\" height=\"500\" \/><\/p>\n<p>Um homem chegou a roubar os prontu\u00e1rios m\u00e9dicos de Schumacher do Hospital Universit\u00e1rio de Gr\u00e9noble, na Fran\u00e7a, onde ele ficou internado ap\u00f3s o acidente.<\/p>\n<p>Por conta disso, ele acabou preso. Depois de algumas semanas, o rapaz foi encontrado enforcado dentro da cela. Segundo o Minist\u00e9rio P\u00fablico de Zurique, o homem era um dos funcion\u00e1rios da companhia su\u00ed\u00e7a Rega, especializada em transporte a\u00e9reo emergencial no pa\u00eds.<\/p>\n<p>A empresa chegou a ser procurada pela fam\u00edlia de Schumacher para levar o ex-piloto do hospital de Grenoble at\u00e9 o de Lausanne. Mas o translado acabou sendo feito de ambul\u00e2ncia. N\u00e3o se sabe ao certo como o ladr\u00e3o teve acesso ao dossi\u00ea.<\/p>\n<h2><span style=\"color: #000080;\"><strong>Custo para manter o \u00eddolo vivo<\/strong><\/span><\/h2>\n<p><img loading=\"lazy\" decoding=\"async\" class=\"alignnone size-medium\" src=\"https:\/\/obeabadosertao.com.br\/filerun\/wl\/?id=5GHWuRCi4OQV5HIfR5k4ljBpBeW3aXAY\" width=\"700\" height=\"500\" \/><\/p>\n<p>O alem\u00e3o segue internado em sua casa sob a supervis\u00e3o de uma equipe m\u00e9dica composta por 15 pessoas e coordenada pelo doutor Richard Frackowiak.<\/p>\n<p>Mas os cuidados especiais custam uma fortuna para a fam\u00edlia. Para manter o heptacampe\u00e3o de F\u00f3rmula 1 vivo, seus familiares precisam desembolsar mais de R$ 500 mil por semana.<\/p>\n<p>De acordo com o jornal espanhol As , os gastos com cuidados m\u00e9dicos j\u00e1 chegaram a mais de 28 milh\u00f5es de euros, valor equivalente a cerca de R$ 110 milh\u00f5es.<\/p>\n<h2><span style=\"color: #000080;\"><strong>O imp\u00e9rio<\/strong><\/span><\/h2>\n<p><img loading=\"lazy\" decoding=\"async\" class=\"size-medium aligncenter\" src=\"https:\/\/obeabadosertao.com.br\/filerun\/wl\/?id=pqq50GZXeFEV5XBOqRVdzxT4ikXbYulv\" width=\"700\" height=\"500\" \/><\/p>\n<p>Conforme informa\u00e7\u00f5es da revista &#8220;<em>Forbes<\/em>&#8220;, Michael Schumacher ganhou cerca de R$ 3,3 bilh\u00f5es enquanto competia. Ele \u00e9 o quinto esportista que mais faturou ao longo da carreira.<\/p>\n<p>No ranking, o alem\u00e3o est\u00e1 atr\u00e1s apenas de Michael Jordan (basquete), Tiger Woods, Arnold Palmer e Jack Nicklaus (todos do golfe).<\/p>\n<p>Mas a fortuna conquistada com o seu trabalho \u00e9 suficiente para manter o tratamento?<\/p>\n<h2><span style=\"color: #000080;\"><strong>Problemas financeiros?<\/strong><\/span><\/h2>\n<p><img loading=\"lazy\" decoding=\"async\" class=\"size-medium aligncenter\" src=\"https:\/\/obeabadosertao.com.br\/filerun\/wl\/?id=8v2gjcbK3Rzih2ueLrW1RMK4h3HUyZhi\" width=\"700\" height=\"500\" \/><\/p>\n<p>A situa\u00e7\u00e3o financeira de sua fam\u00edlia n\u00e3o parece das melhores. Desde o acidente, v\u00e1rios patrocinadores deixaram de apoiar Schumacher e a renda diminuiu drasticamente.<\/p>\n<p>Em 2015, foi noticiado que sua esposa, Corinna Schumacher, vendeu o avi\u00e3o particular da fam\u00edlia por US$ 38 milh\u00f5es.<\/p>\n<p>Uma mans\u00e3o na Noruega, perto da capital Oslo, tamb\u00e9m teria sido negociada para ajudar nas despesas.<\/p>\n<h2><span style=\"color: #000080;\"><strong>Ferrari para vender<\/strong><\/span><\/h2>\n<p><img loading=\"lazy\" decoding=\"async\" class=\"size-medium aligncenter\" src=\"https:\/\/obeabadosertao.com.br\/filerun\/wl\/?id=F9ro7IByGvyTUx6akfirdsGkudbjQ9hf\" width=\"700\" height=\"500\" \/><\/p>\n<p>A fam\u00edlia Schumacher colocou para vender a Ferrari Enzo do alem\u00e3o, segundo informa\u00e7\u00f5es da publica\u00e7\u00e3o &#8220;<em>Motor1<\/em>&#8220;.<\/p>\n<p>\u00c9 a segunda vez que os familiares do ex-piloto tentam vender o ve\u00edculo. A primeira fez foi em 2013, logo ap\u00f3s o acidente, quando foi pedido 1,12 milh\u00f5es de euros.<\/p>\n<p>O valor atual n\u00e3o foi revelado. A Ferrari Enzo de Schumacher \u00e9 uma das 399 unidades dispon\u00edveis, mas este exemplar conta com v\u00e1rias particularidades.<\/p>\n<h2><strong><span style=\"color: #000080;\">Entrada de Rubinho \u00e9 vetada<\/span><\/strong><\/h2>\n<p><img loading=\"lazy\" decoding=\"async\" class=\"size-medium aligncenter\" src=\"https:\/\/obeabadosertao.com.br\/filerun\/wl\/?id=0dp0JlfqIx5weLQginoOinRzKNB2HyXo\" width=\"700\" height=\"500\" \/><\/p>\n<p>Rubens Barrichello, colega de Schumacher na equipe Ferrari entre 2000 e 2005, garante que tamb\u00e9m n\u00e3o tem informa\u00e7\u00f5es sobre o estado de sa\u00fade do ex-companheiro.<\/p>\n<p>Durante entrevista ao programa \u201c<em>Conversa com Bial<\/em>\u201d, ele revelou que teve sua visita negada em 2015: \u201c<em>Estou buscando meios de saber como \u00e9 que posso ir visit\u00e1-lo. A primeira vez que eu tentei, eles negaram. Eles falaram: \u2018Oh, n\u00e3o vai fazer nenhum bem para voc\u00ea, e tamb\u00e9m n\u00e3o vai fazer para ele.\u2019 N\u00e3o tenho not\u00edcias dele, mas ele deve estar presente de alguma forma<\/em>&#8220;.<\/p>\n<h2><span style=\"color: #000080;\"><strong>Felipe Massa visitou Michael<\/strong><\/span><\/h2>\n<p><img loading=\"lazy\" decoding=\"async\" class=\"size-medium aligncenter\" src=\"https:\/\/obeabadosertao.com.br\/filerun\/wl\/?id=OFSLQLFE1DbXJrYq2ukz5IhlIb3FWj72\" width=\"700\" height=\"500\" \/><\/p>\n<p>Durante o programa Bem Amigos, do SporTV , o brasileiro Felipe Massa confessou ter conhecimento sobre as condi\u00e7\u00f5es m\u00e9dicas do alem\u00e3o.<\/p>\n<p>Por\u00e9m, ele evitou dar detalhes em respeito aos familiares de Schumacher: &#8220;<em>Eles preferem deixar tudo entre eles. Eu sei como ele est\u00e1, tenho essa informa\u00e7\u00e3o. Mas a fam\u00edlia quem tem de passar a informa\u00e7\u00e3o, \u00e9 a fam\u00edlia quem tem de dizer como ele est\u00e1, como n\u00e3o t\u00e1<\/em>\u201d.<\/p>\n<p>O ex-piloto ainda ressaltou sua torcida pela recupera\u00e7\u00e3o do ex-companheiro de Ferrari: \u201c<em>Continuo sempre torcendo por ele, pela recupera\u00e7\u00e3o dele, pra voltar, pra quem sabe aparecer, ver um carro de corrida<\/em>&#8220;. Ele foi um dos \u00fanicos poucos autorizados a visitar o alem\u00e3o.<\/p>\n<h2><span style=\"color: #000080;\"><strong>Empres\u00e1rio pede a verdade<\/strong><\/span><\/h2>\n<p><img loading=\"lazy\" decoding=\"async\" class=\"size-medium aligncenter\" src=\"https:\/\/obeabadosertao.com.br\/filerun\/wl\/?id=oMAHtNaun8lNOmx8BjZL828D4ZoHby0a\" width=\"700\" height=\"500\" \/><\/p>\n<p>O ex-empres\u00e1rio de Schumacher, Willi Weber, acredita que chegou a hora da fam\u00edlia contar a verdade.<\/p>\n<p>Em entrevista \u00e0 revista alem\u00e3 \u201c<em>Bunte<\/em>\u201d, ele criticou o sil\u00eancio dos familiares do ex-piloto: &#8220;<em>Batalhei durante um tempo porque a fam\u00edlia Schumacher n\u00e3o conta toda a verdade. Mas estou batendo a cabe\u00e7a contra a parede. N\u00e3o escutam o meu conselho. \u00c9 hora de dizer a verdade para os f\u00e3s<\/em>&#8220;.<\/p>\n<p>Ser\u00e1 que eles v\u00e3o seguir os conselhos do agente?<\/p>\n<h2><span style=\"color: #000080;\"><strong>E agente tamb\u00e9m teve entrada vetada<\/strong><\/span><\/h2>\n<p><img loading=\"lazy\" decoding=\"async\" class=\"size-medium aligncenter\" src=\"https:\/\/obeabadosertao.com.br\/filerun\/wl\/?id=dlzAiTjna1snp5ut5ZZIHcTKb1ouio0W\" width=\"700\" height=\"500\" \/><\/p>\n<p>N\u00e3o foi a primeira vez que Will Weber bateu de frente com a fam\u00edlia do ex-piloto. Assim como Rubinho Barrichello, ele j\u00e1 havia se queixado de ter sido proibido de visitar o heptacampe\u00e3o da F\u00f3rmula-1.<\/p>\n<p>Mesmo sem maiores informa\u00e7\u00f5es, o ex-agente diz que n\u00e3o perdeu as esperan\u00e7as de ver Schumacher melhor: &#8220;<em>Quando estou em casa e toca o telefone, \u00e0s vezes penso que ser\u00e1 Michael para me perguntar como estou<\/em>&#8220;.<\/p>\n<h2><span style=\"color: #000080;\"><strong>O que \u00e9 oficial<\/strong><\/span><\/h2>\n<p><img loading=\"lazy\" decoding=\"async\" class=\"size-medium aligncenter\" src=\"https:\/\/obeabadosertao.com.br\/filerun\/wl\/?id=csxC7Hpb9rljkcR6MvA821YEAmUpbSGY\" width=\"700\" height=\"500\" \/><\/p>\n<p>O que se sabe, at\u00e9 o momento, \u00e9 que Schumacher n\u00e3o anda. A informa\u00e7\u00e3o foi confirmada pelos seus advogados em tribunal, durante um processo movido contra a revista alem\u00e3 &#8220;<em>B\u00fcnte<\/em>&#8220;.<\/p>\n<p>A publica\u00e7\u00e3o foi processada depois de divulgar um artigo sobre o estado do ex-piloto, onde relatava que &#8220;<em>apesar de muito magro voltou a andar, com a ajuda dos terapeutas, dando alguns passos e conseguindo levantar um bra\u00e7o<\/em>&#8220;.<\/p>\n<p>A revista teve de pagar uma indeniza\u00e7\u00e3o de 50.000 euros (cerca de 168.000 reais) \u00e0 fam\u00edlia de Schumacher.<\/p>\n<h2><span style=\"color: #000080;\"><strong>Declara\u00e7\u00e3o da esposa de Schumacher<\/strong><\/span><\/h2>\n<p><img loading=\"lazy\" decoding=\"async\" class=\"size-medium aligncenter\" src=\"https:\/\/obeabadosertao.com.br\/filerun\/wl\/?id=CzaeUXf8jaVHAufAXo0udpSdVp3oSC3g\" width=\"700\" height=\"500\" \/><\/p>\n<p>Em meados de junho de 2014, Schumacher foi transferido para um hospital de Lausanne e, em seguida, para sua mans\u00e3o em Gland, na Su\u00ed\u00e7a, onde mora com a fam\u00edlia. Desde ent\u00e3o, pouco se sabe sobre seu estado de sa\u00fade.<\/p>\n<p>As informa\u00e7\u00f5es sobre seu tratamento e evolu\u00e7\u00e3o s\u00e3o mantidas a sete chaves por familiares e amigos, o que tem gerado uma s\u00e9rie intermin\u00e1vel de boatos.<\/p>\n<p>Alguns j\u00e1 foram desmentidos. Numa rar\u00edssima declara\u00e7\u00e3o da esposa Corinna Betsch, ela pontuou: \u201c<em>Ele est\u00e1 melhorando aos poucos com certeza, mas, de qualquer forma, ficando bom<\/em>\u201d.<\/p>\n<h2><span style=\"color: #000080;\"><strong>Advogado defende blindagem<\/strong><\/span><\/h2>\n<p><img loading=\"lazy\" decoding=\"async\" class=\"size-medium aligncenter\" src=\"https:\/\/obeabadosertao.com.br\/filerun\/wl\/?id=BlGXu2qvp6rZ8mugziC3Jxj8RpcsWwbW\" width=\"700\" height=\"500\" \/><\/p>\n<p>Advogado da fam\u00edlia Schumacher, Felix Damm apoia a atitude da esposa do ex-piloto.<\/p>\n<p>Ele argumenta que, apesar do alem\u00e3o se tratar de uma figura p\u00fablica, a sua fam\u00edlia n\u00e3o tem a obriga\u00e7\u00e3o de dar informa\u00e7\u00f5es sobre o processo de recupera\u00e7\u00e3o: \u201c<em>N\u00e3o \u00e9 poss\u00edvel divulgar um comunicado e esclarecer todas as quest\u00f5es. Em vez disso, cada comunicado levar\u00e1 a novas quest\u00f5es<\/em>\u201d.<\/p>\n<h2><span style=\"color: #000080;\"><strong>&#8220;<em>Schumacher n\u00e3o consegue andar<\/em>&#8220;<\/strong><\/span><\/h2>\n<p><img loading=\"lazy\" decoding=\"async\" class=\"size-medium aligncenter\" src=\"https:\/\/obeabadosertao.com.br\/filerun\/wl\/?id=xVFoZJUqSQApXaYFXH7t9f1DDkoaugQv\" width=\"700\" height=\"500\" \/><\/p>\n<p>Apesar de evitar o assunto, o advogado Felix Damm foi o respons\u00e1vel por desmentir as informa\u00e7\u00f5es divulgadas pela revista alem\u00e3 Bunte, que disse que o ex-piloto j\u00e1 era capaz de andar.<\/p>\n<p>Damm negou: &#8220;<em>Ele n\u00e3o consegue andar. Optamos por n\u00e3o divulgar nada porque n\u00e3o queremos dar falsas esperan\u00e7as a ningu\u00e9m, que \u00e9 precisamente o que as revistas que escrevem isso est\u00e3o a fazer. Opt\u00e1vamos por manter o seu estado de sa\u00fade reservado, at\u00e9 pela gravidade das suas les\u00f5es<\/em>&#8220;.<\/p>\n<h2><span style=\"color: #000080;\"><strong>Filho segue os passos do pai<\/strong><\/span><\/h2>\n<p><img loading=\"lazy\" decoding=\"async\" class=\"size-medium aligncenter\" src=\"https:\/\/obeabadosertao.com.br\/filerun\/wl\/?id=mslk3bIH9wdwVCC4ynHsRDcqeJN0bfxG\" width=\"700\" height=\"500\" \/><\/p>\n<p>Michael tem dois filhos, Gina-Marie Schumacher e Mick Schumacher. O rapaz segue os passos do pai. Aos 19 anos, Mick j\u00e1 passou pelo kart e atualmente compete na F3 Europeia.<\/p>\n<p>No \u00faltimo ano, o jovem homenageou o pai antes do in\u00edcio do Grande Pr\u00eamio da B\u00e9lgica. Ele deu uma volta no circuito de Spa-Francorchamps com uma r\u00e9plica da Benetton de 1994 com que Michael conquistou o primeiro de seus sete t\u00edtulos da categoria. E foi ovacionado pelo p\u00fablico.<\/p>\n<h2><span style=\"color: #000080;\"><strong>Uma vit\u00f3ria especial<\/strong><\/span><\/h2>\n<p><img loading=\"lazy\" decoding=\"async\" class=\"size-medium aligncenter\" src=\"https:\/\/obeabadosertao.com.br\/filerun\/wl\/?id=cXjoR4fy3oFBseWuc1XB9VxyhyA3jHYk\" width=\"700\" height=\"500\" \/><\/p>\n<p>O dia 28 de julho de 2018 ficar\u00e1 marcado para sempre na vida de Mick Schumacher.<\/p>\n<p>O filho do heptacampe\u00e3o mundial de F\u00f3rmula conquistou sua primeira vit\u00f3ria na F\u00f3rmula 3 Europeia, exatamente no mesmo circuito em que o pai ganhou pela primeira vez na principal categoria do automobilismo, em 1992. Parece que ele ter\u00e1 uma jornada cheia de vit\u00f3rias como seu pai.<\/p>\n<h2><strong><span style=\"color: #000080;\">Sobrinho tamb\u00e9m sonha com F-1<\/span><\/strong><\/h2>\n<p><img loading=\"lazy\" decoding=\"async\" class=\"size-medium aligncenter\" src=\"https:\/\/obeabadosertao.com.br\/filerun\/wl\/?id=GnioS01ItoYzcxPaU4G0sJyL8bxLfCEY\" width=\"700\" height=\"500\" \/><\/p>\n<p>A fam\u00edlia Schumacher tem mais um membro sonhando em competir na F\u00f3rmula 1: David Schumacher. O garoto de 16 anos \u00e9 filho de Ralf Schumacher, ex-piloto da categoria, e sobrinho do heptacampe\u00e3o mundial Michael Schumacher.<\/p>\n<p>Em entrevista \u00e0 revista alem\u00e3 \u201c<em>Sport Bild<\/em>&#8220;, o jovem confessou que sonha seguir os passos da fam\u00edlia e chegar \u00e0 elite do automobilismo: &#8220;<em>Eu definitivamente quero estar na F\u00f3rmula 1. Espero tamb\u00e9m estar em uma equipe muito boa, e gostaria de estar junto com o meu primo Mick no in\u00edcio da F\u00f3rmula 1. Ficaria muito feliz em disputar uma corrida de F\u00f3rmula 1 com meu primo Mick<\/em>&#8220;.<\/p>\n<h2><span style=\"color: #000080;\"><strong>Filho se emociona ao falar de Schumacher<\/strong><\/span><\/h2>\n<p><img loading=\"lazy\" decoding=\"async\" class=\"size-medium aligncenter\" src=\"https:\/\/obeabadosertao.com.br\/filerun\/wl\/?id=Qq7Xu0ZYwrhnn15vPQhB05wz7mQ4LHVM\" width=\"700\" height=\"500\" \/><\/p>\n<p>Mick Schumacher falou sobre seu pai pela primeira vez, em 2017, antes de fazer sua estreia na F\u00f3rmula 3. Durante a entrevista, ele confessou que sonha em conquistar os mesmos feitos que o ex-piloto: \u201c<em>Meu pai \u00e9 o meu modelo, simplesmente porque ele \u00e9 o melhor. \u00c9 o meu \u00eddolo e meu objetivo \u00e9 chegar a ser campe\u00e3o do mundo de F\u00f3rmula 1 como ele<\/em>\u201d.<\/p>\n<p>Apesar de s\u00f3 ter 18 anos, muito se especula sobre uma poss\u00edvel ida \u00e0 F\u00f3rmula 1. Por\u00e9m, o jovem evita falar sobre o futuro: \u201c<em>Ainda n\u00e3o penso na F\u00f3rmula 1 neste momento, mas logo veremos o que acontece no futuro<\/em>&#8220;.<\/p>\n<h2><strong><span style=\"color: #000080;\">Filha tamb\u00e9m quebra sil\u00eancio<\/span><\/strong><\/h2>\n<p><img loading=\"lazy\" decoding=\"async\" class=\"size-medium aligncenter\" src=\"https:\/\/obeabadosertao.com.br\/filerun\/wl\/?id=f9erkZQgR69GBZ4R10Ahi9XkBM4zGXrM\" width=\"700\" height=\"500\" \/><\/p>\n<p>Aos 21 anos, Gina-Maria Schumacher tamb\u00e9m resolveu falar sobre o pai depois de alguns anos.<\/p>\n<p>Em um programa de televis\u00e3o da Alemanha, ela demostrou sua admira\u00e7\u00e3o pelo ex-piloto e explicou sua paix\u00e3o por cavalos: &#8220;<em>Fui v\u00e1rias vezes com ele, mas sempre preferi os cavalos<\/em>&#8220;.<\/p>\n<p>A jovem \u00e9 uma consagrada cavaleira, tendo j\u00e1 vencido diversas competi\u00e7\u00f5es. Apesar de falar sobre o pai, ela n\u00e3o deu detalhes sobre a recupera\u00e7\u00e3o.<\/p>\n<h2><strong><span style=\"color: #000080;\">Ex-presidente da Ferrari lamenta situa\u00e7\u00e3o<\/span><\/strong><\/h2>\n<p><img loading=\"lazy\" decoding=\"async\" class=\"size-medium aligncenter\" src=\"https:\/\/obeabadosertao.com.br\/filerun\/wl\/?id=juHVCF9dHXEe6WzWcV8rRi29oK9IWk8v\" width=\"700\" height=\"500\" \/><\/p>\n<p>Poucas pessoas falam sobre o estado de sa\u00fade do ex-piloto. Em 2016, quem resolveu comentar sobre a recupera\u00e7\u00e3o de Schumacher foi ex-presidente da Ferrari Luca di Montezemolo.<\/p>\n<p>Sem muitos detalhes, ele lamentou a situa\u00e7\u00e3o vivida pelo \u00eddolo da F\u00f3rmula-1: &#8220;<em>Tenho not\u00edcias e infelizmente n\u00e3o s\u00e3o boas. N\u00e3o \u00e9 como eu gostaria. Todo o mundo tem dito que ele era um esquiador veloz. Isso n\u00e3o \u00e9 verdade. \u00c9 por uma daquelas circunst\u00e2ncias da vida que ele se encontra ainda na presente situa\u00e7\u00e3o<\/em>&#8220;.<\/p>\n<h2><strong><span style=\"color: #000080;\">Porta-voz justifica sil\u00eancio<\/span><\/strong><\/h2>\n<p><img loading=\"lazy\" decoding=\"async\" class=\"size-medium aligncenter\" src=\"https:\/\/obeabadosertao.com.br\/filerun\/wl\/?id=BB0slH0MpM6X3Iriek8v9VpAs1DGU2Nt\" width=\"700\" height=\"500\" \/><\/p>\n<p>A porta-voz da fam\u00edlia de Michael Schumacher, Sabine Kehm, explicou o motivo de n\u00e3o dar declara\u00e7\u00f5es sobre o estado de sa\u00fade do ex-piloto.<\/p>\n<p>Segundo ela, o sil\u00eancio \u00e9 a \u00fanica alternativa: \u201cN\u00e3o vejo op\u00e7\u00e3o. Cada frase se torna uma pergunta, cada palavra \u00e9 um motivo para se obter novas informa\u00e7\u00f5es, e sempre ser\u00e1 assim. Antes do acidente, a vida privada de Michael era sagrada, e todos sempre aceitaram desta <em>forma\u201d.<\/em><\/p>\n<p>Sobre a recupera\u00e7\u00e3o de Schumacher, Kehm foi enf\u00e1tica. \u201c<em>A recupera\u00e7\u00e3o de Michael \u00e9 um processo cont\u00ednuo<\/em>\u201d.<\/p>\n<h2><strong><span style=\"color: #000080;\">F\u00e3s esperam uma resposta<\/span><\/strong><\/h2>\n<p><img loading=\"lazy\" decoding=\"async\" class=\"size-medium aligncenter\" src=\"https:\/\/obeabadosertao.com.br\/filerun\/wl\/?id=jctceRWyUe1yuOWPWN8tL3YMEWZpEXbO\" width=\"700\" height=\"500\" \/><\/p>\n<p>Aos 49 anos, o ex-piloto segue em casa e nenhuma informa\u00e7\u00e3o oficial \u00e9 divulgada pela fam\u00edlia. Mesmo assim, os f\u00e3s seguem esperan\u00e7osos e aguardam por novidades.<\/p>\n<p>Desde o grave acidente, a internet se solidarizou com o \u00eddolo, com mensagens de apoio \u00e0 fam\u00edlia usando a &#8220;<em>hashtag<\/em>&#8221; #KeepFightingMichael.<\/p>\n<p>Outros pilotos tamb\u00e9m adotaram a campanha. At\u00e9 a Mercedes chegou a colocar um adesivo em seus carros.<\/p>\n<h2><span style=\"color: #000080;\"><strong>Uma not\u00edcia duvidosa<\/strong><\/span><\/h2>\n<p><img loading=\"lazy\" decoding=\"async\" class=\"size-medium aligncenter\" src=\"https:\/\/obeabadosertao.com.br\/filerun\/wl\/?id=8lSJ2GJ95ooTjzar7aH1WxxqC5KcKkRg\" width=\"700\" height=\"500\" \/><\/p>\n<p>Desde o acidente, alguns boatos foram desmentidos. Mas algumas not\u00edcias seguem como especula\u00e7\u00f5es, sem nenhuma confirma\u00e7\u00e3o.<\/p>\n<p>A revista italiana &#8220;<em>Autosprint<\/em>&#8221; chegou a publicar que Schumacher teria os m\u00fasculos faciais im\u00f3veis, mas responderia a est\u00edmulos sonoros com os olhos.<\/p>\n<p>Al\u00e9m disso, ele j\u00e1 ficaria sentado em cadeira de fisioterapia para fazer exerc\u00edcios e \u201c<em>chora ao escutar a voz dos filhos e da mulher Corinna<\/em>&#8220;. Nada disso \u00e9 confirmado pelas fontes oficiais.<\/p>\n<h2><strong><span style=\"color: #000080;\">Outro boato<\/span><\/strong><\/h2>\n<p><img loading=\"lazy\" decoding=\"async\" class=\"size-medium aligncenter\" src=\"https:\/\/obeabadosertao.com.br\/filerun\/wl\/?id=QCxmbUnOCPArZ93RqcKzLOHJa9I86TRS\" width=\"700\" height=\"500\" \/><\/p>\n<p>Em setembro de 2017, a revista alem\u00e3 &#8220;<em>Bravo<\/em>&#8221; divulgou uma nota sobre a inten\u00e7\u00e3o da fam\u00edlia de transferir Michael para uma cl\u00ednica nos Estados Unidos, em Dallas, no Texas, especializada em les\u00f5es cerebrais, comandada pelo Dr. Mark Weeks.<\/p>\n<p>A publica\u00e7\u00e3o ainda ressaltou que o ex-piloto estaria &#8220;<em>muito fraco<\/em>&#8221; e por isso o tratamento seria em terras norte-americanas. Por\u00e9m, at\u00e9 o momento ele segue na Europa.<\/p>\n<h2><strong><span style=\"color: #000080;\">Uma foto atual?<\/span><\/strong><\/h2>\n<p><img loading=\"lazy\" decoding=\"async\" class=\"size-medium aligncenter\" src=\"https:\/\/obeabadosertao.com.br\/filerun\/wl\/?id=162tWDA98pSr5iCeEm5ruQXwnMXTueFh\" width=\"700\" height=\"500\" \/><\/p>\n<p>Outro indiv\u00edduo, desta vez um papparazzi, anunciou que teria conseguido tirar uma foto de Schumacher em sua resid\u00eancia e que o ex-piloto estaria pesando apenas 45 quilos.<\/p>\n<p>Ele teria pedido um milh\u00e3o de euros pela imagem, que nunca chegou a ser publicada nos ve\u00edculos de comunica\u00e7\u00e3o.<\/p>\n<p>Seria apenas um boato? Tempos depois um jornal voltou a falar sobre o assunto, mas efetivamente nada foi divulgado.<\/p>\n<h2><strong><span style=\"color: #000080;\">Schumacher perde muito peso<\/span><\/strong><\/h2>\n<p><img loading=\"lazy\" decoding=\"async\" class=\"size-medium aligncenter\" src=\"https:\/\/obeabadosertao.com.br\/filerun\/wl\/?id=t4ABBYxoHHAkDRcvMnigMw5bg7P9PWhi\" width=\"700\" height=\"500\" \/><\/p>\n<p>A foto n\u00e3o apareceu, mas a informa\u00e7\u00e3o passou a ser tratada como verdade. Em 2015, o jornal brit\u00e2nico &#8220;<em>Daily Express<\/em>&#8221; divulgou que o ex-piloto estaria mesmo pesando somente 45 quilos, bem menos do que costumava pesar, e n\u00e3o conseguiria falar ou se locomover sozinho.<\/p>\n<p>A publica\u00e7\u00e3o entrevistou uma fonte pr\u00f3xima \u00e0 fam\u00edlia que disse \u201c<em>n\u00e3o ver milagres no horizonte<\/em>\u201d. Mais uma vez as informa\u00e7\u00f5es n\u00e3o foram confirmadas de forma oficial.<\/p>\n<h2><strong><span style=\"color: #000080;\">A carreira<\/span><\/strong><\/h2>\n<p><img loading=\"lazy\" decoding=\"async\" class=\"size-medium aligncenter\" src=\"https:\/\/obeabadosertao.com.br\/filerun\/wl\/?id=dtXq0GV0GqQjQD7fEW6IahtBmurZhYtf\" width=\"700\" height=\"500\" \/><\/p>\n<p>Na F\u00f3rmula 1, Michael Schumacher estreou no GP da B\u00e9lgica em 1991 pela Jordan, mas na corrida seguinte j\u00e1 competiu pela Bennetton, onde ficou at\u00e9 1995.<\/p>\n<p>No ano seguinte, o alem\u00e3o foi contratado pela Ferrari, equipe pela qual conquistou cinco t\u00edtulos mundiais (consecutivos), entre 2000 e 2004, e onde permaneceu at\u00e9 2006, at\u00e9 deixar a categoria pela primeira vez.<\/p>\n<h2><strong><span style=\"color: #000080;\">O retorno<\/span><\/strong><\/h2>\n<p><img loading=\"lazy\" decoding=\"async\" class=\"size-medium aligncenter\" src=\"https:\/\/obeabadosertao.com.br\/filerun\/wl\/?id=SB8wJq5acRJ41Ux3nxFoLnITuVywgDF3\" width=\"700\" height=\"500\" \/><\/p>\n<p>Depois, Schumacher foi correr de motos, mas sofreu algumas quedas que provocaram ferimentos e tiraram boa parte do seu vigor f\u00edsico e mental.<\/p>\n<p>Ele retornou ao antigo esporte em 2010, pela Mercedes, que voltava \u00e0 F\u00f3rmula 1 ap\u00f3s comprar a Brawn-GP, campe\u00e3 de construtores e de pilotos (com Jenson Button) no ano anterior.<\/p>\n<h2><strong><span style=\"color: #000080;\">Uma despedida sem vit\u00f3rias<\/span><\/strong><\/h2>\n<p><img loading=\"lazy\" decoding=\"async\" class=\"size-medium aligncenter\" src=\"https:\/\/obeabadosertao.com.br\/filerun\/wl\/?id=GEmTAYufFP4BfUQijuovDsbFuqHUaYkD\" width=\"700\" height=\"500\" \/><\/p>\n<p>Depois de retornar \u00e0 F\u00f3rmula 1, Schumacher n\u00e3o conseguiu grandes resultados. Entre 2010 e 2012, ele subiu apenas uma vez ao p\u00f3dio, no GP da Europa, disputado em Val\u00eancia, Espanha, quando chegou em terceiro lugar.<\/p>\n<p>Ele se despediu das corridas com um 7\u00ba lugar no Brasil, tendo largado em 14\u00ba. Mesmo fora do p\u00f3dio, ele comemorou: &#8220;<em>Foi excitante&#8221;<\/em>.<\/p>\n<h2><strong><span style=\"color: #000080;\">As vit\u00f3rias<\/span><\/strong><\/h2>\n<p><img loading=\"lazy\" decoding=\"async\" class=\"size-medium aligncenter\" src=\"https:\/\/obeabadosertao.com.br\/filerun\/wl\/?id=IqBaJMKuUBXTnRIzp0pSlvcvjPNr5lLt\" width=\"700\" height=\"500\" \/><\/p>\n<p>Em 2012, ele anunciou sua aposentadoria, encerrando uma carreira de 19 temporadas na principal categoria do esporte a motor, com direito a sete t\u00edtulos mundiais, 91 vit\u00f3rias e uma s\u00e9rie de recordes.<\/p>\n<p>O campe\u00e3o se retirou de cena alguns dias ap\u00f3s a Mercedes anunciar a contrata\u00e7\u00e3o de Lewis Hamilton para fazer dupla com Nico Rosberg.<\/p>\n<h2><strong><span style=\"color: #000080;\">26 anos da primeira conquista<\/span><\/strong><\/h2>\n<p><img loading=\"lazy\" decoding=\"async\" class=\"size-medium aligncenter\" src=\"https:\/\/obeabadosertao.com.br\/filerun\/wl\/?id=EpkNW26rTpSPsd82Bl7Jo0HaqHDcbgUM\" width=\"700\" height=\"500\" \/><\/p>\n<p>Neste m\u00eas completa 26 anos que Michael Schumacher, guiando sua Benetton, venceu pela primeira vez uma corrida de Formula 1.<\/p>\n<p>O triunfo aconteceu no dia 30 de agosto de 1992. No circuito de Spa-Francorchamps, no Grande Pr\u00eamio da B\u00e9lgica, o alem\u00e3o deixou para tr\u00e1s nomes como Nigel Mansell, Riccardo Patrese e Ayrton Senna.<\/p>\n<p>Na \u00e9poca, o ex-piloto tinha apenas 23 anos e superou at\u00e9 o seu colega de equipe Martin Brundle.<\/p>\n<h2><strong><span style=\"color: #000080;\">Schumacher coloca Alemanha no topo<\/span><\/strong><\/h2>\n<p><img loading=\"lazy\" decoding=\"async\" class=\"size-medium aligncenter\" src=\"https:\/\/obeabadosertao.com.br\/filerun\/wl\/?id=v3371TQIWMum1xkaBQmwZSNfSHBZzHPz\" width=\"700\" height=\"500\" \/><\/p>\n<p>Durante longos 17 anos, nenhum alem\u00e3o havia vencido uma corrida de F\u00f3rmula 1. Em 1992, ele fez o seu em primeiro ano completo na categoria.<\/p>\n<p>A vit\u00f3ria na B\u00e9lgica ajudou Michael Schumacher a terminar em terceiro lugar no campeonato, atr\u00e1s apenas de Mansell e Patrese. O ent\u00e3o novato superou at\u00e9 mesmo o brasileiro Ayrton Senna.<\/p>\n<p>Ele foi o melhor rec\u00e9m-chegado \u00e0 F\u00f3rmula 1 desde ex-automobilista brit\u00e2nico Jackie Stewart. E duas temporadas depois ele se tornaria campe\u00e3o mundial. Uma carreira mete\u00f3rica.<\/p>\n<h2><strong><span style=\"color: #000080;\">As pol\u00eamicas<\/span><\/strong><\/h2>\n<p><img loading=\"lazy\" decoding=\"async\" class=\"size-medium aligncenter\" src=\"https:\/\/obeabadosertao.com.br\/filerun\/wl\/?id=gy4tpwIY5MmmtKb3BYL3vgXfAiA87NaM\" width=\"700\" height=\"500\" \/><\/p>\n<p>Ao longo de sua carreira, o ex-piloto tamb\u00e9m acumulou pol\u00eamicas. Algumas s\u00e3o bem conhecidas, entre elas o comentado uso de eletr\u00f4nica (proibida) no carro de 1994 da Benetton, e a ordem da Ferrari para que Rubens Barrichello cedesse sua posi\u00e7\u00e3o no GP da \u00c1ustria de 2002.<\/p>\n<p>Tamb\u00e9m teve o epis\u00f3dio das manobras que tiraram pilotos das provas, quando estes brigavam por t\u00edtulos com ele, casos de Damon Hill e Jacques Villeneuve.<\/p>\n<h2><strong><span style=\"color: #000080;\">A pol\u00eamica ultrapassagem<\/span><\/strong><\/h2>\n<p><img loading=\"lazy\" decoding=\"async\" class=\"size-medium aligncenter\" src=\"https:\/\/obeabadosertao.com.br\/filerun\/wl\/?id=1papkHo1oF4UuT5yLzfGhIjiJroGmUsR\" width=\"700\" height=\"500\" \/><\/p>\n<p>Ainda na mesma entrevista, Rubinho falou sobre a pol\u00eamica ultrapassagem que ele teve que ceder a Schumacher para garantir o t\u00edtulo do alem\u00e3o: &#8220;<em>Eu entrei na \u00faltima curva decidido que eu n\u00e3o ia deixar. E a\u00ed voc\u00ea fica em um momento assim: &#8216;Eu amo tanto o que eu fa\u00e7o. Ser\u00e1 que vou ser despedido? Ser\u00e1 que vai acontecer isso? Ser\u00e1 que vai acontecer ou aquilo? Esse dia, sa\u00ed do p\u00f3dio e n\u00e3o fui para a sala de imprensa porque fui passar mal. Vomitei muito de raiva. Mudaram as regras da F\u00f3rmula 1 por causa desse dia. (&#8230;) Hoje em dia, voc\u00ea ouve em casa o que o piloto est\u00e1 falando. Nesse dia, se voc\u00ea tivesse ouvido, voc\u00ea iria sentir nojo<\/em>&#8220;.<\/p>\n<h2><span style=\"color: #000080;\"><strong>Homenagem aos 49 anos<\/strong><\/span><\/h2>\n<p><img loading=\"lazy\" decoding=\"async\" class=\"size-medium aligncenter\" src=\"https:\/\/obeabadosertao.com.br\/filerun\/wl\/?id=hd5zCNlwQehK81X6EE3rMi9QIbdF8t4l\" width=\"700\" height=\"500\" \/><\/p>\n<p>No dia 3 de janeiro deste ano, o ex-piloto completou 49 anos. E as antigas escuderias n\u00e3o deixaram passar a oportunidade de homenagear o eterno \u00eddolo da F\u00f3rmula 1.<\/p>\n<p>Atrav\u00e9s de perfis oficiais no Twitter, Ferrari e Mercedes publicaram imagens de Schumacher e usaram a mesma hashtag para mandar uma for\u00e7a extra ao ex-piloto: #keepfighting.<\/p>\n<p>A equipe italiana publicou: \u201c<em>Hoje, Michael completa 49 anos. Nossos pensamentos est\u00e3o sempre com ele. Continue lutando. For\u00e7a Michael\u201d. J\u00e1 a brit\u00e2nica escreveu: \u201c155 p\u00f3dios, 91 vit\u00f3rias, 68 poles, 7 t\u00edtulos, n\u00famero um do mundo&#8230; Lenda. Parab\u00e9ns Michael. Continue lutando<\/em>\u201d.<\/p>\n<h2><strong><span style=\"color: #000080;\">Ajudando pessoas<\/span><\/strong><\/h2>\n<p><img loading=\"lazy\" decoding=\"async\" class=\"size-medium aligncenter\" src=\"https:\/\/obeabadosertao.com.br\/filerun\/wl\/?id=xVp4R8xyJ083QmzdVnyGrLGO8mMDKQI8\" width=\"700\" height=\"500\" \/><\/p>\n<p>Quase tr\u00eas anos ap\u00f3s o acidente, Corinna Schumacher lan\u00e7ou uma iniciativa sem fins lucrativos para ajudar pessoas que est\u00e3o lutando contra adversidades.<\/p>\n<p>A &#8220;<em>Siga Lutando<\/em>&#8221; \u00e9 coordenada pelo staff do ex-piloto em nome de sua fam\u00edlia. \u201c<em>Queremos encorajar outras pessoas a nunca desistirem<\/em>\u201d, afirmou a mulher do piloto em comunicado divulgado na \u00e9poca.<\/p>\n<h2><strong><span style=\"color: #000080;\">Fam\u00edlia compra casa de veraneio<\/span><\/strong><\/h2>\n<p><img loading=\"lazy\" decoding=\"async\" class=\"size-medium aligncenter\" src=\"https:\/\/obeabadosertao.com.br\/filerun\/wl\/?id=CWGSwj1OwXMjywY7UwSdCa645p5nVtGz\" width=\"700\" height=\"500\" \/><\/p>\n<p>Apesar de a fortuna ter diminu\u00eddo, Corinna Schumacher comprou uma mans\u00e3o no valor de \u20ac 30 milh\u00f5es (cerca de R$ 133 milh\u00f5es) em Maiorca, nas Ilhas Baleares, na Espanha.<\/p>\n<p>O im\u00f3vel pertencia ao presidente do Real Madrid, Florentino Perez, segundo o jornal alem\u00e3o &#8220;<em>Bild<\/em>&#8220;.<\/p>\n<p><img loading=\"lazy\" decoding=\"async\" class=\"size-medium aligncenter\" src=\"https:\/\/obeabadosertao.com.br\/filerun\/wl\/?id=hwSisAKfdMzNhqCZGwQvwdirb9PVmlL8\" width=\"700\" height=\"500\" \/><\/p>\n<p>A negocia\u00e7\u00e3o foi fechada recentemente. Segundo o jornal &#8220;The Sun&#8221;, a fam\u00edlia deve usar a nova propriedade como uma casa de veraneio, enquanto moram na Su\u00ed\u00e7a.<\/p>\n<h2><strong><span style=\"color: #000080;\">A \u00faltima declara\u00e7\u00e3o sobre o assunto<\/span><\/strong><\/h2>\n<p><img loading=\"lazy\" decoding=\"async\" class=\"size-medium aligncenter\" src=\"https:\/\/obeabadosertao.com.br\/filerun\/wl\/?id=QoNMQYByThzdBYvW14ET3cTqldq8lRol\" width=\"700\" height=\"500\" \/><\/p>\n<p>Nos \u00faltimos dias, o presidente da FIA, Jean Todt, deu uma nova declara\u00e7\u00e3o sobre Michael Schumacher. Ele \u00e9 uma das poucas pessoas autorizadas pela fam\u00edlia a visitar o heptacampe\u00e3o mundial.<\/p>\n<p>E mais uma vez ele evitou dar detalhes sobre o estado de sa\u00fade do eterno \u00eddolo: \u201c<em>\u00c9 momento de deixar o Schumacher viver sua vida em paz<\/em>\u201d.<\/p>\n<p>Indagado para dar apenas uma vis\u00e3o superficial do estado de sa\u00fade de Schumacher, Todt repetiu o aviso de que \u00e9 preciso deixar o alem\u00e3o em paz.<\/p>\n<p>&nbsp;<\/p>\n<p>&nbsp;<\/p>\n<p>&nbsp;<\/p>\n<p><img loading=\"lazy\" decoding=\"async\" class=\"size-medium aligncenter\" src=\"https:\/\/obeabadosertao.com.br\/filerun\/wl\/?id=AuK2vKCjwKXmtWBzGNNpD2GN359EppUo\" width=\"700\" height=\"500\" \/><\/p>\n","protected":false},"excerpt":{"rendered":"<p>Tempo de leitura: 17 minutosO que disse a esposa de Schumacher e quais os mist\u00e9rios que o cercam ap\u00f3s o [&hellip;]<\/p>\n","protected":false},"author":1,"featured_media":19535,"comment_status":"open","ping_status":"open","sticky":false,"template":"","format":"standard","meta":[],"categories":[4,35,6],"tags":[21853,21854,21852,21855,21932,21850,3941,15154,21933,21934,21936,21931,21926,21927,21925,21849,18274,21847,21935,21848,21928,21929,15140,21856,21930],"amp_enabled":true,"_links":{"self":[{"href":"https:\/\/obeabadosertao.com.br\/portal\/wp-json\/wp\/v2\/posts\/19533"}],"collection":[{"href":"https:\/\/obeabadosertao.com.br\/portal\/wp-json\/wp\/v2\/posts"}],"about":[{"href":"https:\/\/obeabadosertao.com.br\/portal\/wp-json\/wp\/v2\/types\/post"}],"author":[{"embeddable":true,"href":"https:\/\/obeabadosertao.com.br\/portal\/wp-json\/wp\/v2\/users\/1"}],"replies":[{"embeddable":true,"href":"https:\/\/obeabadosertao.com.br\/portal\/wp-json\/wp\/v2\/comments?post=19533"}],"version-history":[{"count":4,"href":"https:\/\/obeabadosertao.com.br\/portal\/wp-json\/wp\/v2\/posts\/19533\/revisions"}],"predecessor-version":[{"id":19560,"href":"https:\/\/obeabadosertao.com.br\/portal\/wp-json\/wp\/v2\/posts\/19533\/revisions\/19560"}],"wp:featuredmedia":[{"embeddable":true,"href":"https:\/\/obeabadosertao.com.br\/portal\/wp-json\/wp\/v2\/media\/19535"}],"wp:attachment":[{"href":"https:\/\/obeabadosertao.com.br\/portal\/wp-json\/wp\/v2\/media?parent=19533"}],"wp:term":[{"taxonomy":"category","embeddable":true,"href":"https:\/\/obeabadosertao.com.br\/portal\/wp-json\/wp\/v2\/categories?post=19533"},{"taxonomy":"post_tag","embeddable":true,"href":"https:\/\/obeabadosertao.com.br\/portal\/wp-json\/wp\/v2\/tags?post=19533"}],"curies":[{"name":"wp","href":"https:\/\/api.w.org\/{rel}","templated":true}]}}