{"id":19542,"date":"2024-04-03T15:30:34","date_gmt":"2024-04-03T18:30:34","guid":{"rendered":"https:\/\/obeabadosertao.com.br\/portal\/?p=19542"},"modified":"2024-04-02T16:16:16","modified_gmt":"2024-04-02T19:16:16","slug":"ufpr-revoga-titulos-de-doutores-honoris-causa-concedidos-a-ex-presidentes","status":"publish","type":"post","link":"https:\/\/obeabadosertao.com.br\/portal\/2024\/04\/03\/ufpr-revoga-titulos-de-doutores-honoris-causa-concedidos-a-ex-presidentes\/","title":{"rendered":"UFPR revoga t\u00edtulos de Doutores &#8220;honoris causa&#8221; concedidos a ex-presidentes"},"content":{"rendered":"<div id=\"tt-temp-estim\">Tempo de leitura: 3 minutos<\/div><h3><span style=\"color: #000080;\"><strong><em>Em decis\u00e3o tomada na noite de quinta-feira, uma das universidades mais antigas do pa\u00eds cancelou homenagens a Castelo Branco, Costa e Silva e Ernesto Geisel.<\/em><\/strong><\/span><\/h3>\n<p>&nbsp;<\/p>\n<p>O Conselho Universit\u00e1rio (COUN) de uma das universidades mais antigas do pa\u00eds, com 111 anos de hist\u00f3ria, a Universidade Federal do Paran\u00e1 (UFPR) aprovou na noite desta segunda-feira (1\u00baAbril2023), a delibera\u00e7\u00e3o de revogar os t\u00edtulos concedidos de Doutores \u201c<em>Honoris Causa<\/em>\u201d a tr\u00eas ex-presidentes da Rep\u00fablica militares.<\/p>\n<p><img fetchpriority=\"high\" decoding=\"async\" class=\"size-medium aligncenter\" src=\"https:\/\/obeabadosertao.com.br\/filerun\/wl\/?id=bIMHONfvuvE3x955Yyn3DV9RDEHkm630\" width=\"700\" height=\"500\" \/><\/p>\n<p>Foi constatado que, de fato, a UFPR concedeu t\u00edtulos de doutor \u201c<em>Honoris Causa<\/em>\u201d a Presidentes Militares durante o governo militar, que perdurou entre 1964 e 1985.<\/p>\n<p>Em uma an\u00e1lise nos documentos hist\u00f3ricos, encontrou-se registros nas atas do Conselho Universit\u00e1rio que confirmam a concess\u00e3o desses t\u00edtulos.<\/p>\n<p>Em 31 de julho de 1964, foi concedido o t\u00edtulo ao presidente Humberto de Alencar Castelo Branco; em 18 de setembro de 1968, ao presidente Artur Costa e Silva; e em 13 de janeiro de 1976 (com a entrega ocorrendo em 16 de janeiro de 1981), ao presidente Ernesto Geisel.<\/p>\n<p><img decoding=\"async\" class=\"size-medium aligncenter\" src=\"https:\/\/obeabadosertao.com.br\/filerun\/wl\/?id=vztdxeeuV9PcXWf0xj3xNvR9r2WcheYF\" width=\"700\" height=\"500\" \/><\/p>\n<p>\u201c<em>Revogar os t\u00edtulos de doutores Honoris causa dados aos presidentes da rep\u00fablica da \u00e9poca da ditadura militar brasileira &#8211; que na \u00e9poca ditatorial eram chefes de estado e de governo, chefes supremos das for\u00e7as armadas, articuladores e executores centrais das pol\u00edticas de repress\u00e3o e do terror de Estado, condutores de regimes de for\u00e7a que levaram adiante horrores, torturas, mortes e supress\u00e3o de direitos, de liberdades e da pr\u00f3pria democracia &#8211; parece que \u00e9 medida necess\u00e1ria para uma institui\u00e7\u00e3o como a Universidade Federal do Paran\u00e1<\/em>\u201d, disse Ricardo Marcelo Fonseca, reitor da UFPR.<\/p>\n<p>Segundo o texto do relator nesse processo, o reitor Ricardo Marcelo Fonseca, este \u00e9 o momento de reafirmar o compromisso da Universidade com a Democracia e com a Mem\u00f3ria. Afinal a universidade mais antiga do pa\u00eds, com 111 anos de hist\u00f3ria, \u201c<em>n\u00e3o pode deixar de respeitar continuamente o passado na sua real espessura e deve a cada momento se vacinar contra as \u2018artimanhas da mem\u00f3ria\u2019 que ainda hoje atuam para distorcer, para deturpar, para desenformar<\/em>\u201d.<\/p>\n<p><img decoding=\"async\" class=\"size-medium aligncenter\" src=\"https:\/\/obeabadosertao.com.br\/filerun\/wl\/?id=NTjQp3ijJpSVNGB4hdv1yAmcMSRLBMKX\" width=\"700\" height=\"500\" \/><\/p>\n<p>O Reitor Ricardo Marcelo Fonseca <strong>(<span style=\"color: #ff0000;\">Foto acima<\/span>)<\/strong> salienta ainda em seu texto que:<\/p>\n<p>\u201c<em>Este \u00e9 tamb\u00e9m o momento de reafirmar o compromisso da Universidade Federal do Paran\u00e1 com a Justi\u00e7a: termo milenar e cheio de significados, termo que em tantos momentos j\u00e1 serviu para implementar o seu exato oposto (a injusti\u00e7a), termo complexo e equ\u00edvoco, mas que aqui \u00e9 usado num dos seus sentidos mais fortes, o de repara\u00e7\u00e3o\u201d [\u2026] \u201cIsso se constitui num dever nosso, um exerc\u00edcio absolutamente necess\u00e1rio<\/em>\u201d.<\/p>\n<p>\u201c<em>Este \u00e9 o momento de reafirmar o compromisso da universidade com o presente<\/em>\u201d, [\u2026] \u201c<em>dar os nomes \u00e0s coisas como elas s\u00e3o<\/em>\u201d [\u2026] em \u201c<em>mem\u00f3ria de tantas pessoas (ou seus familiares), ainda no nosso conv\u00edvio, que sofreram nas pr\u00f3prias vidas e nas pr\u00f3prias carnes e corpos as injustific\u00e1veis viol\u00eancias da ditadura<\/em>\u201d [\u2026] \u201c<em>Precisamos hoje sermos melhores do que fomos ontem<\/em>\u201d.<\/p>\n<p><img loading=\"lazy\" decoding=\"async\" class=\"size-medium aligncenter\" src=\"https:\/\/obeabadosertao.com.br\/filerun\/wl\/?id=M4RLTgANPOzoXr7lqGGVOhvGnCmzWJYG\" width=\"700\" height=\"500\" \/><\/p>\n<p>\u201c<em>Este \u00e9 o momento de reafirmar o compromisso de nossa universidade com o futuro\u201d [\u2026] \u201cPrecisamos assegurar que as novas gera\u00e7\u00f5es que entram nos port\u00f5es da Universidade Federal do Paran\u00e1 sintam- se sempre mais e mais conectadas com os melhores valores democr\u00e1ticos. Precisamos ser melhores amanh\u00e3 do que somos hoje, do que fomos ontem<\/em>\u201d.<\/p>\n<p>Veja a \u00edntegra do relato hoje apresentado ao Conselho Universit\u00e1rio (COUN), com fotos e trechos das atas hist\u00f3ricas em <a href=\"https:\/\/ufpr.br\/wp-content\/uploads\/2024\/04\/Ricardo-versao-final.assinada.pdf\"><strong><span style=\"color: #000080;\">arquivo anexo<\/span><\/strong><\/a>.<\/p>\n<p>O v\u00eddeo com a \u00edntegra desta sess\u00e3o hist\u00f3rica do COUN\/UFPR poder\u00e1 ser encontrado, logo ap\u00f3s o fim da reuni\u00e3o, em nosso canal do youtube, <span style=\"color: #000080;\"><a style=\"color: #000080;\" href=\"https:\/\/www.youtube.com\/watch?v=anUlXzJ9YCI\"><strong>UFPR TV Eventos<\/strong><\/a><\/span>.<\/p>\n<p>Este material est\u00e1 dispon\u00edvel com direitos livres para uso na imprensa, permitindo a reprodu\u00e7\u00e3o de trechos ou at\u00e9 mesmo a indica\u00e7\u00e3o do link para que a reuni\u00e3o possa ser vista na \u00edntegra neste link.<\/p>\n<p><iframe title=\"Sess\u00e3o Extraordin\u00e1ria do Conselho Universit\u00e1rio COUN UFPR\" width=\"500\" height=\"281\" src=\"https:\/\/www.youtube.com\/embed\/anUlXzJ9YCI?feature=oembed\" frameborder=\"0\" allow=\"accelerometer; autoplay; clipboard-write; encrypted-media; gyroscope; picture-in-picture; web-share\" referrerpolicy=\"strict-origin-when-cross-origin\" allowfullscreen><\/iframe><\/p>\n<p>&nbsp;<\/p>\n<p>&nbsp;<\/p>\n<p>&nbsp;<\/p>\n<p><img loading=\"lazy\" decoding=\"async\" class=\"size-medium aligncenter\" src=\"https:\/\/obeabadosertao.com.br\/filerun\/wl\/?id=AuK2vKCjwKXmtWBzGNNpD2GN359EppUo\" width=\"700\" height=\"500\" \/><\/p>\n<p>&nbsp;<\/p>\n<p>&nbsp;<\/p>\n","protected":false},"excerpt":{"rendered":"<p>Tempo de leitura: 3 minutosEm decis\u00e3o tomada na noite de quinta-feira, uma das universidades mais antigas do pa\u00eds cancelou homenagens [&hellip;]<\/p>\n","protected":false},"author":1,"featured_media":19544,"comment_status":"open","ping_status":"open","sticky":false,"template":"","format":"standard","meta":[],"categories":[4,36,6],"tags":[21877,5637,11764,21876,21875,5634,21878,21879,21874,17990],"amp_enabled":true,"_links":{"self":[{"href":"https:\/\/obeabadosertao.com.br\/portal\/wp-json\/wp\/v2\/posts\/19542"}],"collection":[{"href":"https:\/\/obeabadosertao.com.br\/portal\/wp-json\/wp\/v2\/posts"}],"about":[{"href":"https:\/\/obeabadosertao.com.br\/portal\/wp-json\/wp\/v2\/types\/post"}],"author":[{"embeddable":true,"href":"https:\/\/obeabadosertao.com.br\/portal\/wp-json\/wp\/v2\/users\/1"}],"replies":[{"embeddable":true,"href":"https:\/\/obeabadosertao.com.br\/portal\/wp-json\/wp\/v2\/comments?post=19542"}],"version-history":[{"count":3,"href":"https:\/\/obeabadosertao.com.br\/portal\/wp-json\/wp\/v2\/posts\/19542\/revisions"}],"predecessor-version":[{"id":19546,"href":"https:\/\/obeabadosertao.com.br\/portal\/wp-json\/wp\/v2\/posts\/19542\/revisions\/19546"}],"wp:featuredmedia":[{"embeddable":true,"href":"https:\/\/obeabadosertao.com.br\/portal\/wp-json\/wp\/v2\/media\/19544"}],"wp:attachment":[{"href":"https:\/\/obeabadosertao.com.br\/portal\/wp-json\/wp\/v2\/media?parent=19542"}],"wp:term":[{"taxonomy":"category","embeddable":true,"href":"https:\/\/obeabadosertao.com.br\/portal\/wp-json\/wp\/v2\/categories?post=19542"},{"taxonomy":"post_tag","embeddable":true,"href":"https:\/\/obeabadosertao.com.br\/portal\/wp-json\/wp\/v2\/tags?post=19542"}],"curies":[{"name":"wp","href":"https:\/\/api.w.org\/{rel}","templated":true}]}}