{"id":19614,"date":"2024-04-17T12:11:03","date_gmt":"2024-04-17T15:11:03","guid":{"rendered":"https:\/\/obeabadosertao.com.br\/portal\/?p=19614"},"modified":"2024-04-17T10:05:10","modified_gmt":"2024-04-17T13:05:10","slug":"senado-aprova-pec-que-criminaliza-a-posse-e-o-porte-de-drogas","status":"publish","type":"post","link":"https:\/\/obeabadosertao.com.br\/portal\/2024\/04\/17\/senado-aprova-pec-que-criminaliza-a-posse-e-o-porte-de-drogas\/","title":{"rendered":"Senado aprova PEC que criminaliza a posse e o porte de drogas"},"content":{"rendered":"<div id=\"tt-temp-estim\">Tempo de leitura: 2 minutos<\/div><h5><span style=\"color: #000080;\"><strong><em>O Senado aprovou em dois turnos a proposta de emenda \u00e0 Constitui\u00e7\u00e3o que criminaliza a posse e o porte de qualquer quantidade de draga il\u00edcita. De autoria do Presidente do Senado, Rodrigo Pacheco, a PEC seguir\u00e1 agora para an\u00e1lise da C\u00e2mara dos Deputados.\u00a0<\/em><\/strong><\/span><\/h5>\n<p>&nbsp;<\/p>\n<p>O Senado aprovou, nesta ter\u00e7a-feira (16Abril2024), a proposta de emenda \u00e0 Constitui\u00e7\u00e3o que criminaliza a posse e o porte de qualquer quantidade de droga il\u00edcita.<\/p>\n<p><img fetchpriority=\"high\" decoding=\"async\" class=\"size-medium aligncenter\" src=\"https:\/\/obeabadosertao.com.br\/filerun\/wl\/?id=XOpnIVfIXuTx3VJ1z23QrJ48shHYJMUr\" width=\"700\" height=\"500\" \/><\/p>\n<p>O texto, que segue para an\u00e1lise da C\u00e2mara dos Deputados, prev\u00ea que caber\u00e1 \u00e0 autoridade p\u00fablica definir, de acordo com o caso concreto, se a pessoa flagrada com a subst\u00e2ncia il\u00edcita responder\u00e1 como traficante ou usu\u00e1rio.<\/p>\n<p>Nesse \u00faltimo caso, ela ser\u00e1 condenada a pena alternativa \u00e0 pris\u00e3o e encaminhada para tratamento contra depend\u00eancia.<\/p>\n<p><img decoding=\"async\" class=\"size-medium aligncenter\" src=\"https:\/\/obeabadosertao.com.br\/filerun\/wl\/?id=9djAe1wttVIwXJ3DqjB3qAbcDqm7GTDb\" width=\"700\" height=\"500\" \/><\/p>\n<p>Delegado de pol\u00edcia, o senador <em>Alessandro Vieira <\/em><strong>(<span style=\"color: #ff0000;\">Foto acima<\/span>)<\/strong>, do MDB de Sergipe, se posicionou favoravelmente \u00e0 PEC. Na opini\u00e3o dele, discutir esse assunto apenas do ponto de vista do usu\u00e1rio, como quer o STF, revela a dificuldade de enxergar o problema como um todo, como o fortalecimento do tr\u00e1fico e suas consequ\u00eancias decorrentes de eventual descriminaliza\u00e7\u00e3o da posse para uso pessoal:<\/p>\n<p>(Senador Alessandro Vieira) &#8220;<em>S\u00f3 o consumo, \u00e9 hipocrisia. \u00c9 aquela coisa de quem est\u00e1 na varanda de um apartamento, num bairro rico, pensando num cigarrinho de maconha, e n\u00e3o tem de conviver com a boca de fumo na esquina de casa, porque recebe um delivery, que hoje n\u00f3s temos infelizmente. N\u00e3o tem de conviver com a press\u00e3o armada do tr\u00e1fico<\/em>&#8220;.<\/p>\n<p><img decoding=\"async\" class=\"size-medium aligncenter\" src=\"https:\/\/obeabadosertao.com.br\/filerun\/wl\/?id=OrglzCpPmR3gGQjBgM4XuzGqSwnpETDW\" width=\"700\" height=\"500\" \/><\/p>\n<p>M\u00e9dico psiquiatra, o senador <em>Humberto<\/em> S\u00e9rgio <em>Costa<\/em> Lima <strong>(<span style=\"color: #ff0000;\">Foto acima<\/span>)<\/strong>, do PT de Pernambuco, afirmou que a PEC n\u00e3o vai resolver os problemas relacionados ao uso de drogas. Para ele, a pol\u00edtica punitivista e repressiva \u00e9 ineficaz e gera o encarceramento excessivo. Por isso, essa quest\u00e3o deve ser enfrentada por meio do combate \u00e0s grandes organiza\u00e7\u00f5es criminosas associadas ao tr\u00e1fico e tamb\u00e9m pela oferta de tratamento humanizado ao usu\u00e1rio.<\/p>\n<p>(Senador Humberto Costa) &#8220;<em>Aqui fala em separar usu\u00e1rio de traficante, mas na pr\u00e1tica n\u00e3o faz isso, porque admite pena para quem \u00e9 usu\u00e1rio ou dependente. Penal alternativa, obrigatoriedade de tratamento. Isso j\u00e1 \u00e9 uma puni\u00e7\u00e3o. Essas pessoas deixam de ser r\u00e9s prim\u00e1rias, para serem pessoas com antecedentes criminais<\/em>&#8220;.<\/p>\n<p><img loading=\"lazy\" decoding=\"async\" class=\"size-medium aligncenter\" src=\"https:\/\/obeabadosertao.com.br\/filerun\/wl\/?id=A37KRzDFYSARUwXun15VADH7MOtAFLID\" width=\"700\" height=\"500\" \/><\/p>\n<p>O relator, senador <em>Efraim<\/em> de Ara\u00fajo Morais <em>Filho <\/em><strong>(<span style=\"color: #ff0000;\">Foto acima<\/span>)<\/strong>, do Uni\u00e3o da Para\u00edba, lembrou que o texto n\u00e3o predudica quem faz uso de medicamentos a base de cannabis.<\/p>\n<p>(Senador Efraim Filho) &#8220;<em>Nos casos de quem faz uso medicinal, autorizado pela justi\u00e7a e autorizado por autoridade m\u00e9dica, a PEC n\u00e3o vai ser impeditiva nem proibitiva de que as pessoas continuem fazendo a utiliza\u00e7\u00e3o<\/em>&#8220;.<\/p>\n<p>Aprovada em dois turnos pelo Senado, a PEC segue agora para a C\u00e2mara dos Deputados.<\/p>\n<p>&nbsp;<\/p>\n<p>&nbsp;<\/p>\n<p>&nbsp;<\/p>\n<p>&nbsp;<\/p>\n<p><img loading=\"lazy\" decoding=\"async\" class=\"size-medium aligncenter\" src=\"https:\/\/obeabadosertao.com.br\/filerun\/wl\/?id=AuK2vKCjwKXmtWBzGNNpD2GN359EppUo\" width=\"700\" height=\"500\" \/><\/p>\n","protected":false},"excerpt":{"rendered":"<p>Tempo de leitura: 2 minutosO Senado aprovou em dois turnos a proposta de emenda \u00e0 Constitui\u00e7\u00e3o que criminaliza a posse [&hellip;]<\/p>\n","protected":false},"author":1,"featured_media":19620,"comment_status":"open","ping_status":"open","sticky":false,"template":"","format":"standard","meta":[],"categories":[4,20,6],"tags":[9,291,22123,22124,22126,22125,2088,22127,985,4849,489,1470,22132,22130,22129,101,22128,22131],"amp_enabled":true,"_links":{"self":[{"href":"https:\/\/obeabadosertao.com.br\/portal\/wp-json\/wp\/v2\/posts\/19614"}],"collection":[{"href":"https:\/\/obeabadosertao.com.br\/portal\/wp-json\/wp\/v2\/posts"}],"about":[{"href":"https:\/\/obeabadosertao.com.br\/portal\/wp-json\/wp\/v2\/types\/post"}],"author":[{"embeddable":true,"href":"https:\/\/obeabadosertao.com.br\/portal\/wp-json\/wp\/v2\/users\/1"}],"replies":[{"embeddable":true,"href":"https:\/\/obeabadosertao.com.br\/portal\/wp-json\/wp\/v2\/comments?post=19614"}],"version-history":[{"count":1,"href":"https:\/\/obeabadosertao.com.br\/portal\/wp-json\/wp\/v2\/posts\/19614\/revisions"}],"predecessor-version":[{"id":19619,"href":"https:\/\/obeabadosertao.com.br\/portal\/wp-json\/wp\/v2\/posts\/19614\/revisions\/19619"}],"wp:featuredmedia":[{"embeddable":true,"href":"https:\/\/obeabadosertao.com.br\/portal\/wp-json\/wp\/v2\/media\/19620"}],"wp:attachment":[{"href":"https:\/\/obeabadosertao.com.br\/portal\/wp-json\/wp\/v2\/media?parent=19614"}],"wp:term":[{"taxonomy":"category","embeddable":true,"href":"https:\/\/obeabadosertao.com.br\/portal\/wp-json\/wp\/v2\/categories?post=19614"},{"taxonomy":"post_tag","embeddable":true,"href":"https:\/\/obeabadosertao.com.br\/portal\/wp-json\/wp\/v2\/tags?post=19614"}],"curies":[{"name":"wp","href":"https:\/\/api.w.org\/{rel}","templated":true}]}}