{"id":19675,"date":"2024-04-24T17:46:42","date_gmt":"2024-04-24T20:46:42","guid":{"rendered":"https:\/\/obeabadosertao.com.br\/portal\/?p=19675"},"modified":"2024-04-25T15:52:49","modified_gmt":"2024-04-25T18:52:49","slug":"uniao-brasil-indicara-vice-na-chapa-apoiada-por-emerson-panta-em-santa-rita","status":"publish","type":"post","link":"https:\/\/obeabadosertao.com.br\/portal\/2024\/04\/24\/uniao-brasil-indicara-vice-na-chapa-apoiada-por-emerson-panta-em-santa-rita\/","title":{"rendered":"Uni\u00e3o Brasil indicar\u00e1 vice na chapa apoiada por Emerson Panta em Santa Rita"},"content":{"rendered":"<div id=\"tt-temp-estim\">Tempo de leitura: 1 minuto<\/div><p>Com a defini\u00e7\u00e3o de filia\u00e7\u00e3o partid\u00e1ria do radialista Nilvan Ferreira ao Republicanos para concorrer ao cargo de Prefeito no munic\u00edpio de Santa Rita (PB), o partido Uni\u00e3o Brasil, que anteriormente havia manifestado tend\u00eancia a apoiar o seu projeto pol\u00edtico, agora redireciona seus esfor\u00e7os.<\/p>\n<div style=\"width: 710px\" class=\"wp-caption aligncenter\"><img fetchpriority=\"high\" decoding=\"async\" src=\"https:\/\/obeabadosertao.com.br\/filerun\/wl\/?id=4OEDfZSCCW7ltG4WvGRiWDe7TXUWo8t2\" alt=\"\" width=\"700\" height=\"500\" \/><p class=\"wp-caption-text\"><span style=\"color: #000080;\"><strong>Deputado Estadual (PB), <em>George<\/em> Ventura <em>Morais<\/em> (Uni\u00e3o Brasil).<\/strong><\/span><\/p><\/div>\n<p>\u201c<em>Houve um convite p\u00fablico para Nilvan, respeitamos, mas a tend\u00eancia \u00e9 caminhar junto ao prefeito Emerson Panta, ao pr\u00e9-candidato Alvino e indicando o vice-prefeito<\/em>\u201d, anunciou o deputado estadual <em>George<\/em> Ventura <em>Morais<\/em> <strong>(<span style=\"color: #ff0000;\">Foto acima<\/span>)<\/strong> em entrevista \u00e0 R\u00e1dio CBN.<\/p>\n<p>O Uni\u00e3o Brasil chegou a realizar um convite para a filia\u00e7\u00e3o do comunicador Nilvan Ferreira, que tamb\u00e9m \u00e9 pr\u00e9-candidato a prefeito da cidade, mas ele optou por ingressar ao Republicanos.<\/p>\n<div style=\"width: 710px\" class=\"wp-caption aligncenter\"><img decoding=\"async\" src=\"https:\/\/obeabadosertao.com.br\/filerun\/wl\/?id=9iYP08gPhVpd8m4qgA2Uu7hBNgooUiSF\" alt=\"\" width=\"700\" height=\"500\" \/><p class=\"wp-caption-text\"><span style=\"color: #000080;\"><strong>Prefeito de Santa Rita (PB) Emerson Fernandes Alvino Panta, Vereador Jackson Alvino da Costa e a Deputada Estadual Edjane Silva Alvino Panta (Jane Panta).<\/strong><\/span><\/p><\/div>\n<p>De acordo com o deputado estadual George Morais (Uni\u00e3o Brasil), o partido dever\u00e1 indicar o nome do vice-prefeito na chapa liderada pelo atual Presidente da C\u00e2mara Municipal, o vereador Jackson Alvino, escolhido pelo prefeito Emerson Panta para suced\u00ea-lo na cidade.<\/p>\n<p><img decoding=\"async\" class=\"size-medium aligncenter\" src=\"https:\/\/obeabadosertao.com.br\/filerun\/wl\/?id=bBbwrVokCRxE5yiO5MqRBj3crDNhN1T0\" width=\"700\" height=\"500\" \/><\/p>\n<p>O deputado esclareceu que o partido mant\u00e9m seu compromisso com o grupo pol\u00edtico de Emerson Panta e que o apoio a Nilvan estava condicionado \u00e0 sua filia\u00e7\u00e3o \u00e0 legenda. Como isso n\u00e3o se concretizou, o partido est\u00e1 buscando novas alian\u00e7as e oportunidades.<\/p>\n<p>\u201c<em>Temos o compromisso de estarmos juntos em Santa Rita, apoiando Jackson Alvino, e o Uni\u00e3o Brasil, com sua for\u00e7a, estrutura e musculatura, participar\u00e1 dessa chapa indicando o pr\u00e9-candidato a vice-prefeito<\/em>\u201d, afirmou.<\/p>\n<p>&nbsp;<\/p>\n<p>&nbsp;<\/p>\n<p>&nbsp;<\/p>\n<p>&nbsp;<\/p>\n<p>&nbsp;<\/p>\n<p>&nbsp;<\/p>\n<p>&nbsp;<\/p>\n<p>&nbsp;<\/p>\n<p>&nbsp;<\/p>\n","protected":false},"excerpt":{"rendered":"<p>Tempo de leitura: 1 minutoCom a defini\u00e7\u00e3o de filia\u00e7\u00e3o partid\u00e1ria do radialista Nilvan Ferreira ao Republicanos para concorrer ao cargo [&hellip;]<\/p>\n","protected":false},"author":1,"featured_media":19684,"comment_status":"open","ping_status":"open","sticky":false,"template":"","format":"standard","meta":[],"categories":[4,20,6],"tags":[22268,11197,4664,1151,595,13020,22269],"amp_enabled":true,"_links":{"self":[{"href":"https:\/\/obeabadosertao.com.br\/portal\/wp-json\/wp\/v2\/posts\/19675"}],"collection":[{"href":"https:\/\/obeabadosertao.com.br\/portal\/wp-json\/wp\/v2\/posts"}],"about":[{"href":"https:\/\/obeabadosertao.com.br\/portal\/wp-json\/wp\/v2\/types\/post"}],"author":[{"embeddable":true,"href":"https:\/\/obeabadosertao.com.br\/portal\/wp-json\/wp\/v2\/users\/1"}],"replies":[{"embeddable":true,"href":"https:\/\/obeabadosertao.com.br\/portal\/wp-json\/wp\/v2\/comments?post=19675"}],"version-history":[{"count":1,"href":"https:\/\/obeabadosertao.com.br\/portal\/wp-json\/wp\/v2\/posts\/19675\/revisions"}],"predecessor-version":[{"id":19683,"href":"https:\/\/obeabadosertao.com.br\/portal\/wp-json\/wp\/v2\/posts\/19675\/revisions\/19683"}],"wp:featuredmedia":[{"embeddable":true,"href":"https:\/\/obeabadosertao.com.br\/portal\/wp-json\/wp\/v2\/media\/19684"}],"wp:attachment":[{"href":"https:\/\/obeabadosertao.com.br\/portal\/wp-json\/wp\/v2\/media?parent=19675"}],"wp:term":[{"taxonomy":"category","embeddable":true,"href":"https:\/\/obeabadosertao.com.br\/portal\/wp-json\/wp\/v2\/categories?post=19675"},{"taxonomy":"post_tag","embeddable":true,"href":"https:\/\/obeabadosertao.com.br\/portal\/wp-json\/wp\/v2\/tags?post=19675"}],"curies":[{"name":"wp","href":"https:\/\/api.w.org\/{rel}","templated":true}]}}