{"id":19701,"date":"2024-04-26T17:07:22","date_gmt":"2024-04-26T20:07:22","guid":{"rendered":"https:\/\/obeabadosertao.com.br\/portal\/?p=19701"},"modified":"2024-04-26T17:07:36","modified_gmt":"2024-04-26T20:07:36","slug":"em-fuga-acusado-de-feminicidio-em-cabedelo-e-preso-em-patos","status":"publish","type":"post","link":"https:\/\/obeabadosertao.com.br\/portal\/2024\/04\/26\/em-fuga-acusado-de-feminicidio-em-cabedelo-e-preso-em-patos\/","title":{"rendered":"Em fuga: Acusado de feminic\u00eddio em Cabedelo \u00e9 preso em Patos"},"content":{"rendered":"<div id=\"tt-temp-estim\">Tempo de leitura: 2 minutos<\/div><p>O homem suspeito de assassinar a jovem Thayane da Silva Rodrigues, 22 anos, com ferimentos de faca, na faixa de areia da praia de Formosa, em Cabedelo, munic\u00edpio localizado na regi\u00e3o metropolitana da grande Jo\u00e3o Pessoa, na madrugada desta quinta-feira (25Abril2024), foi preso nesta sexta-feira (26Abril2024) em Patos, no sert\u00e3o paraibano.<\/p>\n<p>A pris\u00e3o foi realizada por policiais da Delegacia de Homic\u00eddios e Entorpecentes (DHE) da cidade de Patos (PB).<\/p>\n<p>Daniel Oliveira <strong>(<span style=\"color: #ff0000;\">Foto abaixo<\/span>)<\/strong>, que era namorado da v\u00edtima, dormiu numa Pousada e foi visto saindo a p\u00e9, pois estaria aguardando a m\u00e3e para seguir viagem com destino a cidade de S\u00e3o Jos\u00e9 de Piranhas (PB). Entretanto, ele foi reconhecido depois que saiu da Pousada e foi localizado enquanto estava lanchando em um estabelecimento, em companhia de uma mulher, nas proximidades do Mercado P\u00fablico da cidade.<\/p>\n<p><img fetchpriority=\"high\" decoding=\"async\" class=\"size-medium aligncenter\" src=\"https:\/\/obeabadosertao.com.br\/filerun\/wl\/?id=SMRCWriBLwqdIEpNWp7cMA5PMFI4pacV\" width=\"700\" height=\"500\" \/><\/p>\n<p>A equipe da Pol\u00edcia Civil averiguou e prendeu o suspeito investigado o qual teria se utilizado de um nome falso no momento que foi abordado.<\/p>\n<p>A Pol\u00edcia Militar informou que familiares da v\u00edtima disseram que o suspeito, h\u00e1 cerca de 15 dias, teria cortado o cabelo dela com uma faca. A jovem prestou queixa, mas retirou a den\u00fancia. Tamb\u00e9m relataram que brigas eram constantes entre o casal.<\/p>\n<p>Segundo o Delegado Luiz Eduardo, do N\u00facleo de Homic\u00eddios da Pol\u00edcia Civil de Cabedelo, ela tinha uma medida protetiva contra o namorado. A jovem tinha medidas protetivas contra o suspeito, por conta de agress\u00f5es anteriores, ou seja, ele n\u00e3o poderia se aproximar dela.<\/p>\n<p><img decoding=\"async\" class=\"size-medium aligncenter\" src=\"https:\/\/obeabadosertao.com.br\/filerun\/wl\/?id=wDnRE3sBzarlSI1TTT5sBCEGku30Qi5C\" width=\"700\" height=\"500\" \/><\/p>\n<p>Ainda de acordo com a Major PMPB Viviane Vieira <strong>(<span style=\"color: #ff0000;\">Foto acima<\/span>)<\/strong>, comandante da Pol\u00edcia Militar de Cabedelo, o suspeito de feminic\u00eddio tinha antecedentes criminais por porte ilegal de arma. \u201c<em>H\u00e1 exato um m\u00eas, o suspeito tinha sido preso por posse de arma de fogo, mas foi solto na audi\u00eancia de cust\u00f3dia. A pr\u00f3pria fam\u00edlia relatou que o namoro era conturbado<\/em>\u201d, pontuou.<\/p>\n<p>O sepultamento de Thayane da Silva Rodrigues acontece nesta sexta-feira (26Abril2024) no Cemit\u00e9rio P\u00fablico de Cabedelo.<\/p>\n<h2><span style=\"color: #000080;\"><strong>Entenda o caso<\/strong><\/span><\/h2>\n<p>Thayane da Silva Rodrigues <strong>(<span style=\"color: #ff0000;\">Foto abaixo<\/span>)<\/strong>, 22 anos,\u00a0foi encontrada morta, com marcas de facadas na praia de Formosa, em Cabedelo (PB), durante a madrugada desta quinta-feira (25Abril2024).<\/p>\n<p><img decoding=\"async\" class=\"size-medium aligncenter\" src=\"https:\/\/obeabadosertao.com.br\/filerun\/wl\/?id=LxAnFHLfbtZSTVq68ymZd2do1PT5CTTE\" width=\"700\" height=\"500\" \/><\/p>\n<p>O principal suspeito \u00e9 o companheiro Daniel Oliveira, que teria cortado o cabelo com uma faca durante uma briga entre o casal, poucos dias atr\u00e1s.<\/p>\n<p>A jovem chegou a prestar queixa, mas retirou a den\u00fancia. Al\u00e9m disso, relatos de brigas eram constantes entre o casal.<\/p>\n<p>A fam\u00edlia informou que o suspeito convidou a v\u00edtima para uma conversa na noite de quarta-feira (24Abril2024), no entanto, ela n\u00e3o retornou para casa ap\u00f3s o encontro.<\/p>\n<p>&nbsp;<\/p>\n<p>&nbsp;<\/p>\n<p>&nbsp;<\/p>\n<p><img loading=\"lazy\" decoding=\"async\" class=\"size-medium aligncenter\" src=\"https:\/\/obeabadosertao.com.br\/filerun\/wl\/?id=AuK2vKCjwKXmtWBzGNNpD2GN359EppUo\" width=\"700\" height=\"500\" \/><\/p>\n","protected":false},"excerpt":{"rendered":"<p>Tempo de leitura: 2 minutosO homem suspeito de assassinar a jovem Thayane da Silva Rodrigues, 22 anos, com ferimentos de [&hellip;]<\/p>\n","protected":false},"author":1,"featured_media":19706,"comment_status":"open","ping_status":"open","sticky":false,"template":"","format":"standard","meta":[],"categories":[4,19,6],"tags":[6441,22441,5612,22106,22445,22446,16026,530,22447,22444,22443,16265,22442],"amp_enabled":true,"_links":{"self":[{"href":"https:\/\/obeabadosertao.com.br\/portal\/wp-json\/wp\/v2\/posts\/19701"}],"collection":[{"href":"https:\/\/obeabadosertao.com.br\/portal\/wp-json\/wp\/v2\/posts"}],"about":[{"href":"https:\/\/obeabadosertao.com.br\/portal\/wp-json\/wp\/v2\/types\/post"}],"author":[{"embeddable":true,"href":"https:\/\/obeabadosertao.com.br\/portal\/wp-json\/wp\/v2\/users\/1"}],"replies":[{"embeddable":true,"href":"https:\/\/obeabadosertao.com.br\/portal\/wp-json\/wp\/v2\/comments?post=19701"}],"version-history":[{"count":1,"href":"https:\/\/obeabadosertao.com.br\/portal\/wp-json\/wp\/v2\/posts\/19701\/revisions"}],"predecessor-version":[{"id":19705,"href":"https:\/\/obeabadosertao.com.br\/portal\/wp-json\/wp\/v2\/posts\/19701\/revisions\/19705"}],"wp:featuredmedia":[{"embeddable":true,"href":"https:\/\/obeabadosertao.com.br\/portal\/wp-json\/wp\/v2\/media\/19706"}],"wp:attachment":[{"href":"https:\/\/obeabadosertao.com.br\/portal\/wp-json\/wp\/v2\/media?parent=19701"}],"wp:term":[{"taxonomy":"category","embeddable":true,"href":"https:\/\/obeabadosertao.com.br\/portal\/wp-json\/wp\/v2\/categories?post=19701"},{"taxonomy":"post_tag","embeddable":true,"href":"https:\/\/obeabadosertao.com.br\/portal\/wp-json\/wp\/v2\/tags?post=19701"}],"curies":[{"name":"wp","href":"https:\/\/api.w.org\/{rel}","templated":true}]}}