{"id":20099,"date":"2024-06-29T08:21:21","date_gmt":"2024-06-29T11:21:21","guid":{"rendered":"https:\/\/obeabadosertao.com.br\/portal\/?p=20099"},"modified":"2024-06-25T11:20:18","modified_gmt":"2024-06-25T14:20:18","slug":"agroindustria-brasileira-volta-a-ter-um-desempenho-positivo-e-acumula-expansao","status":"publish","type":"post","link":"https:\/\/obeabadosertao.com.br\/portal\/2024\/06\/29\/agroindustria-brasileira-volta-a-ter-um-desempenho-positivo-e-acumula-expansao\/","title":{"rendered":"Agroind\u00fastria brasileira volta a ter um desempenho positivo e acumula expans\u00e3o"},"content":{"rendered":"<div id=\"tt-temp-estim\">Tempo de leitura: 1 minuto<\/div><p><strong>A pesquisa sobre agroind\u00fastria, do FGVAgro, revela que em abril, a produ\u00e7\u00e3o agroindustrial registrou uma expans\u00e3o de 12,1% frente ao mesmo m\u00eas de 2023.<\/strong><\/p>\n<p><img fetchpriority=\"high\" decoding=\"async\" class=\"size-medium aligncenter\" src=\"https:\/\/obeabadosertao.com.br\/filerun\/wl\/?id=6ZUygAek3YX8pZxpjNBAytifQBSrqQMp\" width=\"700\" height=\"500\" \/><\/p>\n<p><strong>Esse foi o maior crescimento para o m\u00eas desde 2013. No entanto, vale destacar que, ao contr\u00e1rio do que ocorreu em mar\u00e7o, o n\u00famero de dias \u00fateis de abril foi maior em 2024 do que em 2023 &#8211; isso, certamente, contribuiu para o resultado positivo do m\u00eas.<\/strong><\/p>\n<p><img decoding=\"async\" class=\"size-medium aligncenter\" src=\"https:\/\/obeabadosertao.com.br\/filerun\/wl\/?id=aAOzoRWZ3z1lEn1a9CeR0WvJrGKCbqSq\" width=\"700\" height=\"500\" \/><\/p>\n<p><strong>No acumulado no ano, a produ\u00e7\u00e3o agroindustrial acumulou uma alta de 4,1% frente ao mesmo per\u00edodo de 2023, correspondendo ao melhor primeiro quadrimestre para a Agroind\u00fastria desde 2018.<\/strong><\/p>\n<p><img decoding=\"async\" class=\"size-medium aligncenter\" src=\"https:\/\/obeabadosertao.com.br\/filerun\/wl\/?id=vRSYNcnr8MOHLYuxHjJTcWERozyvj4j4\" width=\"700\" height=\"500\" \/><\/p>\n<p><strong>A alta da Agroind\u00fastria, nesse in\u00edcio de 2024, vem sendo derivada tanto do segmento de Produtos N\u00e3o-Aliment\u00edcios (1,3%) como, principalmente, do de Produtos Aliment\u00edcios e Bebidas (6,1%).<\/strong><\/p>\n<p><img loading=\"lazy\" decoding=\"async\" class=\"size-medium aligncenter\" src=\"https:\/\/obeabadosertao.com.br\/filerun\/wl\/?id=yxNkpbFLfBFXylJun4pKujQF4vr1SHhr\" width=\"700\" height=\"500\" \/><\/p>\n<p><strong>Desde 2023, o segmento de Produtos Aliment\u00edcios e Bebidas vem apresentando um desempenho positivo, o que continuou ao longo de 2024.<\/strong><\/p>\n<p><img loading=\"lazy\" decoding=\"async\" class=\"size-medium aligncenter\" src=\"https:\/\/obeabadosertao.com.br\/filerun\/wl\/?id=UrHz5wQ7XGDSr9hxggxn4NcpupuNRqWc\" width=\"700\" height=\"500\" \/><\/p>\n<p><strong>J\u00e1 o segmento de Produtos N\u00e3o-Aliment\u00edcios operou com dificuldades em 2023, fechando o ano com contra\u00e7\u00e3o (de -2,1%), contudo, esse in\u00edcio de ano vem sendo mais favor\u00e1vel ao segmento, de tal forma que o \u00fanico setor dentro desse segmento que n\u00e3o est\u00e1 operando em campo positivo \u00e9 o de Insumos Agropecu\u00e1rios.<\/strong><\/p>\n<p><img loading=\"lazy\" decoding=\"async\" class=\"size-medium aligncenter\" src=\"https:\/\/obeabadosertao.com.br\/filerun\/wl\/?id=Ah3QwX66s87EtpWdZK6lLv997AonXeIS\" width=\"700\" height=\"500\" \/><\/p>\n<p><strong>Na divulga\u00e7\u00e3o do pr\u00f3ximo m\u00eas, ser\u00e3o divulgados os dados da Agroind\u00fastria considerando os primeiros impactos da trag\u00e9dia clim\u00e1tica no Rio Grande do Sul.<\/strong><\/p>\n<p><img loading=\"lazy\" decoding=\"async\" class=\"size-medium aligncenter\" src=\"https:\/\/obeabadosertao.com.br\/filerun\/wl\/?id=ZbkInVvcrKgNpqLPbVc2Cd265G70XLKH\" width=\"700\" height=\"500\" \/><\/p>\n<p><strong>Diante disso, ser\u00e1 poss\u00edvel entender quanto do crescimento acumulado nos primeiros meses de 2024 ter\u00e1 sido perdido com a crise, dado que o estado ga\u00facho est\u00e1 entre os cinco mais relevantes para a Agroind\u00fastria brasileira.<\/strong><\/p>\n<h3><span style=\"color: #000080;\"><strong><a style=\"color: #000080;\" href=\"https:\/\/obeabadosertao.com.br\/filerun\/wl\/?id=Ez37AlgPknN67tmQllZrd1fgYKIVxrOj\">CLIQUE AQUI e confira a apresenta\u00e7\u00e3o dos resultados no anexo<\/a><\/strong><\/span><\/h3>\n<p>&nbsp;<\/p>\n<p>&nbsp;<\/p>\n<p>&nbsp;<\/p>\n<p><img loading=\"lazy\" decoding=\"async\" class=\"size-medium aligncenter\" src=\"https:\/\/obeabadosertao.com.br\/filerun\/wl\/?id=AuK2vKCjwKXmtWBzGNNpD2GN359EppUo\" width=\"700\" height=\"500\" \/><\/p>\n","protected":false},"excerpt":{"rendered":"<p>Tempo de leitura: 1 minutoA pesquisa sobre agroind\u00fastria, do FGVAgro, revela que em abril, a produ\u00e7\u00e3o agroindustrial registrou uma expans\u00e3o [&hellip;]<\/p>\n","protected":false},"author":1,"featured_media":20101,"comment_status":"open","ping_status":"open","sticky":false,"template":"","format":"standard","meta":[],"categories":[34,4,6],"tags":[3133,23877,23873,23872,23879,23876,23871,23878,11308,23875,23874],"amp_enabled":true,"_links":{"self":[{"href":"https:\/\/obeabadosertao.com.br\/portal\/wp-json\/wp\/v2\/posts\/20099"}],"collection":[{"href":"https:\/\/obeabadosertao.com.br\/portal\/wp-json\/wp\/v2\/posts"}],"about":[{"href":"https:\/\/obeabadosertao.com.br\/portal\/wp-json\/wp\/v2\/types\/post"}],"author":[{"embeddable":true,"href":"https:\/\/obeabadosertao.com.br\/portal\/wp-json\/wp\/v2\/users\/1"}],"replies":[{"embeddable":true,"href":"https:\/\/obeabadosertao.com.br\/portal\/wp-json\/wp\/v2\/comments?post=20099"}],"version-history":[{"count":1,"href":"https:\/\/obeabadosertao.com.br\/portal\/wp-json\/wp\/v2\/posts\/20099\/revisions"}],"predecessor-version":[{"id":20100,"href":"https:\/\/obeabadosertao.com.br\/portal\/wp-json\/wp\/v2\/posts\/20099\/revisions\/20100"}],"wp:featuredmedia":[{"embeddable":true,"href":"https:\/\/obeabadosertao.com.br\/portal\/wp-json\/wp\/v2\/media\/20101"}],"wp:attachment":[{"href":"https:\/\/obeabadosertao.com.br\/portal\/wp-json\/wp\/v2\/media?parent=20099"}],"wp:term":[{"taxonomy":"category","embeddable":true,"href":"https:\/\/obeabadosertao.com.br\/portal\/wp-json\/wp\/v2\/categories?post=20099"},{"taxonomy":"post_tag","embeddable":true,"href":"https:\/\/obeabadosertao.com.br\/portal\/wp-json\/wp\/v2\/tags?post=20099"}],"curies":[{"name":"wp","href":"https:\/\/api.w.org\/{rel}","templated":true}]}}