{"id":20184,"date":"2024-07-11T10:30:00","date_gmt":"2024-07-11T13:30:00","guid":{"rendered":"https:\/\/obeabadosertao.com.br\/portal\/?p=20184"},"modified":"2024-07-17T10:17:38","modified_gmt":"2024-07-17T13:17:38","slug":"falso-pastor-e-preso-suspeito-de-matar-e-esquartejar-produtor-rural","status":"publish","type":"post","link":"https:\/\/obeabadosertao.com.br\/portal\/2024\/07\/11\/falso-pastor-e-preso-suspeito-de-matar-e-esquartejar-produtor-rural\/","title":{"rendered":"Falso pastor \u00e9 preso suspeito de matar e esquartejar produtor rural"},"content":{"rendered":"<div id=\"tt-temp-estim\">Tempo de leitura: 2 minutos<\/div><h3><span style=\"color: #000080;\"><em><strong>Suspeito, atuando em igreja evang\u00e9lica do munic\u00edpio cearense de Farias Brito, foi detido ap\u00f3s investiga\u00e7\u00f5es da Pol\u00edcia Civil; crime ocorreu em Itaporanga.<\/strong><\/em><\/span><\/h3>\n<p>&nbsp;<\/p>\n<p>Um homem que se passava por pastor evang\u00e9lico foi preso nesta quarta-feira (10Julho2024) na cidade de Farias Brito, na regi\u00e3o do cariri, no Estado do Cear\u00e1, suspeito de envolvimento no homic\u00eddio, esquartejamento e oculta\u00e7\u00e3o de cad\u00e1ver de Luiz Weber Antony de Faria J\u00fanior, conhecido como J\u00fanior de Nereida. O crime ocorreu em Itaporanga, no Sert\u00e3o do Estado da Para\u00edba.<\/p>\n<p>De acordo com a Pol\u00edcia Civil da Para\u00edba, a pris\u00e3o do falso pastor, de 46 anos, foi resultado de uma opera\u00e7\u00e3o conduzida pelo Grupo T\u00e1tico Especial de Itaporanga (GTE).<\/p>\n<p>O suspeito identificado como Marcus Ulisses de Paulo, j\u00e1 tinha sido preso pelo mesmo crime em 2023 e ser\u00e1 submetido a uma audi\u00eancia de cust\u00f3dia no Crato (CE), antes de ser transferido para a Cadeia P\u00fablica de Itaporanga.<\/p>\n<p><img fetchpriority=\"high\" decoding=\"async\" class=\"size-medium aligncenter\" src=\"https:\/\/obeabadosertao.com.br\/filerun\/wl\/?id=5uXfsZJc5z3xx2iOpLh7CarKwd2Two8z\" width=\"700\" height=\"500\" \/><\/p>\n<p>Segundo as investiga\u00e7\u00f5es da Pol\u00edcia, J\u00fanior de Nereida e o suspeito Marcus Ulisses de Paulo trabalhavam juntos na extra\u00e7\u00e3o de madeira. Segundo a filha da v\u00edtima, depois do desaparecimento da v\u00edtima, Marcus Ulisses fingiu ser ele para enganar outras pessoas por telefone.\u00a0 aparelho celular de J\u00fanior de Nereida foi encontrado na casa do principal suspeito.<\/p>\n<p>Ainda de acordo com informa\u00e7\u00f5es da Pol\u00edcia Civil, Marcus Ulisses de Paulo j\u00e1 havia sido preso em julho de 2023, depois que o corpo da v\u00edtima foi encontrado. Por\u00e9m, como se tratava de uma pris\u00e3o tempor\u00e1ria, ao alcan\u00e7ar a condi\u00e7\u00e3o de liberdade provis\u00f3ria, fugiu para o Cear\u00e1.<\/p>\n<h2><span style=\"color: #000080;\"><strong>Corpo ocultado<\/strong><\/span><\/h2>\n<p>O corpo da v\u00edtima, um produtor rural de 60 anos, foi encontrado na manh\u00e3 do dia 13 de abril de 2023 por sua filha Nereida Martins, professora de hist\u00f3ria no Rio Grande do Norte, em uma cova rasa, pr\u00f3ximo a uma casa abandonada, no S\u00edtio Z\u00e9 Lino, uma propriedade da fam\u00edlia, localizada na zona rural do munic\u00edpio de Pianc\u00f3 (PB).<\/p>\n<p>O cad\u00e1ver estava enterrado de cabe\u00e7a para baixo, enrolado em uma rede e com vest\u00edgios de ter sido partido ao meio por serra el\u00e9trica. J\u00fanior de Nereida estava desaparecido desde agosto de 2022.<\/p>\n<p><img decoding=\"async\" class=\"size-medium aligncenter\" src=\"https:\/\/obeabadosertao.com.br\/filerun\/wl\/?id=cJkkJx8vJ5zvCh3pvXqF4Xwew1FNS8XJ\" width=\"700\" height=\"500\" \/><\/p>\n<p>O delegado respons\u00e1vel pelo caso, Ilamilton Simpl\u00edcio, afirmou que o suspeito foi indiciado por homic\u00eddio quadruplamente qualificado, oculta\u00e7\u00e3o de cad\u00e1ver e estelionato. Outro indiv\u00edduo tamb\u00e9m foi indiciado por oculta\u00e7\u00e3o de cad\u00e1ver e estelionato.<\/p>\n<p>\u201c<em>Ele foi indiciado por homic\u00eddio quadruplamente qualificado, oculta\u00e7\u00e3o de cad\u00e1ver e estelionato. Outro investigado tamb\u00e9m foi indiciado por oculta\u00e7\u00e3o e cad\u00e1ver e estelionato. O preso ser\u00e1 apresentado na audi\u00eancia de cust\u00f3dia ainda no estado do Cear\u00e1, e posteriormente recambiado para a Cadeia P\u00fablica de Itaporanga<\/em>\u201d, afirmou o delegado.<\/p>\n<p>As investiga\u00e7\u00f5es revelaram que o falso pastor atuava em uma igreja evang\u00e9lica de Farias Brito (CE) e utilizava sua posi\u00e7\u00e3o para cometer crimes.<\/p>\n<p>&nbsp;<\/p>\n<p>&nbsp;<\/p>\n<p>&nbsp;<\/p>\n<p><img decoding=\"async\" class=\"size-medium aligncenter\" src=\"https:\/\/obeabadosertao.com.br\/filerun\/wl\/?id=AuK2vKCjwKXmtWBzGNNpD2GN359EppUo\" width=\"700\" height=\"500\" \/><\/p>\n","protected":false},"excerpt":{"rendered":"<p>Tempo de leitura: 2 minutosSuspeito, atuando em igreja evang\u00e9lica do munic\u00edpio cearense de Farias Brito, foi detido ap\u00f3s investiga\u00e7\u00f5es da [&hellip;]<\/p>\n","protected":false},"author":1,"featured_media":20186,"comment_status":"open","ping_status":"open","sticky":false,"template":"","format":"standard","meta":[],"categories":[4,19,6],"tags":[24216,5057,24214,24210,2214,11845,24209,24217,24213,10806,24215,19645,24212,24211,24218,2522,530,1178,10329,602,24219],"amp_enabled":true,"_links":{"self":[{"href":"https:\/\/obeabadosertao.com.br\/portal\/wp-json\/wp\/v2\/posts\/20184"}],"collection":[{"href":"https:\/\/obeabadosertao.com.br\/portal\/wp-json\/wp\/v2\/posts"}],"about":[{"href":"https:\/\/obeabadosertao.com.br\/portal\/wp-json\/wp\/v2\/types\/post"}],"author":[{"embeddable":true,"href":"https:\/\/obeabadosertao.com.br\/portal\/wp-json\/wp\/v2\/users\/1"}],"replies":[{"embeddable":true,"href":"https:\/\/obeabadosertao.com.br\/portal\/wp-json\/wp\/v2\/comments?post=20184"}],"version-history":[{"count":3,"href":"https:\/\/obeabadosertao.com.br\/portal\/wp-json\/wp\/v2\/posts\/20184\/revisions"}],"predecessor-version":[{"id":20210,"href":"https:\/\/obeabadosertao.com.br\/portal\/wp-json\/wp\/v2\/posts\/20184\/revisions\/20210"}],"wp:featuredmedia":[{"embeddable":true,"href":"https:\/\/obeabadosertao.com.br\/portal\/wp-json\/wp\/v2\/media\/20186"}],"wp:attachment":[{"href":"https:\/\/obeabadosertao.com.br\/portal\/wp-json\/wp\/v2\/media?parent=20184"}],"wp:term":[{"taxonomy":"category","embeddable":true,"href":"https:\/\/obeabadosertao.com.br\/portal\/wp-json\/wp\/v2\/categories?post=20184"},{"taxonomy":"post_tag","embeddable":true,"href":"https:\/\/obeabadosertao.com.br\/portal\/wp-json\/wp\/v2\/tags?post=20184"}],"curies":[{"name":"wp","href":"https:\/\/api.w.org\/{rel}","templated":true}]}}