{"id":20282,"date":"2024-08-15T12:15:31","date_gmt":"2024-08-15T15:15:31","guid":{"rendered":"https:\/\/obeabadosertao.com.br\/portal\/?p=20282"},"modified":"2024-08-15T12:10:17","modified_gmt":"2024-08-15T15:10:17","slug":"galdino-nao-descarta-vaga-no-tce-pb-mas-mira-governo-do-estado-em-2026","status":"publish","type":"post","link":"https:\/\/obeabadosertao.com.br\/portal\/2024\/08\/15\/galdino-nao-descarta-vaga-no-tce-pb-mas-mira-governo-do-estado-em-2026\/","title":{"rendered":"Galdino n\u00e3o descarta vaga no TCE-PB mas mira Governo do Estado em 2026"},"content":{"rendered":"<div id=\"tt-temp-estim\">Tempo de leitura: 1 minuto<\/div><p>O deputado estadual Adriano Cezar Galdino de Ara\u00fajo (Republicanos), que atualmente preside a Assembleia Legislativa da Para\u00edba (ALPB), manifestou nesta quarta-feira (14Agosto2024) seu interesse em disputar uma vaga de conselheiro no Tribunal de Contas do Estado (TCE-PB).<\/p>\n<p><img fetchpriority=\"high\" decoding=\"async\" class=\"size-medium aligncenter\" src=\"https:\/\/obeabadosertao.com.br\/filerun\/wl\/?id=Dqe7RtCnblwuqGoZWh6rp29twSTYR7KD\" width=\"700\" height=\"500\" \/><\/p>\n<p>Em entrevista ao programa Correio Debate, da R\u00e1dio Correio 98 FM, Galdino revelou que suas ambi\u00e7\u00f5es pol\u00edticas n\u00e3o se limitam apenas \u00e0s elei\u00e7\u00f5es municipais de 2024, mas se estendem tamb\u00e9m para os pleitos futuros, como o Governo do Estado em 2026.<\/p>\n<p>O parlamentar, que tem desempenhado um papel estrat\u00e9gico nas elei\u00e7\u00f5es municipais, n\u00e3o esconde sua pretens\u00e3o de al\u00e7ar voos mais altos na pol\u00edtica paraibana.<\/p>\n<p><img decoding=\"async\" class=\"size-medium aligncenter\" src=\"https:\/\/obeabadosertao.com.br\/filerun\/wl\/?id=hmJ9FPrpzleIrT5XvFDnyw2dp5nYJFoo\" width=\"700\" height=\"500\" \/><\/p>\n<p>\u201c<em>Estou vivendo esse momento especial que s\u00e3o as elei\u00e7\u00f5es municipais, mas depois delas vamos analisar o quadro pol\u00edtico que se aproxima, que \u00e9 a elei\u00e7\u00e3o para governador, deputados e senadores<\/em>\u201d, pontuou Galdino, ressaltando que seu foco atual \u00e9 nas elei\u00e7\u00f5es deste ano, mas que j\u00e1 vislumbra o cen\u00e1rio para 2026.<\/p>\n<p>Al\u00e9m de considerar a possibilidade de disputar o Governo do Estado, Galdino destacou que h\u00e1 duas vagas no TCE-PB em aberto at\u00e9 2026, sendo uma ainda este ano e outra no pr\u00f3ximo.<\/p>\n<p><img decoding=\"async\" class=\"size-medium aligncenter\" src=\"https:\/\/obeabadosertao.com.br\/filerun\/wl\/?id=xXmXx84u3v2Yv6hMoIbtNYOyCCMZKCW4\" width=\"700\" height=\"500\" \/><\/p>\n<p>\u201c<em>Existe a possibilidade de eu estar no TCE, a possibilidade de estar na chapa majorit\u00e1ria. Tudo isso \u00e9 poss\u00edvel e estou trabalhando para isso<\/em>\u201d, afirmou, demonstrando que est\u00e1 preparado para explorar todas as oportunidades pol\u00edticas que surgirem no horizonte.<\/p>\n<p>Durante a conven\u00e7\u00e3o do Partido Republicanos, no munic\u00edpio de Pocinhos (PB), ele anunciou: \u201c<em>Eu quero dizer a voc\u00eas que no ano de 26 eu n\u00e3o vou estar aqui para pedir voto para deputado n\u00e3o, eu vou estar aqui para pedir voto de governador<\/em>\u201d.<\/p>\n<p>&nbsp;<\/p>\n<p>&nbsp;<\/p>\n<p>&nbsp;<\/p>\n<p><img loading=\"lazy\" decoding=\"async\" class=\"size-medium aligncenter\" src=\"https:\/\/obeabadosertao.com.br\/filerun\/wl\/?id=AuK2vKCjwKXmtWBzGNNpD2GN359EppUo\" width=\"700\" height=\"500\" \/><\/p>\n","protected":false},"excerpt":{"rendered":"<p>Tempo de leitura: 1 minutoO deputado estadual Adriano Cezar Galdino de Ara\u00fajo (Republicanos), que atualmente preside a Assembleia Legislativa da [&hellip;]<\/p>\n","protected":false},"author":1,"featured_media":20284,"comment_status":"open","ping_status":"open","sticky":false,"template":"","format":"standard","meta":[],"categories":[4,20,6],"tags":[7044,8696,218,823,10188,23330,3383,24548,14,1151,1239,5559],"amp_enabled":true,"_links":{"self":[{"href":"https:\/\/obeabadosertao.com.br\/portal\/wp-json\/wp\/v2\/posts\/20282"}],"collection":[{"href":"https:\/\/obeabadosertao.com.br\/portal\/wp-json\/wp\/v2\/posts"}],"about":[{"href":"https:\/\/obeabadosertao.com.br\/portal\/wp-json\/wp\/v2\/types\/post"}],"author":[{"embeddable":true,"href":"https:\/\/obeabadosertao.com.br\/portal\/wp-json\/wp\/v2\/users\/1"}],"replies":[{"embeddable":true,"href":"https:\/\/obeabadosertao.com.br\/portal\/wp-json\/wp\/v2\/comments?post=20282"}],"version-history":[{"count":1,"href":"https:\/\/obeabadosertao.com.br\/portal\/wp-json\/wp\/v2\/posts\/20282\/revisions"}],"predecessor-version":[{"id":20283,"href":"https:\/\/obeabadosertao.com.br\/portal\/wp-json\/wp\/v2\/posts\/20282\/revisions\/20283"}],"wp:featuredmedia":[{"embeddable":true,"href":"https:\/\/obeabadosertao.com.br\/portal\/wp-json\/wp\/v2\/media\/20284"}],"wp:attachment":[{"href":"https:\/\/obeabadosertao.com.br\/portal\/wp-json\/wp\/v2\/media?parent=20282"}],"wp:term":[{"taxonomy":"category","embeddable":true,"href":"https:\/\/obeabadosertao.com.br\/portal\/wp-json\/wp\/v2\/categories?post=20282"},{"taxonomy":"post_tag","embeddable":true,"href":"https:\/\/obeabadosertao.com.br\/portal\/wp-json\/wp\/v2\/tags?post=20282"}],"curies":[{"name":"wp","href":"https:\/\/api.w.org\/{rel}","templated":true}]}}