{"id":20285,"date":"2024-08-16T12:50:39","date_gmt":"2024-08-16T15:50:39","guid":{"rendered":"https:\/\/obeabadosertao.com.br\/portal\/?p=20285"},"modified":"2024-08-16T12:48:56","modified_gmt":"2024-08-16T15:48:56","slug":"caixa-preta-do-voepass-gravou-gritos-e-copiloto-sugerindo-dar-potencia-a-aeronave","status":"publish","type":"post","link":"https:\/\/obeabadosertao.com.br\/portal\/2024\/08\/16\/caixa-preta-do-voepass-gravou-gritos-e-copiloto-sugerindo-dar-potencia-a-aeronave\/","title":{"rendered":"Caixa-preta do Voepass gravou gritos e copiloto sugerindo \u2018dar pot\u00eancia\u2019 \u00e0 aeronave"},"content":{"rendered":"<div id=\"tt-temp-estim\">Tempo de leitura: 3 minutos<\/div><p>O gravador de voz da cabine do avi\u00e3o ATR-72 que caiu em Vinhedo (SP) na \u00faltima sexta-feira (09Agosto2024) registrou conversas do copiloto sobre \u201c<em>dar pot\u00eancia<\/em>\u201d \u00e0 aeronave minutos antes da queda, al\u00e9m de gritos na aeronave.<\/p>\n<p><img fetchpriority=\"high\" decoding=\"async\" class=\"size-medium aligncenter\" src=\"https:\/\/obeabadosertao.com.br\/filerun\/wl\/?id=Q3oTP1WCmNbNryWJJo5sRbCRLQrq2ERo\" width=\"700\" height=\"500\" \/><\/p>\n<p><img decoding=\"async\" class=\"size-medium aligncenter\" src=\"https:\/\/obeabadosertao.com.br\/filerun\/wl\/?id=IaxKGv5lPlsaHFpuwrYMULOva8s0xo1U\" width=\"700\" height=\"500\" \/><\/p>\n<p>O acidente provocou a morte de todos as 62 pessoas que estavam na aeronave operada pela Voepass, antiga Passaredo, incluindo os quatro tripulantes.<\/p>\n<p>As cerca de duas horas de transcri\u00e7\u00e3o foram feitas pelo laborat\u00f3rio de leitura e an\u00e1lise de dados do Centro de Investiga\u00e7\u00e3o e Preven\u00e7\u00e3o e Acidentes (Cenipa), vinculado \u00e0 For\u00e7a A\u00e9rea.<\/p>\n<p><img decoding=\"async\" class=\"size-medium aligncenter\" src=\"https:\/\/obeabadosertao.com.br\/filerun\/wl\/?id=s4Ynazv9z3w4FhBgfNEktq5h1prdoTqy\" width=\"700\" height=\"500\" \/><\/p>\n<p>Segundo os investigadores, a an\u00e1lise preliminar dos dados indica que o ATR 72-500 perdeu altitude de forma repetina. E que a an\u00e1lise do \u00e1udio da cabine, sozinha, n\u00e3o \u00e9 capaz de cravar uma causa aparente para a queda.<\/p>\n<h2><span style=\"color: #000080;\"><strong>Conversa do copiloto, gritos e estrondo<\/strong><\/span><\/h2>\n<p>A transcri\u00e7\u00e3o do \u00e1udio da caixa-preta mostra que, ao perceber que o avi\u00e3o estava perdendo sustenta\u00e7\u00e3o, o copiloto Humberto de Campos Alencar e Silva perguntou o que estava acontecendo.<\/p>\n<p><img loading=\"lazy\" decoding=\"async\" class=\"size-medium aligncenter\" src=\"https:\/\/obeabadosertao.com.br\/filerun\/wl\/?id=WyHjor82dRJqy1NRaG6k5GdCxi2h31Vq\" width=\"700\" height=\"500\" \/><\/p>\n<p>Disse que era preciso \u201c<em>dar pot\u00eancia<\/em>\u201d &#8211; uma tentativa de estabilizar a aeronave e impedir a queda. O que, infelizmente, n\u00e3o foi poss\u00edvel.<\/p>\n<p>Cerca de um minuto se passou entre a constata\u00e7\u00e3o da perda de altitude e o choque do avi\u00e3o contra o solo. Neste tempo, segundo os investigadores, o \u00e1udio registra que a tripula\u00e7\u00e3o tentou reagir.<\/p>\n<p><img loading=\"lazy\" decoding=\"async\" class=\"size-medium aligncenter\" src=\"https:\/\/obeabadosertao.com.br\/filerun\/wl\/?id=bXVNhik1rnZ1BBfAoBZt7j1QZ4frZ1yC\" width=\"700\" height=\"500\" \/><\/p>\n<p>A grava\u00e7\u00e3o \u00e9 finalizada com gritos e com o estrondo do choque da aeronave contra o ch\u00e3o.<\/p>\n<h2><span style=\"color: #000080;\"><strong>Causa ainda \u00e9 investigada<\/strong><\/span><\/h2>\n<p>O ATR 72-500 tem as h\u00e9lices da parte de cima da fuselagem, muito pr\u00f3ximas da cabine de comando.<\/p>\n<p><img loading=\"lazy\" decoding=\"async\" class=\"size-medium aligncenter\" src=\"https:\/\/obeabadosertao.com.br\/filerun\/wl\/?id=OJP1iOxS0JGPeMtRSqbRn8FTgwUkUee5\" width=\"700\" height=\"500\" \/><\/p>\n<p>O que, segundo investigadores, provocou muito barulho e aumentou a dificuldade para decifrar os di\u00e1logos gravados.<\/p>\n<p>Mesmo assim, em uma an\u00e1lise preliminar, o Cenipa n\u00e3o identificou sons caracter\u00edsticos de alertas que poderiam \u201c<em>guiar<\/em>\u201d a investiga\u00e7\u00e3o sobre as causas: o alarme de presen\u00e7a de fogo, de falha el\u00e9trica ou de pane no motor, por exemplo.<\/p>\n<p><img loading=\"lazy\" decoding=\"async\" class=\"size-medium aligncenter\" src=\"https:\/\/obeabadosertao.com.br\/filerun\/wl\/?id=wqoITvKwlAi5D1gSMrDTljuxp42Vy96d\" width=\"700\" height=\"500\" \/><\/p>\n<p>Os dados da caixa-preta, nessa primeira avalia\u00e7\u00e3o, ainda n\u00e3o permitem confirmar ou descartar a principal hip\u00f3tese levantada pelos especialistas nos \u00faltimos dias: a de que o avi\u00e3o teria ca\u00eddo em raz\u00e3o da forma\u00e7\u00e3o de gelo nas asas, seguida de uma perda de estabilidade (\u201c<em>estol<\/em>\u201d, no jarg\u00e3o).<\/p>\n<h2><span style=\"color: #000080;\"><strong>O piloto<\/strong><\/span><\/h2>\n<p>Danilo Santos Romano, de 35 anos, era o comandante do avi\u00e3o turbo\u00e9lice de passageiros, modelo ATR-72, que sofreu um tr\u00e1gico acidente nesta sexta-feira (09Agosto2024) em Vinhedo, S\u00e3o Paulo.<\/p>\n<p><img loading=\"lazy\" decoding=\"async\" class=\"size-medium aligncenter\" src=\"https:\/\/obeabadosertao.com.br\/filerun\/wl\/?id=OsxmIPPVnBoLDKWTRQziOiz37RqPM869\" width=\"700\" height=\"500\" \/><\/p>\n<p>Palmeirense roxo e considerado um excelente aviador, ele possu\u00eda mais de dez anos de experi\u00eancia na \u00e1rea, segundo informa\u00e7\u00f5es de seu perfil no LinkedIn.<\/p>\n<p>O comandante pilotava diversos tipos de aeronaves, incluindo modelos Airbus A320 e A330, e j\u00e1 havia operado em rotas internacionais.<\/p>\n<p><img loading=\"lazy\" decoding=\"async\" class=\"size-medium aligncenter\" src=\"https:\/\/obeabadosertao.com.br\/filerun\/wl\/?id=3tECad7ASokLFBpI6t3pwGievQxrgZ0R\" width=\"700\" height=\"500\" \/><\/p>\n<p>Sua dedica\u00e7\u00e3o \u00e0 profiss\u00e3o era not\u00e1vel, e ele era admirado por sua compet\u00eancia e profissionalismo.<\/p>\n<p><strong>Confira a descri\u00e7\u00e3o do piloto no LinkedIn:<\/strong><\/p>\n<p>&#8220;<em>Sou Comandante de ATR72 na VOEPASS Linhas A\u00e9reas, uma companhia a\u00e9rea regional brasileira que opera mais de 200 voos por dia para mais de 50 destinos. Com mais de 10 anos de experi\u00eancia na ind\u00fastria da avia\u00e7\u00e3o, j\u00e1 pilotei diversos tipos de aeronaves, incluindo Airbus A320\/A330, em rotas dom\u00e9sticas e internacionais.<\/em><\/p>\n<p><em>Minhas principais compet\u00eancias incluem avia\u00e7\u00e3o comercial, pilotagem e seguran\u00e7a de voo. Tenho bacharelado em Avia\u00e7\u00e3o Civil pela Universidade Anhembi Morumbi e possuo uma licen\u00e7a de Piloto de Linha A\u00e9rea emitida tanto pela FAA quanto pela ANAC. Tamb\u00e9m sou certificado pela CAE e pela Airbus para cursos recorrentes e atuais no A320. Como Comandante de ATR72, sou respons\u00e1vel pela seguran\u00e7a dos passageiros, carga e tripula\u00e7\u00e3o, bem como pela manuten\u00e7\u00e3o da aeronavegabilidade do avi\u00e3o, para proporcionar um voo seguro, eficiente e econ\u00f4mico. Sou apaixonado por avia\u00e7\u00e3o e comprometido em oferecer o melhor servi\u00e7o aos nossos clientes e parceiros<\/em>&#8220;.<\/p>\n<p><img decoding=\"async\" class=\"size-medium aligncenter\" src=\"https:\/\/obeabadosertao.com.br\/filerun\/wl\/?id=IaxKGv5lPlsaHFpuwrYMULOva8s0xo1U\" width=\"700\" height=\"500\" \/><\/p>\n<p><img loading=\"lazy\" decoding=\"async\" class=\"size-medium aligncenter\" src=\"https:\/\/obeabadosertao.com.br\/filerun\/wl\/?id=KFvvQlzFwxG6en2L1z5MxwLhbG2ENzIP\" width=\"700\" height=\"500\" \/><\/p>\n<p><img loading=\"lazy\" decoding=\"async\" class=\"size-medium aligncenter\" src=\"https:\/\/obeabadosertao.com.br\/filerun\/wl\/?id=GSkYANGNxxRb9qO2SUh7JiNsADZBWtP1\" width=\"700\" height=\"500\" \/><\/p>\n<p><img loading=\"lazy\" decoding=\"async\" class=\"size-medium aligncenter\" src=\"https:\/\/obeabadosertao.com.br\/filerun\/wl\/?id=UWBVtaZxdfDG6zROObllzdJGayqcmZ2g\" width=\"700\" height=\"500\" \/><\/p>\n<p>&nbsp;<\/p>\n<p>&nbsp;<\/p>\n<p>&nbsp;<\/p>\n<p><img loading=\"lazy\" decoding=\"async\" class=\"size-medium aligncenter\" src=\"https:\/\/obeabadosertao.com.br\/filerun\/wl\/?id=AuK2vKCjwKXmtWBzGNNpD2GN359EppUo\" width=\"700\" height=\"500\" \/><\/p>\n","protected":false},"excerpt":{"rendered":"<p>Tempo de leitura: 3 minutosO gravador de voz da cabine do avi\u00e3o ATR-72 que caiu em Vinhedo (SP) na \u00faltima [&hellip;]<\/p>\n","protected":false},"author":1,"featured_media":20287,"comment_status":"open","ping_status":"open","sticky":false,"template":"","format":"standard","meta":[],"categories":[4,19,6],"tags":[24557,24551,24549,24558,24553,24561,24556,24555,24570,24559,24562,24566,24564,24567,24552,24560,24554,24565,24569,24568,24563,24550],"amp_enabled":true,"_links":{"self":[{"href":"https:\/\/obeabadosertao.com.br\/portal\/wp-json\/wp\/v2\/posts\/20285"}],"collection":[{"href":"https:\/\/obeabadosertao.com.br\/portal\/wp-json\/wp\/v2\/posts"}],"about":[{"href":"https:\/\/obeabadosertao.com.br\/portal\/wp-json\/wp\/v2\/types\/post"}],"author":[{"embeddable":true,"href":"https:\/\/obeabadosertao.com.br\/portal\/wp-json\/wp\/v2\/users\/1"}],"replies":[{"embeddable":true,"href":"https:\/\/obeabadosertao.com.br\/portal\/wp-json\/wp\/v2\/comments?post=20285"}],"version-history":[{"count":1,"href":"https:\/\/obeabadosertao.com.br\/portal\/wp-json\/wp\/v2\/posts\/20285\/revisions"}],"predecessor-version":[{"id":20286,"href":"https:\/\/obeabadosertao.com.br\/portal\/wp-json\/wp\/v2\/posts\/20285\/revisions\/20286"}],"wp:featuredmedia":[{"embeddable":true,"href":"https:\/\/obeabadosertao.com.br\/portal\/wp-json\/wp\/v2\/media\/20287"}],"wp:attachment":[{"href":"https:\/\/obeabadosertao.com.br\/portal\/wp-json\/wp\/v2\/media?parent=20285"}],"wp:term":[{"taxonomy":"category","embeddable":true,"href":"https:\/\/obeabadosertao.com.br\/portal\/wp-json\/wp\/v2\/categories?post=20285"},{"taxonomy":"post_tag","embeddable":true,"href":"https:\/\/obeabadosertao.com.br\/portal\/wp-json\/wp\/v2\/tags?post=20285"}],"curies":[{"name":"wp","href":"https:\/\/api.w.org\/{rel}","templated":true}]}}