{"id":20343,"date":"2024-11-23T12:15:15","date_gmt":"2024-11-23T15:15:15","guid":{"rendered":"https:\/\/obeabadosertao.com.br\/portal\/?p=20343"},"modified":"2024-11-23T12:16:22","modified_gmt":"2024-11-23T15:16:22","slug":"ronaldo-fenomeno-pontua-que-quer-presidir-a-cbf","status":"publish","type":"post","link":"https:\/\/obeabadosertao.com.br\/portal\/2024\/11\/23\/ronaldo-fenomeno-pontua-que-quer-presidir-a-cbf\/","title":{"rendered":"Ronaldo Fen\u00f4meno pontua que quer presidir a CBF"},"content":{"rendered":"<div id=\"tt-temp-estim\">Tempo de leitura: 3 minutos<\/div><p>Ronaldo Luis Naz\u00e1rio de Lima, o Ronaldo Fen\u00f4meno, revelou nesta semana que tem o desejo de se tornar presidente da CBF (Confedera\u00e7\u00e3o Brasileira de Futebol) nas pr\u00f3ximas elei\u00e7\u00f5es.<\/p>\n<p>A informa\u00e7\u00e3o foi confirmada pelo ex-jogador de futebol nesta quinta-feira (21Novembro2024), durante um evento beneficente realizado em S\u00e3o Paulo.<\/p>\n<p>Em suas declara\u00e7\u00f5es, Ronaldo destacou estar &#8220;<em>extremamente preparado<\/em>&#8221; para assumir a presid\u00eancia da entidade, embora tenha deixado claro que ainda n\u00e3o est\u00e1 em campanha.<\/p>\n<p><img fetchpriority=\"high\" decoding=\"async\" class=\"size-medium aligncenter\" src=\"https:\/\/obeabadosertao.com.br\/filerun\/wl\/?id=xcKS9sTF5x4AyOQ2b4ajpYEnaT5GX3UU\" width=\"700\" height=\"500\" \/><\/p>\n<p>Apesar da vontade de Ronaldo, o ex-jogador ainda n\u00e3o est\u00e1 oficialmente em campanha, mas sua declara\u00e7\u00e3o gerou uma onda de apoio nas redes sociais, com muitos torcedores manifestando sua aprova\u00e7\u00e3o e at\u00e9 declarando voto em Ronaldo para a presid\u00eancia da CBF.<\/p>\n<p>Contudo, a elei\u00e7\u00e3o para a presid\u00eancia da CBF, que ocorrer\u00e1 em mar\u00e7o ou abril de 2025, \u00e9 um processo que envolve um n\u00famero restrito de pessoas, e o Fen\u00f4meno precisar\u00e1 do apoio de uma base de dirigentes para ter chances reais de sucesso.<\/p>\n<h2><strong><span style=\"color: #000080;\">Vota\u00e7\u00e3o \u00e9 interna<\/span><\/strong><\/h2>\n<p>A elei\u00e7\u00e3o n\u00e3o se d\u00e1 por voto popular, mas sim atrav\u00e9s de uma vota\u00e7\u00e3o interna entre presidentes de federa\u00e7\u00f5es estaduais e clubes de futebol.<\/p>\n<p>Para que Ronaldo ou qualquer outro candidato se apresente, \u00e9 necess\u00e1rio formar uma chapa, o que exige o apoio de pelo menos quatro presidentes de federa\u00e7\u00f5es estaduais e quatro clubes das S\u00e9ries A ou B.<\/p>\n<p><img decoding=\"async\" class=\"size-medium aligncenter\" src=\"https:\/\/obeabadosertao.com.br\/filerun\/wl\/?id=vlqa467R6RiRqtv4bmQn3w4JgZbpQKU5\" width=\"700\" height=\"500\" \/><\/p>\n<p>A decis\u00e3o sobre quem ser\u00e1 o pr\u00f3ximo presidente da CBF est\u00e1 nas m\u00e3os de um grupo restrito de cartolas. O sistema de vota\u00e7\u00e3o da CBF passou por altera\u00e7\u00f5es nas \u00faltimas d\u00e9cadas, o que deu aos clubes das S\u00e9ries A e B mais influ\u00eancia no processo eleitoral.<\/p>\n<p>Anteriormente, a Assembleia Geral Eleitoral era composta apenas pelas 27 federa\u00e7\u00f5es filiadas, mas nas elei\u00e7\u00f5es mais recentes, os 40 clubes das S\u00e9ries A e B tamb\u00e9m passaram a ter direito a voto.<\/p>\n<h2><span style=\"color: #000080;\"><strong>Sistema de pontos d\u00e1 pesos diferentes a cada votante<\/strong><\/span><\/h2>\n<p>O processo de vota\u00e7\u00e3o \u00e9 baseado em um sistema de pontos. Os votos das federa\u00e7\u00f5es estaduais t\u00eam peso 3 (totalizando 81 pontos), os votos dos clubes da S\u00e9rie A t\u00eam peso 2 (somando 40 pontos), e os votos dos clubes da S\u00e9rie B t\u00eam peso 1 (somando 20 pontos).<\/p>\n<p><img decoding=\"async\" class=\"size-medium aligncenter\" src=\"https:\/\/obeabadosertao.com.br\/filerun\/wl\/?id=AGuWJDzZRfDyfcL9vF1LPYMMp25akkQx\" width=\"700\" height=\"500\" \/><\/p>\n<p>Para ter uma ideia, se 24 das 27 federa\u00e7\u00f5es estaduais decidirem apoiar um candidato, ele atingiria 72 pontos, e a elei\u00e7\u00e3o estaria definida, j\u00e1 que a soma de todos os outros votos n\u00e3o ultrapassaria 69 pontos.<\/p>\n<p>Em geral, as elei\u00e7\u00f5es da CBF acontecem com chapa \u00fanica e vit\u00f3ria por aclama\u00e7\u00e3o, o que torna a disputa mais pol\u00edtica do que esportiva.<\/p>\n<h2><span style=\"color: #000080;\"><strong>Confirma\u00e7\u00e3o foi feita durante leil\u00e3o beneficente<\/strong><\/span><\/h2>\n<p>O ex-atacante Ronaldo Fen\u00f4meno confirmou seu desejo durante o leil\u00e3o beneficente da Funda\u00e7\u00e3o Fen\u00f4menos, em S\u00e3o Paulo, o empres\u00e1rio disse que est\u00e1 preparado para o cargo, mas pregou cautela sobre os pr\u00f3ximos passos.<\/p>\n<p>&#8220;<em>H\u00e1 muitos anos falo da minha ideia de um dia ser presidente da CBF. Isso n\u00e3o mudou, vamos aguardar o momento certo, estou extremamente preparado. Futebol brasileiro precisa de mudan\u00e7as grandes. N\u00e3o sou candidato, n\u00e3o tem elei\u00e7\u00e3o \u00e0 vista. \u00c9 s\u00f3 a minha vontade<\/em>&#8221; disse Ronaldo Fen\u00f4meno durante a zona mista de seu evento beneficente.<\/p>\n<p><img loading=\"lazy\" decoding=\"async\" class=\"size-medium aligncenter\" src=\"https:\/\/obeabadosertao.com.br\/filerun\/wl\/?id=iXFJVHhJHVUg6j22SCTHzsnNIlHLGozt\" width=\"700\" height=\"500\" \/><\/p>\n<p>Ainda durante o evento organizado pelo pr\u00f3prio Ronaldo e realizado no Clube Monte L\u00edbano, em S\u00e3o Paulo, o ex-atacante revelou que assumir a CBF \u00e9 o seu sonho, mas que isso tudo ainda \u00e9 algo distante. O empres\u00e1rio garantiu que, caso aconte\u00e7a, ele est\u00e1 preparado para o novo desafio.<\/p>\n<p>&#8220;<em>\u00c9 um sonho. Desde jogador, meus companheiros j\u00e1 me chamavam de presidente. \u00c9 uma coisa ainda distante, at\u00e9 porque a gente n\u00e3o sabe. A CBF vive uma instabilidade, n\u00e3o sabemos quando pode ser convocado uma elei\u00e7\u00e3o. Bom, eu vou aguardar, n\u00e3o vou especular absolutamente nada, mas de qualquer maneira, mais do que nunca, eu estou preparado para um eventual novo desafio<\/em>&#8221; &#8211; completou.<\/p>\n<h2><span style=\"color: #000080;\"><strong>Sal\u00e1rio do Presidente<\/strong><\/span><\/h2>\n<p>A dan\u00e7a das cadeiras na presid\u00eancia da Confedera\u00e7\u00e3o Brasileira de Futebol (CBF) envolve muito mais do que simplesmente um cargo de poder. Afinal, o presidente da entidade tem direito a um sal\u00e1rio bruto significativo: R$ 383,6 mil por m\u00eas.<\/p>\n<p><img loading=\"lazy\" decoding=\"async\" class=\"size-medium aligncenter\" src=\"https:\/\/obeabadosertao.com.br\/filerun\/wl\/?id=64tSamW52PEtFvsREKBecK1c1BpmKPwc\" width=\"700\" height=\"500\" \/><\/p>\n<p>Considerando o 13\u00ba sal\u00e1rio previsto na carteira de trabalho, o chefe da CBF recebe, de forma bruta, quase R$ 5 milh\u00f5es por ano.<\/p>\n<p>Os contratos de patroc\u00ednio s\u00e3o a maior fonte de receita da Confedera\u00e7\u00e3o Brasileira de Futebol (CBF). Em 2022, a entidade faturou mais de R$ 567 milh\u00f5es com os acordos comerciais, o que representa 53% do faturamento total (R$ 1,072 bilh\u00e3o).<\/p>\n<p>&nbsp;<\/p>\n<p>&nbsp;<\/p>\n<p>&nbsp;<\/p>\n<p><img loading=\"lazy\" decoding=\"async\" class=\"size-medium aligncenter\" src=\"https:\/\/obeabadosertao.com.br\/filerun\/wl\/?id=AuK2vKCjwKXmtWBzGNNpD2GN359EppUo\" width=\"700\" height=\"500\" \/><\/p>\n","protected":false},"excerpt":{"rendered":"<p>Tempo de leitura: 3 minutosRonaldo Luis Naz\u00e1rio de Lima, o Ronaldo Fen\u00f4meno, revelou nesta semana que tem o desejo de [&hellip;]<\/p>\n","protected":false},"author":1,"featured_media":20345,"comment_status":"open","ping_status":"open","sticky":false,"template":"","format":"standard","meta":[],"categories":[4,35,6],"tags":[24721,24720,97,24725,24719,24718,5815,24722,24717,24724,4735,24723,24716,4454,22519,1036],"amp_enabled":true,"_links":{"self":[{"href":"https:\/\/obeabadosertao.com.br\/portal\/wp-json\/wp\/v2\/posts\/20343"}],"collection":[{"href":"https:\/\/obeabadosertao.com.br\/portal\/wp-json\/wp\/v2\/posts"}],"about":[{"href":"https:\/\/obeabadosertao.com.br\/portal\/wp-json\/wp\/v2\/types\/post"}],"author":[{"embeddable":true,"href":"https:\/\/obeabadosertao.com.br\/portal\/wp-json\/wp\/v2\/users\/1"}],"replies":[{"embeddable":true,"href":"https:\/\/obeabadosertao.com.br\/portal\/wp-json\/wp\/v2\/comments?post=20343"}],"version-history":[{"count":4,"href":"https:\/\/obeabadosertao.com.br\/portal\/wp-json\/wp\/v2\/posts\/20343\/revisions"}],"predecessor-version":[{"id":20348,"href":"https:\/\/obeabadosertao.com.br\/portal\/wp-json\/wp\/v2\/posts\/20343\/revisions\/20348"}],"wp:featuredmedia":[{"embeddable":true,"href":"https:\/\/obeabadosertao.com.br\/portal\/wp-json\/wp\/v2\/media\/20345"}],"wp:attachment":[{"href":"https:\/\/obeabadosertao.com.br\/portal\/wp-json\/wp\/v2\/media?parent=20343"}],"wp:term":[{"taxonomy":"category","embeddable":true,"href":"https:\/\/obeabadosertao.com.br\/portal\/wp-json\/wp\/v2\/categories?post=20343"},{"taxonomy":"post_tag","embeddable":true,"href":"https:\/\/obeabadosertao.com.br\/portal\/wp-json\/wp\/v2\/tags?post=20343"}],"curies":[{"name":"wp","href":"https:\/\/api.w.org\/{rel}","templated":true}]}}