{"id":20372,"date":"2025-05-01T09:10:15","date_gmt":"2025-05-01T12:10:15","guid":{"rendered":"https:\/\/obeabadosertao.com.br\/portal\/?p=20372"},"modified":"2025-05-01T09:10:15","modified_gmt":"2025-05-01T12:10:15","slug":"apos-fraude-bilionaria-procurador-federal-e-nomeado-presidente-do-inss","status":"publish","type":"post","link":"https:\/\/obeabadosertao.com.br\/portal\/2025\/05\/01\/apos-fraude-bilionaria-procurador-federal-e-nomeado-presidente-do-inss\/","title":{"rendered":"Ap\u00f3s fraude bilion\u00e1ria Procurador Federal \u00e9 nomeado presidente do INSS"},"content":{"rendered":"<div id=\"tt-temp-estim\">Tempo de leitura: 3 minutos<\/div><h3><span style=\"color: #000080;\"><strong><em>Gilberto Waller J\u00fanior substitui Alessandro Ant\u00f4nio Stefanutto, que pediu demiss\u00e3o ap\u00f3s ser afastado pela Opera\u00e7\u00e3o Sem Desconto, que investiga descontos indevidos de aposentadorias e pens\u00f5es.<\/em><\/strong><\/span><\/h3>\n<p>&nbsp;<\/p>\n<p>O presidente Luiz In\u00e1cio Lula da Silva nomeou como novo presidente do Instituto Nacional do Seguro Social (INSS) o procurador federal Gilberto Waller J\u00fanior, corregedor da Procuradoria-Geral Federal, \u00f3rg\u00e3o da Advocacia-Geral da Uni\u00e3o (AGU).<\/p>\n<p><img fetchpriority=\"high\" decoding=\"async\" class=\"size-medium aligncenter\" src=\"https:\/\/obeabadosertao.com.br\/filerun\/wl\/?id=x595ASVajcsG12JAvUjh77WExo5Xrh8i\" width=\"700\" height=\"500\" \/><\/p>\n<p>Ele substitui Alessandro Ant\u00f4nio Stefanutto <strong>(<span style=\"color: #ff0000;\">Foto acima<\/span>)<\/strong>, tamb\u00e9m Procurador Federal da Procuradoria-Geral Federal (PGF), que pediu demiss\u00e3o ap\u00f3s ser afastado pela Opera\u00e7\u00e3o Sem Desconto, deflagrada pela Pol\u00edcia Federal na semana passada, que investiga fraudes bilion\u00e1rias em descontos de aposentadorias e pens\u00f5es (leia mais abaixo).<\/p>\n<p>Segundo nota oficial da Secretaria de Comunica\u00e7\u00e3o Social (Secom), a nomea\u00e7\u00e3o de Waller J\u00fanior foi determinada \u00e0 chefe substituta da Casa Civil, M\u00edriam Belchior, pelo presidente Lula.<\/p>\n<p><img decoding=\"async\" class=\"size-medium aligncenter\" src=\"https:\/\/obeabadosertao.com.br\/filerun\/wl\/?id=psbPoHukL0UDgRo2wObpSuA539rvnMqH\" width=\"700\" height=\"500\" \/><\/p>\n<p>O novo presidente do INSS \u00e9 bacharel em Ci\u00eancias Jur\u00eddicas e Sociais, com p\u00f3s-gradua\u00e7\u00e3o em Combate \u00e0 Corrup\u00e7\u00e3o e Lavagem de Dinheiro.<\/p>\n<p>Ele come\u00e7ou a carreira p\u00fablica como procurador do INSS em 1998, ocupou os cargos de corregedor-geral do instituto de 2001 a 2004 e subprocurador-geral de 2007 a 2008.<\/p>\n<p>No final da gest\u00e3o Dilma e durante o governo Michel Temer, atuou como ouvidor-geral da Controladoria-Geral da Uni\u00e3o (CGU).\u00a0Com a posse de Bolsonaro, em 2019, passou a atuar como corregedor da Procuradoria-Geral Federal, \u00f3rg\u00e3o da Advocacia-Geral da Uni\u00e3o (AGU).<\/p>\n<p><img decoding=\"async\" class=\"size-medium aligncenter\" src=\"https:\/\/obeabadosertao.com.br\/filerun\/wl\/?id=6pAGpkcYsAELFfALyEyZmxPaiNU04Fyp\" width=\"700\" height=\"500\" \/><\/p>\n<p>Quando esteve na CGU, Gilberto Waller J\u00fanior <strong>(<span style=\"color: #ff0000;\">Foto acima<\/span>)<\/strong> participava de decis\u00f5es para ampliar o acesso \u00e0 informa\u00e7\u00f5es de cidad\u00e3os que faziam pedidos via Lei de Acesso \u00e0 Informa\u00e7\u00e3o e chegou a ter embates internos com \u00f3rg\u00e3os que relutavam em cumprir as regras de transpar\u00eancia.<\/p>\n<p>Na sua gest\u00e3o, criou um sistema de abrir a qualquer cidad\u00e3o o direito de ter acesso a todas as decis\u00f5es tomadas pelos \u00f3rg\u00e3os do governo relacionadas a pedidos de informa\u00e7\u00e3o.<\/p>\n<p>O sistema em funcionamento at\u00e9 hoje permite a busca de pedidos negados ou concedidos pelo governo federal. Waller J\u00fanior dizia que a divulga\u00e7\u00e3o dos precedentes iria ajudar a administra\u00e7\u00e3o federal a n\u00e3o retroceder nas pol\u00edticas de transpar\u00eancia.<\/p>\n<h3><span style=\"color: #000080;\">Opera\u00e7\u00e3o Sem Desconto<\/span><\/h3>\n<p>A\u00a0Pol\u00edcia Federal\u00a0e a\u00a0Controladoria-Geral da Uni\u00e3o (CGU)\u00a0deflagaram na semana passada a Opera\u00e7\u00e3o Sem Desconto, que identificou um esquema fraudulento de dedu\u00e7\u00f5es indevidas em benef\u00edcios de aposentados e pensionistas do INSS.<\/p>\n<p><img loading=\"lazy\" decoding=\"async\" class=\"size-medium aligncenter\" src=\"https:\/\/obeabadosertao.com.br\/filerun\/wl\/?id=t487CEQb6GdCkQKiXe8CU4lGBkAOZkxd\" width=\"700\" height=\"500\" \/><\/p>\n<p>O valor estimado em cobran\u00e7as irregulares soma R$ 6,3 bilh\u00f5es entre 2019 e 2024, segundo a PF. Mas, se retroagir a data at\u00e9 2016, esse valor sobe para quase R$ 8 bilh\u00f5es referentes a descontos sem autoriza\u00e7\u00e3o.<\/p>\n<p>Ap\u00f3s den\u00fancias, aumento do n\u00famero de associa\u00e7\u00f5es e crescimento dos descontos, a CGU iniciou uma apura\u00e7\u00e3o do caso e entrevistou quase 1.300 aposentados que tiveram descontos em todo Pa\u00eds.\u00a0O resultado mostrou que 97,6% n\u00e3o tinham dado consentimento para a medida.<\/p>\n<p>Foram feitas auditorias em 29 entidades que tinham Acordos de Coopera\u00e7\u00e3o T\u00e9cnica (ACTs) com o INSS. A CGU identificou que as entidades n\u00e3o tinham estrutura operacional para prestar os servi\u00e7os que ofereciam aos benefici\u00e1rios.<\/p>\n<p><img loading=\"lazy\" decoding=\"async\" class=\"size-medium aligncenter\" src=\"https:\/\/obeabadosertao.com.br\/filerun\/wl\/?id=k1IpbC45Lsvccme5HR9K4xsO6hlZ1hVX\" width=\"700\" height=\"500\" \/><\/p>\n<p>A CGU tamb\u00e9m identificou que 70% das 29 entidades analisadas n\u00e3o entregaram a documenta\u00e7\u00e3o completa ao INSS, pontuou a CGU.<\/p>\n<p>Seis servidores p\u00fablicos foram afastados de suas fun\u00e7\u00f5es, como o diretor de Benef\u00edcios de Relacionamento com cidad\u00e3o, o procurador-geral junto ao INSS, o coordenador geral de Suporte ao Atendimento ao Cliente e o coordenador geral de Pagamentos e Benef\u00edcios.<\/p>\n<p>Inicialmente, o ent\u00e3o presidente do INSS, Alessandro Ant\u00f4nio Stefanutto, tamb\u00e9m havia sido afastado por decis\u00e3o judicial. Mas, ap\u00f3s press\u00e3o de Lula, o executivo pediu demiss\u00e3o.<\/p>\n<p><img loading=\"lazy\" decoding=\"async\" class=\"size-medium aligncenter\" src=\"https:\/\/obeabadosertao.com.br\/filerun\/wl\/?id=KE4JPPD0WKA0OQowoCJviZSof8HeQe9B\" width=\"700\" height=\"500\" \/><\/p>\n<p>A PF cumpriu 211 mandados judiciais de busca e apreens\u00e3o, ordens de sequestro de bens no valor de mais de R$ 1 bilh\u00e3o e seis mandados de pris\u00e3o tempor\u00e1ria no Distrito Federal e nos Estados de Alagoas, Amazonas, Cear\u00e1, Goi\u00e1s, Maranh\u00e3o, Mato Grosso do Sul, Minas Gerais, Paran\u00e1, Pernambuco, Rio Grande do Norte, Rio Grande do Sul, S\u00e3o Paulo e Sergipe.<\/p>\n<p>Foram apreendidos na opera\u00e7\u00e3o carros, joias e quadros, al\u00e9m de dinheiro em esp\u00e9cie de &#8220;<em>alto valor<\/em>&#8220;.<\/p>\n<p>&nbsp;<\/p>\n<p>&nbsp;<\/p>\n<p>&nbsp;<\/p>\n<p>&nbsp;<\/p>\n<p>&nbsp;<\/p>\n<p>&nbsp;<\/p>\n<p>&nbsp;<\/p>\n<p>&nbsp;<\/p>\n<p>&nbsp;<\/p>\n","protected":false},"excerpt":{"rendered":"<p>Tempo de leitura: 3 minutosGilberto Waller J\u00fanior substitui Alessandro Ant\u00f4nio Stefanutto, que pediu demiss\u00e3o ap\u00f3s ser afastado pela Opera\u00e7\u00e3o Sem [&hellip;]<\/p>\n","protected":false},"author":1,"featured_media":20374,"comment_status":"open","ping_status":"open","sticky":false,"template":"","format":"standard","meta":[],"categories":[48,4,6],"tags":[21794,24758,1995,5412,24777,7370,2180,3159,24783,3161,24782,287,24781,24778,4864,793,797,7857,3731,3732,3556,24780,24756,4863,4263,264,24779,521,1710,3464,1036,5549],"amp_enabled":true,"_links":{"self":[{"href":"https:\/\/obeabadosertao.com.br\/portal\/wp-json\/wp\/v2\/posts\/20372"}],"collection":[{"href":"https:\/\/obeabadosertao.com.br\/portal\/wp-json\/wp\/v2\/posts"}],"about":[{"href":"https:\/\/obeabadosertao.com.br\/portal\/wp-json\/wp\/v2\/types\/post"}],"author":[{"embeddable":true,"href":"https:\/\/obeabadosertao.com.br\/portal\/wp-json\/wp\/v2\/users\/1"}],"replies":[{"embeddable":true,"href":"https:\/\/obeabadosertao.com.br\/portal\/wp-json\/wp\/v2\/comments?post=20372"}],"version-history":[{"count":1,"href":"https:\/\/obeabadosertao.com.br\/portal\/wp-json\/wp\/v2\/posts\/20372\/revisions"}],"predecessor-version":[{"id":20373,"href":"https:\/\/obeabadosertao.com.br\/portal\/wp-json\/wp\/v2\/posts\/20372\/revisions\/20373"}],"wp:featuredmedia":[{"embeddable":true,"href":"https:\/\/obeabadosertao.com.br\/portal\/wp-json\/wp\/v2\/media\/20374"}],"wp:attachment":[{"href":"https:\/\/obeabadosertao.com.br\/portal\/wp-json\/wp\/v2\/media?parent=20372"}],"wp:term":[{"taxonomy":"category","embeddable":true,"href":"https:\/\/obeabadosertao.com.br\/portal\/wp-json\/wp\/v2\/categories?post=20372"},{"taxonomy":"post_tag","embeddable":true,"href":"https:\/\/obeabadosertao.com.br\/portal\/wp-json\/wp\/v2\/tags?post=20372"}],"curies":[{"name":"wp","href":"https:\/\/api.w.org\/{rel}","templated":true}]}}