{"id":3384,"date":"2010-04-20T00:00:00","date_gmt":"2010-04-21T00:00:00","guid":{"rendered":""},"modified":"2010-04-20T00:00:00","modified_gmt":"2010-04-20T00:00:00","slug":"PF-prende-paraibanos-com-26-quilos-de-pasta-de-cocaina","status":"publish","type":"post","link":"https:\/\/obeabadosertao.com.br\/portal\/2010\/04\/20\/PF-prende-paraibanos-com-26-quilos-de-pasta-de-cocaina\/","title":{"rendered":"PF prende paraibanos com 26 quilos de pasta de coca\u00edna"},"content":{"rendered":"<div id=\"tt-temp-estim\">Tempo de leitura: 3 minutos<\/div><p style=\"text-align: justify;\"><span style=\"font-size: small;\"><span style=\"font-family: Verdana;\"><br \/>\n<strong>Macei&oacute;(AL) &#8211;<\/strong> A Pol&iacute;cia Federal encontrou 26 quilos de pasta-base de coca&iacute;na dentro de um caminh&atilde;o na noite de ter&ccedil;a-feira(<span style=\"font-family: Arial;\">20Abril2010<\/span>), depois que uma den&uacute;ncia revelou que o ve&iacute;culo trazia a droga de Foz do Igua&ccedil;u, no estado do Paran&aacute;, para a capital alagoana.<\/p>\n<p>\nA informa&ccedil;&atilde;o da chegada do caminh&atilde;o a Alagoas foi repassada por Bras&iacute;lia e, com base nas caracter&iacute;sticas recebidas do autom&oacute;vel, os agentes federais montaram uma opera&ccedil;&atilde;o e conseguiram prender duas pessoas em flagrante delito pelo crime de tr&aacute;fico de entorpecentes. A abordagem policial aconteceu na Avenida Fernandes Lima.<\/p>\n<p>\nDe acordo com o delegado Maur&iacute;cio Coelho da Rocha, os acusados s&atilde;o o vereador Pedro Eul&acirc;mpio da Silva Filho, da cidade de S&atilde;o Bento, sert&atilde;o paraibano e o caminhoneiro E.F.A, que n&atilde;o teve o endere&ccedil;o revelado. O parlamentar seria o receptador da droga.<\/p>\n<p>\n&quot;<em>N&oacute;s identificamos o caminh&atilde;o e chegamos exatamente na hora do repasse. A novidade foi &agrave; exist&ecirc;ncia da figura do receptador, que seria o parlamentar da Para&iacute;ba<\/em>&quot;- relatou a autoridade policial. O vereador estava em um ve&iacute;culo modelo Gol.<\/p>\n<p>\nNa noite de ontem o delegado afirmou que n&atilde;o poderia apresentar maiores detalhes a respeito do caso porque as investiga&ccedil;&otilde;es continuam. &ldquo;<em>Novas pris&otilde;es podem ocorrer a qualquer momento<\/em>&rdquo;, informou.<\/p>\n<p><span style=\"color: rgb(0, 0, 128);\"><span style=\"font-size: large;\"><span style=\"font-family: Arial;\"><u><strong>Vistoria no caminh&atilde;o<\/strong><\/u><\/span><\/span><\/span><br \/>\nAo vistoriar o ve&iacute;culo a Pol&iacute;cia Federal descobriu que 10 kg de pasta-base de coca&iacute;na estavam dentro do caminh&atilde;o. E, j&aacute; na madrugada, numa revista mais minuciosa, mais 16 quilos da droga foram localizados num fundo falso dentro da cabine do autom&oacute;vel.<\/p>\n<p>\n&ldquo;<em>Ningu&eacute;m nos disse nada a respeito do restante da coca&iacute;na que estava escondida. Entretanto, &eacute; um procedimento normal n&oacute;s vasculharmos todos os poss&iacute;veis locais onde mais entorpecentes pode estar escondidos. Por isso, conseguimos encontrar mais 16 quilos<\/em>&rdquo;, detalhou delegado Daniel Cora&ccedil;a, chefe da Delegacia de Repress&atilde;o a Entorpecentes(<span style=\"font-family: Arial;\">DER<\/span>) da PF.<\/p>\n<p><span style=\"color: rgb(0, 0, 128);\"><span style=\"font-size: large;\"><span style=\"font-family: Arial;\"><u><strong>Mais coca&iacute;na escondida<\/strong><\/u><\/span><\/span><\/span><br \/>\nDepois da abordagem policial, o caminh&atilde;o e os acusados foram encaminhados &agrave; sede da Pol&iacute;cia Federal, no bairro do Jaragu&aacute;.<\/p>\n<p>\nOuvido por Daniel Cora&ccedil;a, o motorista confessou que trazia a coca&iacute;na para entregar ao vereador de S&atilde;o Bento. &ldquo;<em>Ele confirmou que o parlamentar venderia 10 quilos aqui em Macei&oacute; e os outros 16 seriam comercializados l&aacute; na Para&iacute;ba<\/em>&rdquo;, informou o delegado.<\/p>\n<p>\nJ&aacute; Pedro Eul&acirc;mpio da Silva Filho negou envolvimento no crime. &ldquo;<em>O vereador foi muito contradit&oacute;rio no seu depoimento. Ele negou participa&ccedil;&atilde;o no tr&aacute;fico de droga, entretanto, nossos agentes o flagraram recebendo um quilo embalado numa capa de banco. Quando questionado sobre o &lsquo;pacote&rsquo; que teria recebido em m&atilde;os, ele alegou que era uma &lsquo;encomenda&rsquo; que seria entregue pela sua pessoa a um amigo do motorista. Disse que iria apenas prestar um favor ao condutor do caminh&atilde;o, o que a gente sabe que n&atilde;o &eacute; verdade<\/em>&rdquo;, detalhou Daniel Cora&ccedil;a.<\/p>\n<p>\nO delegado tamb&eacute;m acrescentou que j&aacute; solicitou o pedido de transfer&ecirc;ncia dos acusados para o sistema prisional de Alagoas. &ldquo;<em>Eles ser&atilde;o indiciados pelo crime de tr&aacute;fico de drogas, previsto na Lei n&ordm; 11343\/06. Ser&atilde;o enquadrados no artigo 33, que explica que a pena pode variar entre 5 e 15 anos de pris&atilde;o<\/em>&rdquo;, explicou Cora&ccedil;a.<\/p>\n<p><span style=\"color: rgb(0, 0, 128);\"><span style=\"font-size: large;\"><span style=\"font-family: Arial;\"><u><strong>Hist&oacute;rico do vereador preso<\/strong><\/u><\/span><\/span><\/span><br \/>\nPedro Eul&acirc;mpio da Silva Filho est&aacute; no segundo mandato, &eacute; filho do ex-prefeito da cidade, Pedro Eul&acirc;mpio da Silva, e irm&atilde;o do deputado estadual M&aacute;rcio Roberto da Silva. Em 2002, o acusado foi presidente da C&acirc;mara de Vereadores.<\/p>\n<p>\n<\/span><\/span><span style=\"color: rgb(0, 0, 128);\"><strong><em>* Com gazetaweb.<\/em><\/strong><\/span><\/p>\n","protected":false},"excerpt":{"rendered":"<p>Apreendida, pasta de coca\u00edna foi pesada na sede da Pol\u00edcia Federal, no bairro do Jaragu\u00e1 em Macei\u00f3(AL).<\/p>\n","protected":false},"author":1,"featured_media":0,"comment_status":"open","ping_status":"","sticky":false,"template":"","format":"standard","meta":[],"categories":[19],"tags":[],"amp_enabled":true,"_links":{"self":[{"href":"https:\/\/obeabadosertao.com.br\/portal\/wp-json\/wp\/v2\/posts\/3384"}],"collection":[{"href":"https:\/\/obeabadosertao.com.br\/portal\/wp-json\/wp\/v2\/posts"}],"about":[{"href":"https:\/\/obeabadosertao.com.br\/portal\/wp-json\/wp\/v2\/types\/post"}],"author":[{"embeddable":true,"href":"https:\/\/obeabadosertao.com.br\/portal\/wp-json\/wp\/v2\/users\/1"}],"replies":[{"embeddable":true,"href":"https:\/\/obeabadosertao.com.br\/portal\/wp-json\/wp\/v2\/comments?post=3384"}],"version-history":[{"count":0,"href":"https:\/\/obeabadosertao.com.br\/portal\/wp-json\/wp\/v2\/posts\/3384\/revisions"}],"wp:attachment":[{"href":"https:\/\/obeabadosertao.com.br\/portal\/wp-json\/wp\/v2\/media?parent=3384"}],"wp:term":[{"taxonomy":"category","embeddable":true,"href":"https:\/\/obeabadosertao.com.br\/portal\/wp-json\/wp\/v2\/categories?post=3384"},{"taxonomy":"post_tag","embeddable":true,"href":"https:\/\/obeabadosertao.com.br\/portal\/wp-json\/wp\/v2\/tags?post=3384"}],"curies":[{"name":"wp","href":"https:\/\/api.w.org\/{rel}","templated":true}]}}