{"id":352,"date":"-0001-11-30T00:00:00","date_gmt":"2004-05-01T00:00:00","guid":{"rendered":""},"modified":"-0001-11-30T00:00:00","modified_gmt":"-0001-11-30T03:00:00","slug":"Familia-Ferreira-mantem-tradicao-religiosa","status":"publish","type":"post","link":"https:\/\/obeabadosertao.com.br\/portal\/0000\/00\/00\/Familia-Ferreira-mantem-tradicao-religiosa\/","title":{"rendered":"Fam\u00edlia Ferreira mant\u00e9m tradi\u00e7\u00e3o religiosa"},"content":{"rendered":"<div id=\"tt-temp-estim\">Tempo de leitura: 2 minutos<\/div><p><P class=MsoNormal style=\"MARGIN: 0cm 0cm 0pt; TEXT-ALIGN: justify\"><SPAN style=\"FONT-SIZE: 10pt; FONT-FAMILY: Verdana\"><STRONG>Da reda\u00e7\u00e3o do B\u00ea-\u00e0-b\u00e1 do Sert\u00e3o<?xml:namespace prefix = o ns = \"urn:schemas-microsoft-com:office:office\" \/><o:p><\/o:p><\/STRONG><\/SPAN><\/P><br \/>\n<P class=MsoNormal style=\"MARGIN: 0cm 0cm 0pt; TEXT-ALIGN: justify\"><SPAN style=\"FONT-SIZE: 10pt; FONT-FAMILY: Verdana\">&nbsp;<BR><STRONG>Aparecida(PB)<\/STRONG> &#8211; Mantendo a tradi\u00e7\u00e3o religiosa iniciada h\u00e1 mais de 50 anos, integrantes da tradicional fam\u00edlia Ferreira estiveram participando solenemente no \u00faltimo s\u00e1bado(22Maio2004), juntamente com amigos, da celebra\u00e7\u00e3o do Sagrado Cora\u00e7\u00e3o de Jesus.<o:p><\/o:p><\/SPAN><\/P><br \/>\n<P class=MsoNormal style=\"MARGIN: 0cm 0cm 0pt; TEXT-ALIGN: justify\"><SPAN style=\"FONT-SIZE: 10pt; FONT-FAMILY: Verdana\"><o:p>&nbsp;<\/o:p><\/SPAN><\/P><br \/>\n<P class=MsoNormal style=\"MARGIN: 0cm 0cm 0pt; TEXT-ALIGN: justify\"><SPAN style=\"FONT-SIZE: 10pt; FONT-FAMILY: Verdana\">O evento iniciado pelo patriarca da fam\u00edlia o comerciante Agustinho Ferreira da Silva, foi conduzido pelo seminarista Jos\u00e9 Marcos Ferreira de Queiroga, neto de Seu Agostinho, reuniu fi\u00e9is e devotos cat\u00f3licos na residencia do falecido devoto, estando presentes filhos, genros, noras e netos.<o:p><\/o:p><\/SPAN><\/P><br \/>\n<P class=MsoNormal style=\"MARGIN: 0cm 0cm 0pt; TEXT-ALIGN: justify\"><SPAN style=\"FONT-SIZE: 10pt; FONT-FAMILY: Verdana\"><o:p>&nbsp;<\/o:p><\/SPAN><\/P><br \/>\n<P class=MsoNormal style=\"MARGIN: 0cm 0cm 0pt; TEXT-ALIGN: justify\"><SPAN style=\"FONT-SIZE: 10pt; FONT-FAMILY: Verdana\">Casado com a senhora Maria Nonato da Silva, Seu Agostinho gerou 19 filhos, sendo vivos Jos\u00e9 Ferreira da Silva, Francisco Ferreira da Silva, Estelita Ferreira da Silva, Manuel Ferreira da Silva, Francisco Ferreira da Silva, Estelina Ferreira da Silva, Francisco das Chagas Ferreira da Silva, Agustinho Ferreira da Silva Filho, Ant\u00f4nio Ferreira da Silva, Jo\u00e3o Ferreira da Silva, Ant\u00f4nio Lisboa Ferreira da Silva, Paulo Ferreira da Silva, Pedro Ferreira da Silva, Estenilde Ferreira da Silva, Estenilva Ferreira da Silva e Maria do Carmo Ferreira da Silva.<o:p><\/o:p><\/SPAN><\/P><br \/>\n<P class=MsoNormal style=\"MARGIN: 0cm 0cm 0pt; TEXT-ALIGN: justify\"><SPAN style=\"FONT-SIZE: 10pt; FONT-FAMILY: Verdana\"><o:p>&nbsp;<\/o:p><\/SPAN><\/P><br \/>\n<P class=MsoNormal style=\"MARGIN: 0cm 0cm 0pt; TEXT-ALIGN: justify\"><SPAN style=\"FONT-SIZE: 10pt; FONT-FAMILY: Verdana\">Durante a cerim\u00f4nia foi lembrada a vida religiosa e familiar de Seu Agustinho, bem como dos filhos do casal que faleceram: Estenilza, Jo\u00e3o, Estenilda e Francisco Cordeiro Ferreira da Silva, este \u00faltimo m\u00e9dico e ex-Prefeito de Itamb\u00e9, falecido em tr\u00e1gico acidente automobil\u00edstico, no exerc\u00edcio do cargo.Em sua vers\u00e3o 2004, a celebra\u00e7\u00e3o foi prestigiada por representantes de todos os segmentos da classe pol\u00edtica, bem como por lideran\u00e7as e pessoas da sociedade aparecidense.<o:p><\/o:p><\/SPAN><\/P><br \/>\n<P class=MsoNormal style=\"MARGIN: 0cm 0cm 0pt; TEXT-ALIGN: justify\"><SPAN style=\"FONT-SIZE: 10pt; FONT-FAMILY: Verdana\"><o:p>&nbsp;<\/o:p><\/SPAN><\/P><br \/>\n<P class=MsoNormal style=\"MARGIN: 0cm 0cm 0pt; TEXT-ALIGN: justify\"><SPAN style=\"FONT-SIZE: 10pt; FONT-FAMILY: Verdana\">Um texto escrito pelo Padre Dagmar Nobre de Almeida, vig\u00e1rio da Par\u00f3quia do Bom Jesus Eucar\u00edstico Aparecido de Sousa, no Livro de Tombo da citada par\u00f3quia, foi publicado no Jornal O Norte, de circula\u00e7\u00e3o estadual, registrando o importante escrito.<o:p><\/o:p><\/SPAN><\/P><br \/>\n<P class=MsoNormal style=\"MARGIN: 0cm 0cm 0pt; TEXT-ALIGN: justify\"><SPAN style=\"FONT-SIZE: 10pt; FONT-FAMILY: Verdana\"><o:p>&nbsp;<\/o:p><\/SPAN><\/P><br \/>\n<P class=MsoNormal style=\"MARGIN: 0cm 0cm 0pt; TEXT-ALIGN: justify\"><SPAN style=\"FONT-SIZE: 10pt; FONT-FAMILY: Verdana\">Confira abaixa, na \u00edntegra, o texto que relata detalhes que ficaram gravados na mem\u00f3ria do vig\u00e1rio, sobre a figura humana que foi Seu Agustinho e ao final confira as imagens do prestigiado encontro s\u00f3cio-religioso realizado na cidade de Aparecida, onde tudo come\u00e7ou.<\/SPAN><\/P><br \/>\n<P class=MsoNormal style=\"MARGIN: 0cm 0cm 0pt; TEXT-ALIGN: justify\"><SPAN style=\"FONT-SIZE: 10pt; FONT-FAMILY: Verdana\"><o:p><\/o:p><\/SPAN>&nbsp;<\/P><br \/>\n<P class=MsoNormal style=\"MARGIN: 0cm 0cm 0pt; TEXT-ALIGN: justify\"><SPAN style=\"FONT-SIZE: 10pt; FONT-FAMILY: Verdana\"><BR><BR><STRONG>&#8220;<U>Livro de Tombo da Par\u00f3quia do Bom Jesus Eucar\u00edstico Aparecido de Sousa\/PB<\/U>.<BR><BR><\/STRONG>Agostinho Ferreira da Silva, nasceu aos 07 dias do m\u00eas de agosto de 1903 e faleceu<BR>aos 27 dias do m\u00eas de janeiro de 2002. Gerou com sua querida esposa Maria, 19 filhos, 34 netos e 08 bisnetos. Foi um dos maiores e melhores homens que conheci na face da terra. Era para sua esposa fiel ao extremo, portanto, homem de uma s\u00f3 mulher. Conselheiro n\u00e3o s\u00f3 para os seus filhos, mas para todos que lhe cercavam.<o:p><\/o:p><\/SPAN><\/P><br \/>\n<P class=MsoNormal style=\"MARGIN: 0cm 0cm 0pt; TEXT-ALIGN: justify\"><SPAN style=\"FONT-SIZE: 10pt; FONT-FAMILY: Verdana\"><o:p>&nbsp;<\/o:p><\/SPAN><\/P><br \/>\n<P class=MsoNormal style=\"MARGIN: 0cm 0cm 0pt; TEXT-ALIGN: justify\"><SPAN style=\"FONT-SIZE: 10pt; FONT-FAMILY: Verdana\">Agostinho assistia e participava piedosamente da Santa Missa Dominical. Agostinho rezava o ter\u00e7o e o ros\u00e1rio de Nossa Senhora todos os dias. Agostinho gostava muito que algu\u00e9m se sentasse \u00e0 mesa das refei\u00e7\u00f5es e servia a cada um. Agostinho era hospedeiro farto e permanente aos sacerdotes. O padre era tudo na vida para ele.Lutou para que alguns de seus filhos fosse padre, mas nenhum chegou a se ordenar.<o:p><\/o:p><\/SPAN><\/P><br \/>\n<P class=MsoNormal style=\"MARGIN: 0cm 0cm 0pt; TEXT-ALIGN: justify\"><SPAN style=\"FONT-SIZE: 10pt; FONT-FAMILY: Verdana\"><o:p>&nbsp;<\/o:p><\/SPAN><\/P><br \/>\n<P class=MsoNormal style=\"MARGIN: 0cm 0cm 0pt; TEXT-ALIGN: justify\"><SPAN style=\"FONT-SIZE: 10pt; FONT-FAMILY: Verdana\">Fez tudo para forma\u00e7\u00e3o Religiosa e Cultural de seus filhos, apesar de saber apenas assinar o seu nome. Agostinho era devot\u00edssimo do Sagrado Cora\u00e7\u00e3o de Jesus e <SPAN style=\"mso-spacerun: yes\">&nbsp;<\/SPAN>H\u00e1 mais de 50 anos ap\u00f3s a entroniza\u00e7\u00e3o do quadro do mesmo Cora\u00e7\u00e3o &#8211; ele fazia solenemente a renova\u00e7\u00e3o desta devo\u00e7\u00e3o, esta devo\u00e7\u00e3o era infalivelmente no dia ou noite do dia 26 de maio.<\/SPAN><\/P><br \/>\n<P class=MsoNormal style=\"MARGIN: 0cm 0cm 0pt; TEXT-ALIGN: justify\"><SPAN style=\"FONT-SIZE: 10pt; FONT-FAMILY: Verdana\"><\/SPAN>&nbsp;<\/P><br \/>\n<P class=MsoNormal style=\"MARGIN: 0cm 0cm 0pt; TEXT-ALIGN: justify\">&lt;SPAN style=&#8221;FONT-SIZE: 10pt; FONT-FAMILY: Verdan <\/P><\/p>\n","protected":false},"excerpt":{"rendered":"<p>Celebra\u00e7\u00e3o do Sagrado Cora\u00e7\u00e3o de Jesus foi marcada por ora\u00e7\u00f5es.<\/p>\n","protected":false},"author":1,"featured_media":0,"comment_status":"open","ping_status":"","sticky":false,"template":"","format":"standard","meta":[],"categories":[28],"tags":[],"amp_enabled":true,"_links":{"self":[{"href":"https:\/\/obeabadosertao.com.br\/portal\/wp-json\/wp\/v2\/posts\/352"}],"collection":[{"href":"https:\/\/obeabadosertao.com.br\/portal\/wp-json\/wp\/v2\/posts"}],"about":[{"href":"https:\/\/obeabadosertao.com.br\/portal\/wp-json\/wp\/v2\/types\/post"}],"author":[{"embeddable":true,"href":"https:\/\/obeabadosertao.com.br\/portal\/wp-json\/wp\/v2\/users\/1"}],"replies":[{"embeddable":true,"href":"https:\/\/obeabadosertao.com.br\/portal\/wp-json\/wp\/v2\/comments?post=352"}],"version-history":[{"count":0,"href":"https:\/\/obeabadosertao.com.br\/portal\/wp-json\/wp\/v2\/posts\/352\/revisions"}],"wp:attachment":[{"href":"https:\/\/obeabadosertao.com.br\/portal\/wp-json\/wp\/v2\/media?parent=352"}],"wp:term":[{"taxonomy":"category","embeddable":true,"href":"https:\/\/obeabadosertao.com.br\/portal\/wp-json\/wp\/v2\/categories?post=352"},{"taxonomy":"post_tag","embeddable":true,"href":"https:\/\/obeabadosertao.com.br\/portal\/wp-json\/wp\/v2\/tags?post=352"}],"curies":[{"name":"wp","href":"https:\/\/api.w.org\/{rel}","templated":true}]}}